{"id":18509,"date":"2023-09-08T20:17:46","date_gmt":"2023-09-09T02:17:46","guid":{"rendered":"https:\/\/contextoanalisisperiodistico.com\/?p=18509"},"modified":"2023-09-08T20:18:16","modified_gmt":"2023-09-09T02:18:16","slug":"llegan-buenas-noticias-a-san-pablo-macuiltianguis-anuncia-salomon-jara-inversion-de-6-mdp","status":"publish","type":"post","link":"https:\/\/contextoanalisisperiodistico.com\/index.php\/2023\/09\/08\/llegan-buenas-noticias-a-san-pablo-macuiltianguis-anuncia-salomon-jara-inversion-de-6-mdp\/","title":{"rendered":"<em>Llegan buenas noticias a San Pablo Macuiltianguis; anuncia Salom\u00f3n Jara inversi\u00f3n de 6 mdp<\/em>"},"content":{"rendered":"<div id=\"fb-root\"><\/div>\n\n<p>\u2022 El Jefe del Ejecutivo estatal dio a conocer esta inversi\u00f3n contemplada en la estrategia de gobierno Trabajo que Transforma tu Municipio<\/p>\n\n\n\n<figure class=\"wp-block-image size-large\"><img fetchpriority=\"high\" decoding=\"async\" width=\"1024\" height=\"682\" src=\"https:\/\/contextoanalisisperiodistico.com\/wp-content\/uploads\/2023\/09\/img-20230908-wa0132332358005537878006-1024x682.jpg\" alt=\"\" class=\"wp-image-18513\" srcset=\"https:\/\/contextoanalisisperiodistico.com\/wp-content\/uploads\/2023\/09\/img-20230908-wa0132332358005537878006-1024x682.jpg 1024w, https:\/\/contextoanalisisperiodistico.com\/wp-content\/uploads\/2023\/09\/img-20230908-wa0132332358005537878006-300x200.jpg 300w, https:\/\/contextoanalisisperiodistico.com\/wp-content\/uploads\/2023\/09\/img-20230908-wa0132332358005537878006-768x512.jpg 768w, https:\/\/contextoanalisisperiodistico.com\/wp-content\/uploads\/2023\/09\/img-20230908-wa0132332358005537878006-1536x1023.jpg 1536w, https:\/\/contextoanalisisperiodistico.com\/wp-content\/uploads\/2023\/09\/img-20230908-wa0132332358005537878006.jpg 1600w\" sizes=\"(max-width: 1024px) 100vw, 1024px\" \/><\/figure>\n\n\n\n<figure class=\"wp-block-image\"><img decoding=\"async\" width=\"1024\" height=\"682\" src=\"https:\/\/contextoanalisisperiodistico.com\/wp-content\/uploads\/2023\/09\/img-20230908-wa0135974226351623203939-1024x682.jpg\" alt=\"\" class=\"wp-image-18514\" srcset=\"https:\/\/contextoanalisisperiodistico.com\/wp-content\/uploads\/2023\/09\/img-20230908-wa0135974226351623203939-1024x682.jpg 1024w, https:\/\/contextoanalisisperiodistico.com\/wp-content\/uploads\/2023\/09\/img-20230908-wa0135974226351623203939-300x200.jpg 300w, https:\/\/contextoanalisisperiodistico.com\/wp-content\/uploads\/2023\/09\/img-20230908-wa0135974226351623203939-768x512.jpg 768w, https:\/\/contextoanalisisperiodistico.com\/wp-content\/uploads\/2023\/09\/img-20230908-wa0135974226351623203939-1536x1023.jpg 1536w, https:\/\/contextoanalisisperiodistico.com\/wp-content\/uploads\/2023\/09\/img-20230908-wa0135974226351623203939.jpg 1600w\" sizes=\"(max-width: 1024px) 100vw, 1024px\" \/><\/figure>\n\n\n\n<figure class=\"wp-block-image\"><img decoding=\"async\" width=\"1024\" height=\"682\" src=\"https:\/\/contextoanalisisperiodistico.com\/wp-content\/uploads\/2023\/09\/img-20230908-wa01315679775775367149852-1024x682.jpg\" alt=\"\" class=\"wp-image-18515\" srcset=\"https:\/\/contextoanalisisperiodistico.com\/wp-content\/uploads\/2023\/09\/img-20230908-wa01315679775775367149852-1024x682.jpg 1024w, https:\/\/contextoanalisisperiodistico.com\/wp-content\/uploads\/2023\/09\/img-20230908-wa01315679775775367149852-300x200.jpg 300w, https:\/\/contextoanalisisperiodistico.com\/wp-content\/uploads\/2023\/09\/img-20230908-wa01315679775775367149852-768x512.jpg 768w, https:\/\/contextoanalisisperiodistico.com\/wp-content\/uploads\/2023\/09\/img-20230908-wa01315679775775367149852-1536x1023.jpg 1536w, https:\/\/contextoanalisisperiodistico.com\/wp-content\/uploads\/2023\/09\/img-20230908-wa01315679775775367149852.jpg 1600w\" sizes=\"(max-width: 1024px) 100vw, 1024px\" \/><\/figure>\n\n\n\n<figure class=\"wp-block-image\"><img loading=\"lazy\" decoding=\"async\" width=\"1024\" height=\"682\" src=\"https:\/\/contextoanalisisperiodistico.com\/wp-content\/uploads\/2023\/09\/img-20230908-wa01304017133179973124451-1024x682.jpg\" alt=\"\" class=\"wp-image-18512\" srcset=\"https:\/\/contextoanalisisperiodistico.com\/wp-content\/uploads\/2023\/09\/img-20230908-wa01304017133179973124451-1024x682.jpg 1024w, https:\/\/contextoanalisisperiodistico.com\/wp-content\/uploads\/2023\/09\/img-20230908-wa01304017133179973124451-300x200.jpg 300w, https:\/\/contextoanalisisperiodistico.com\/wp-content\/uploads\/2023\/09\/img-20230908-wa01304017133179973124451-768x512.jpg 768w, https:\/\/contextoanalisisperiodistico.com\/wp-content\/uploads\/2023\/09\/img-20230908-wa01304017133179973124451-1536x1023.jpg 1536w, https:\/\/contextoanalisisperiodistico.com\/wp-content\/uploads\/2023\/09\/img-20230908-wa01304017133179973124451.jpg 1600w\" sizes=\"(max-width: 1024px) 100vw, 1024px\" \/><\/figure>\n\n\n\n<p>San Pablo Macuiltianguis, Oax., 8 de septiembre de 2023.- Frente a habitantes de esta poblaci\u00f3n enclavada en la Sierra de Ju\u00e1rez, el Gobernador del Estado Salom\u00f3n Jara Cruz anunci\u00f3 la aplicaci\u00f3n de recursos econ\u00f3micos para mejorar los servicios de esta municipalidad.<\/p>\n\n\n\n<p>Con una inversi\u00f3n de 6 millones 739 mil pesos en este ejercicio fiscal, la administraci\u00f3n estatal ratific\u00f3 su compromiso de implementar acciones para reparar la deuda hist\u00f3rica con este pueblo.<\/p>\n\n\n\n<p>Con la asistencia del edil Humberto Garc\u00eda Garc\u00eda, el Mandatario Estatal explic\u00f3 que como parte de la estrategia Trabajo que Transforma tu Municipio y para garantizar el abasto de medicamentos a la poblaci\u00f3n, los Servicios de Salud de Oaxaca (SSO) destinar\u00e1n 406 mil pesos para fortalecer la operatividad de sus centros de salud.<\/p>\n\n\n\n<p>Para mejorar la conectividad carretera, la Direcci\u00f3n de Caminos Bienestar (Cabien), en una primera etapa, invertir\u00e1 5 millones de pesos para atender la rehabilitaci\u00f3n de la carretera que entronca con la v\u00eda Oaxaca \u2013 Tuxtepec.<\/p>\n\n\n\n<p>En tanto, el Instituto Oaxaque\u00f1o Constructor de Infraestructura Educativa (Iocied), aplicar\u00e1 99 mil 827 pesos para el equipamiento de la Escuela Secundaria T\u00e9cnica n\u00famero 31.<\/p>\n\n\n\n<p>La Secretar\u00eda de Finanzas (Sefin) dio a conocer que han sido depositada a las arcas municipales la cantidad de 53 mil 583 pesos correspondientes al Fondo Compensatorio.<\/p>\n\n\n\n<p>En cumplimiento a la indicaci\u00f3n de trabajar por conservar los recursos naturales de la localidad, la Comisi\u00f3n Estatal Forestal (Coesfo) trabaja de manera coordinada con las autoridades municipales para aplicar un biol\u00f3gico que haga frente a la proliferaci\u00f3n de insectos defoliadores.<\/p>\n\n\n\n<p><\/p>\n","protected":false},"excerpt":{"rendered":"<p>\u2022 El Jefe del Ejecutivo estatal dio a conocer esta inversi\u00f3n contemplada en la estrategia&#8230;<\/p>\n","protected":false},"author":4,"featured_media":18511,"comment_status":"closed","ping_status":"open","sticky":false,"template":"","format":"standard","meta":{"footnotes":""},"categories":[9],"tags":[],"jetpack_sharing_enabled":true,"featured_image_urls":{"full":["https:\/\/contextoanalisisperiodistico.com\/wp-content\/uploads\/2023\/09\/IMG-20230908-WA0128.jpg",1600,1066,false],"thumbnail":["https:\/\/contextoanalisisperiodistico.com\/wp-content\/uploads\/2023\/09\/IMG-20230908-WA0128-150x150.jpg",150,150,true],"medium":["https:\/\/contextoanalisisperiodistico.com\/wp-content\/uploads\/2023\/09\/IMG-20230908-WA0128-300x200.jpg",300,200,true],"medium_large":["https:\/\/contextoanalisisperiodistico.com\/wp-content\/uploads\/2023\/09\/IMG-20230908-WA0128-768x512.jpg",640,427,true],"large":["https:\/\/contextoanalisisperiodistico.com\/wp-content\/uploads\/2023\/09\/IMG-20230908-WA0128-1024x682.jpg",640,426,true],"1536x1536":["https:\/\/contextoanalisisperiodistico.com\/wp-content\/uploads\/2023\/09\/IMG-20230908-WA0128-1536x1023.jpg",1536,1023,true],"2048x2048":["https:\/\/contextoanalisisperiodistico.com\/wp-content\/uploads\/2023\/09\/IMG-20230908-WA0128.jpg",1600,1066,false],"covernews-slider-full":["https:\/\/contextoanalisisperiodistico.com\/wp-content\/uploads\/2023\/09\/IMG-20230908-WA0128-1115x715.jpg",1115,715,true],"covernews-slider-center":["https:\/\/contextoanalisisperiodistico.com\/wp-content\/uploads\/2023\/09\/IMG-20230908-WA0128-800x500.jpg",800,500,true],"covernews-featured":["https:\/\/contextoanalisisperiodistico.com\/wp-content\/uploads\/2023\/09\/IMG-20230908-WA0128-1024x682.jpg",1024,682,true],"covernews-medium":["https:\/\/contextoanalisisperiodistico.com\/wp-content\/uploads\/2023\/09\/IMG-20230908-WA0128-540x340.jpg",540,340,true],"covernews-medium-square":["https:\/\/contextoanalisisperiodistico.com\/wp-content\/uploads\/2023\/09\/IMG-20230908-WA0128-400x250.jpg",400,250,true]},"author_info":{"display_name":"Mario Gir\u00f3n","author_link":"https:\/\/contextoanalisisperiodistico.com\/index.php\/author\/director\/"},"category_info":"<a href=\"https:\/\/contextoanalisisperiodistico.com\/index.php\/category\/politica\/\" rel=\"category tag\">Pol\u00edtica<\/a>","tag_info":"Pol\u00edtica","comment_count":"0","jetpack_featured_media_url":"https:\/\/contextoanalisisperiodistico.com\/wp-content\/uploads\/2023\/09\/IMG-20230908-WA0128.jpg","_links":{"self":[{"href":"https:\/\/contextoanalisisperiodistico.com\/index.php\/wp-json\/wp\/v2\/posts\/18509"}],"collection":[{"href":"https:\/\/contextoanalisisperiodistico.com\/index.php\/wp-json\/wp\/v2\/posts"}],"about":[{"href":"https:\/\/contextoanalisisperiodistico.com\/index.php\/wp-json\/wp\/v2\/types\/post"}],"author":[{"embeddable":true,"href":"https:\/\/contextoanalisisperiodistico.com\/index.php\/wp-json\/wp\/v2\/users\/4"}],"replies":[{"embeddable":true,"href":"https:\/\/contextoanalisisperiodistico.com\/index.php\/wp-json\/wp\/v2\/comments?post=18509"}],"version-history":[{"count":2,"href":"https:\/\/contextoanalisisperiodistico.com\/index.php\/wp-json\/wp\/v2\/posts\/18509\/revisions"}],"predecessor-version":[{"id":18516,"href":"https:\/\/contextoanalisisperiodistico.com\/index.php\/wp-json\/wp\/v2\/posts\/18509\/revisions\/18516"}],"wp:featuredmedia":[{"embeddable":true,"href":"https:\/\/contextoanalisisperiodistico.com\/index.php\/wp-json\/wp\/v2\/media\/18511"}],"wp:attachment":[{"href":"https:\/\/contextoanalisisperiodistico.com\/index.php\/wp-json\/wp\/v2\/media?parent=18509"}],"wp:term":[{"taxonomy":"category","embeddable":true,"href":"https:\/\/contextoanalisisperiodistico.com\/index.php\/wp-json\/wp\/v2\/categories?post=18509"},{"taxonomy":"post_tag","embeddable":true,"href":"https:\/\/contextoanalisisperiodistico.com\/index.php\/wp-json\/wp\/v2\/tags?post=18509"}],"curies":[{"name":"wp","href":"https:\/\/api.w.org\/{rel}","templated":true}]}}