{"id":18503,"date":"2023-09-08T12:33:34","date_gmt":"2023-09-08T18:33:34","guid":{"rendered":"https:\/\/contextoanalisisperiodistico.com\/index.php\/2023\/09\/08\/alista-sso-campana-de-vacunacion-por-un-futuro-saludable-vacunalos\/"},"modified":"2023-09-08T12:33:34","modified_gmt":"2023-09-08T18:33:34","slug":"alista-sso-campana-de-vacunacion-por-un-futuro-saludable-vacunalos","status":"publish","type":"post","link":"https:\/\/contextoanalisisperiodistico.com\/index.php\/2023\/09\/08\/alista-sso-campana-de-vacunacion-por-un-futuro-saludable-vacunalos\/","title":{"rendered":"Alista SSO campa\u00f1a de vacunaci\u00f3n \u00a1Por un futuro saludable, vac\u00fanalos!"},"content":{"rendered":"<div id=\"fb-root\"><\/div>\n\n<p>\u2022 Se tiene como meta otorgar 38 mil 273 vacunas gratuitas a menores de un a\u00f1o y 65 mil 800 dosis de VPH<\/p>\n\n\n\n<p>Oaxaca de Ju\u00e1rez, Oax. 8 de septiembre de 2023.- Los Servicios de Salud de Oaxaca (SSO) iniciar\u00e1 la campa\u00f1a de inmunizaci\u00f3n \u00a1Por un futuro saludable, vac\u00fanalos! a partir del 11 de septiembre en las ocho regiones del estado, con el objetivo de proteger y evitar enfermedades que puedan poner en riesgo el bienestar de ni\u00f1as y ni\u00f1os menores de un a\u00f1o.<\/p>\n\n\n\n<p>La titular de los SSO Alma Lilia Velasco Hern\u00e1ndez detall\u00f3 que la meta es aplicar 38 mil 273 dosis en beneficio de ni\u00f1as y ni\u00f1os, las cuales estar\u00e1n disponibles hasta el 6 de octubre en las unidades m\u00e9dicas de primer nivel de atenci\u00f3n, en puestos fijos y semifijos.<\/p>\n\n\n\n<p>Explic\u00f3 que para este sector de la poblaci\u00f3n se distribuir\u00e1n los biol\u00f3gicos Hexavalente acelular (DPaT+vip+HB+Hib) que protege contra difteria, t\u00e9tanos, tosferina, hepatitis B, Haemophilus influenzae B y poliomielitis, para menores de 2, 4 y 6 meses de edad.<\/p>\n\n\n\n<p>Tambi\u00e9n se les aplicar\u00e1 Neumococcica conjugada para infantes de 2 y 4 meses, Rotavirus para ni\u00f1as y ni\u00f1os de 2 y 4 meses, as\u00ed como Hepatitis B, en las primeras 24 horas de nacimiento.<\/p>\n\n\n\n<p>Tambi\u00e9n anunci\u00f3 que con el lema \u00a1Prot\u00e9gela, vac\u00fanala! se aplicar\u00e1n 65 mil 800 dosis contra el Virus del Papiloma Humano (VPH) tetravalente a ni\u00f1as de quinto y sexto grado de primaria, 11 y 12 a\u00f1os no escolarizadas o que se encuentren cursando el primer grado de secundaria y de 13 a\u00f1os no escolarizada.<\/p>\n\n\n\n<p>Aunado a ello, a ni\u00f1as que no completaron su esquema de vacunaci\u00f3n de segundo y tercer grado de secundaria, a las de 14 y 15 a\u00f1os no escolarizadas, as\u00ed como a mujeres cisg\u00e9nero y transg\u00e9nero de 11 a 49 a\u00f1os que viven con Virus de Inmunodeficiencia Humana (VIH).<\/p>\n\n\n\n<p>En este sentido, resalt\u00f3 la importancia de este biol\u00f3gico, el cual es seguro y tiene una efectividad estimada superior a 80 por ciento contra c\u00e1ncer cervicouterino, padecimiento que es la segunda causa de muerte de las mujeres en el pa\u00eds.<\/p>\n\n\n\n<p>Explic\u00f3 que este virus es considerado la Infecci\u00f3n de Transmisi\u00f3n Sexual (ITS) que afecta a m\u00e1s de la mitad de las mujeres y hombres sexualmente activos en alg\u00fan momento de sus vidas y que se han identificado m\u00e1s de 200 genotipos.<\/p>\n\n\n\n<p>Velasco Hern\u00e1ndez mencion\u00f3 que en esta campa\u00f1a participar\u00e1n trabajadores de los SSO mediante puestos fijos y semifijos, adem\u00e1s de que se visitar\u00e1n escuelas de nivel primaria y secundaria.<\/p>\n\n\n\n<p>Finalmente, la funcionaria exhort\u00f3 a las madres y padres de familia a proteger a sus hijas e hijos y participar en esta campa\u00f1a gratuita, para completar sus esquemas de vacunaci\u00f3n, ya que \u201clas vacunas s\u00ed salvan vidas\u201d.<\/p>\n\n\n\n<p><\/p>\n\n\n\n<figure class=\"wp-block-image size-large\"><img fetchpriority=\"high\" decoding=\"async\" width=\"1024\" height=\"619\" src=\"https:\/\/contextoanalisisperiodistico.com\/wp-content\/uploads\/2023\/09\/img-20230908-wa00367900375230179300730-1024x619.jpg\" alt=\"\" class=\"wp-image-18500\" srcset=\"https:\/\/contextoanalisisperiodistico.com\/wp-content\/uploads\/2023\/09\/img-20230908-wa00367900375230179300730-1024x619.jpg 1024w, https:\/\/contextoanalisisperiodistico.com\/wp-content\/uploads\/2023\/09\/img-20230908-wa00367900375230179300730-300x181.jpg 300w, https:\/\/contextoanalisisperiodistico.com\/wp-content\/uploads\/2023\/09\/img-20230908-wa00367900375230179300730-768x464.jpg 768w, https:\/\/contextoanalisisperiodistico.com\/wp-content\/uploads\/2023\/09\/img-20230908-wa00367900375230179300730.jpg 1490w\" sizes=\"(max-width: 1024px) 100vw, 1024px\" \/><\/figure>\n\n\n\n<figure class=\"wp-block-image\"><img decoding=\"async\" width=\"1024\" height=\"683\" src=\"https:\/\/contextoanalisisperiodistico.com\/wp-content\/uploads\/2023\/09\/img-20230908-wa00345367817556033200426-1024x683.jpg\" alt=\"\" class=\"wp-image-18501\" srcset=\"https:\/\/contextoanalisisperiodistico.com\/wp-content\/uploads\/2023\/09\/img-20230908-wa00345367817556033200426-1024x683.jpg 1024w, https:\/\/contextoanalisisperiodistico.com\/wp-content\/uploads\/2023\/09\/img-20230908-wa00345367817556033200426-300x200.jpg 300w, https:\/\/contextoanalisisperiodistico.com\/wp-content\/uploads\/2023\/09\/img-20230908-wa00345367817556033200426-768x512.jpg 768w, https:\/\/contextoanalisisperiodistico.com\/wp-content\/uploads\/2023\/09\/img-20230908-wa00345367817556033200426.jpg 1500w\" sizes=\"(max-width: 1024px) 100vw, 1024px\" \/><\/figure>\n\n\n\n<figure class=\"wp-block-image\"><img decoding=\"async\" width=\"300\" height=\"285\" src=\"https:\/\/contextoanalisisperiodistico.com\/wp-content\/uploads\/2023\/09\/img-20230908-wa0035789740335635236453-300x285.jpg\" alt=\"\" class=\"wp-image-18502\" srcset=\"https:\/\/contextoanalisisperiodistico.com\/wp-content\/uploads\/2023\/09\/img-20230908-wa0035789740335635236453-300x285.jpg 300w, https:\/\/contextoanalisisperiodistico.com\/wp-content\/uploads\/2023\/09\/img-20230908-wa0035789740335635236453-768x731.jpg 768w, https:\/\/contextoanalisisperiodistico.com\/wp-content\/uploads\/2023\/09\/img-20230908-wa0035789740335635236453.jpg 1024w\" sizes=\"(max-width: 300px) 100vw, 300px\" \/><\/figure>\n","protected":false},"excerpt":{"rendered":"<p>\u2022 Se tiene como meta otorgar 38 mil 273 vacunas gratuitas a menores de un&#8230;<\/p>\n","protected":false},"author":4,"featured_media":18499,"comment_status":"","ping_status":"open","sticky":false,"template":"","format":"standard","meta":{"footnotes":""},"categories":[92],"tags":[],"jetpack_sharing_enabled":true,"featured_image_urls":{"full":["https:\/\/contextoanalisisperiodistico.com\/wp-content\/uploads\/2023\/09\/IMG-20230908-WA0037.jpg",1280,1600,false],"thumbnail":["https:\/\/contextoanalisisperiodistico.com\/wp-content\/uploads\/2023\/09\/IMG-20230908-WA0037-150x150.jpg",150,150,true],"medium":["https:\/\/contextoanalisisperiodistico.com\/wp-content\/uploads\/2023\/09\/IMG-20230908-WA0037-240x300.jpg",240,300,true],"medium_large":["https:\/\/contextoanalisisperiodistico.com\/wp-content\/uploads\/2023\/09\/IMG-20230908-WA0037-768x960.jpg",640,800,true],"large":["https:\/\/contextoanalisisperiodistico.com\/wp-content\/uploads\/2023\/09\/IMG-20230908-WA0037-819x1024.jpg",640,800,true],"1536x1536":["https:\/\/contextoanalisisperiodistico.com\/wp-content\/uploads\/2023\/09\/IMG-20230908-WA0037-1229x1536.jpg",1229,1536,true],"2048x2048":["https:\/\/contextoanalisisperiodistico.com\/wp-content\/uploads\/2023\/09\/IMG-20230908-WA0037.jpg",1280,1600,false],"covernews-slider-full":["https:\/\/contextoanalisisperiodistico.com\/wp-content\/uploads\/2023\/09\/IMG-20230908-WA0037-1115x715.jpg",1115,715,true],"covernews-slider-center":["https:\/\/contextoanalisisperiodistico.com\/wp-content\/uploads\/2023\/09\/IMG-20230908-WA0037-800x500.jpg",800,500,true],"covernews-featured":["https:\/\/contextoanalisisperiodistico.com\/wp-content\/uploads\/2023\/09\/IMG-20230908-WA0037-1024x1280.jpg",1024,1280,true],"covernews-medium":["https:\/\/contextoanalisisperiodistico.com\/wp-content\/uploads\/2023\/09\/IMG-20230908-WA0037-540x340.jpg",540,340,true],"covernews-medium-square":["https:\/\/contextoanalisisperiodistico.com\/wp-content\/uploads\/2023\/09\/IMG-20230908-WA0037-400x250.jpg",400,250,true]},"author_info":{"display_name":"Mario Gir\u00f3n","author_link":"https:\/\/contextoanalisisperiodistico.com\/index.php\/author\/director\/"},"category_info":"<a href=\"https:\/\/contextoanalisisperiodistico.com\/index.php\/category\/salud\/\" rel=\"category tag\">Salud<\/a>","tag_info":"Salud","comment_count":"0","jetpack_featured_media_url":"https:\/\/contextoanalisisperiodistico.com\/wp-content\/uploads\/2023\/09\/IMG-20230908-WA0037.jpg","_links":{"self":[{"href":"https:\/\/contextoanalisisperiodistico.com\/index.php\/wp-json\/wp\/v2\/posts\/18503"}],"collection":[{"href":"https:\/\/contextoanalisisperiodistico.com\/index.php\/wp-json\/wp\/v2\/posts"}],"about":[{"href":"https:\/\/contextoanalisisperiodistico.com\/index.php\/wp-json\/wp\/v2\/types\/post"}],"author":[{"embeddable":true,"href":"https:\/\/contextoanalisisperiodistico.com\/index.php\/wp-json\/wp\/v2\/users\/4"}],"replies":[{"embeddable":true,"href":"https:\/\/contextoanalisisperiodistico.com\/index.php\/wp-json\/wp\/v2\/comments?post=18503"}],"version-history":[{"count":0,"href":"https:\/\/contextoanalisisperiodistico.com\/index.php\/wp-json\/wp\/v2\/posts\/18503\/revisions"}],"wp:featuredmedia":[{"embeddable":true,"href":"https:\/\/contextoanalisisperiodistico.com\/index.php\/wp-json\/wp\/v2\/media\/18499"}],"wp:attachment":[{"href":"https:\/\/contextoanalisisperiodistico.com\/index.php\/wp-json\/wp\/v2\/media?parent=18503"}],"wp:term":[{"taxonomy":"category","embeddable":true,"href":"https:\/\/contextoanalisisperiodistico.com\/index.php\/wp-json\/wp\/v2\/categories?post=18503"},{"taxonomy":"post_tag","embeddable":true,"href":"https:\/\/contextoanalisisperiodistico.com\/index.php\/wp-json\/wp\/v2\/tags?post=18503"}],"curies":[{"name":"wp","href":"https:\/\/api.w.org\/{rel}","templated":true}]}}