{"id":18493,"date":"2023-09-08T09:55:50","date_gmt":"2023-09-08T15:55:50","guid":{"rendered":"https:\/\/contextoanalisisperiodistico.com\/?p=18493"},"modified":"2023-09-08T09:56:17","modified_gmt":"2023-09-08T15:56:17","slug":"auxilian-a-la-poblacion-ante-fuerte-lluvia-ocurrida-en-la-heroica-ciudad-de-tlaxiaco","status":"publish","type":"post","link":"https:\/\/contextoanalisisperiodistico.com\/index.php\/2023\/09\/08\/auxilian-a-la-poblacion-ante-fuerte-lluvia-ocurrida-en-la-heroica-ciudad-de-tlaxiaco\/","title":{"rendered":"Auxilian a la poblaci\u00f3n ante fuerte lluvia ocurrida en la Heroica Ciudad de Tlaxiaco"},"content":{"rendered":"<div id=\"fb-root\"><\/div>\n\n<p>\u2022 La Delegaci\u00f3n Regional de la Mixteca de la CEPCyGR apoy\u00f3 a la ciudan\u00eda ante el desbordamiento de un arroyo que atraviesa las colonias Flores Mag\u00f3n y Los Pinos<\/p>\n\n\n\n<figure class=\"wp-block-image size-large\"><img fetchpriority=\"high\" decoding=\"async\" width=\"1024\" height=\"576\" src=\"https:\/\/contextoanalisisperiodistico.com\/wp-content\/uploads\/2023\/09\/img-20230908-wa00318792730149047888700-1024x576.jpg\" alt=\"\" class=\"wp-image-18495\" srcset=\"https:\/\/contextoanalisisperiodistico.com\/wp-content\/uploads\/2023\/09\/img-20230908-wa00318792730149047888700-1024x576.jpg 1024w, https:\/\/contextoanalisisperiodistico.com\/wp-content\/uploads\/2023\/09\/img-20230908-wa00318792730149047888700-300x169.jpg 300w, https:\/\/contextoanalisisperiodistico.com\/wp-content\/uploads\/2023\/09\/img-20230908-wa00318792730149047888700-768x432.jpg 768w, https:\/\/contextoanalisisperiodistico.com\/wp-content\/uploads\/2023\/09\/img-20230908-wa00318792730149047888700.jpg 1280w\" sizes=\"(max-width: 1024px) 100vw, 1024px\" \/><\/figure>\n\n\n\n<figure class=\"wp-block-image\"><img decoding=\"async\" width=\"1024\" height=\"768\" src=\"https:\/\/contextoanalisisperiodistico.com\/wp-content\/uploads\/2023\/09\/img-20230908-wa00302616224950763335921-1024x768.jpg\" alt=\"\" class=\"wp-image-18496\" srcset=\"https:\/\/contextoanalisisperiodistico.com\/wp-content\/uploads\/2023\/09\/img-20230908-wa00302616224950763335921-1024x768.jpg 1024w, https:\/\/contextoanalisisperiodistico.com\/wp-content\/uploads\/2023\/09\/img-20230908-wa00302616224950763335921-300x225.jpg 300w, https:\/\/contextoanalisisperiodistico.com\/wp-content\/uploads\/2023\/09\/img-20230908-wa00302616224950763335921-768x576.jpg 768w, https:\/\/contextoanalisisperiodistico.com\/wp-content\/uploads\/2023\/09\/img-20230908-wa00302616224950763335921-1536x1153.jpg 1536w, https:\/\/contextoanalisisperiodistico.com\/wp-content\/uploads\/2023\/09\/img-20230908-wa00302616224950763335921.jpg 1599w\" sizes=\"(max-width: 1024px) 100vw, 1024px\" \/><\/figure>\n\n\n\n<p>Oaxaca de Ju\u00e1rez, Oax. 8 de septiembre de 2023.- Elementos de la Coordinaci\u00f3n Estatal de Protecci\u00f3n Civil y Gesti\u00f3n de Riesgos (CEPCyGR) a trav\u00e9s de la Delegaci\u00f3n Regional de la Mixteca brind\u00f3 auxilio a la poblaci\u00f3n y mantiene el monitoreo en la Heroica Ciudad de Tlaxiaco ante posibles da\u00f1os ocasionados por las fuertes lluvia que ocurrieron la tarde-noche del jueves 7 de septiembre.<\/p>\n\n\n\n<p>El organismo report\u00f3 que aproximadamente a las 17:00 horas del jueves, a causa de las fuertes lluvias, se desbord\u00f3 el arroyo que atraviesa las colonias Flores Mag\u00f3n y Los Pinos, por lo que el nivel del agua tard\u00f3 m\u00e1s de 30 minutos en bajar.<\/p>\n\n\n\n<p>Las precipitaciones ocasionaron encharcamientos severos de 40 a 50 cm de altura, provocaron el desplome de un muro de contenci\u00f3n en la colonia Los Pinos afectando a diversas viviendas, por lo cual algunas personas afectadas tuvieron que ser evacuadas por personal de Protecci\u00f3n Civil, Polic\u00eda Municipal y del Heroico Cuerpo de Bomberos.<\/p>\n\n\n\n<p>En coordinaci\u00f3n con las autoridades municipales se instal\u00f3 un refugio temporal en el Palacio municipal y tambi\u00e9n se solicitaron v\u00edveres para apoyar a las personas damnificadas.<\/p>\n\n\n\n<p>Asimismo, se report\u00f3 que las lluvias fuertes fueron acompa\u00f1adas por actividad el\u00e9ctrica y vientos fuertes y se han presentado en el municipio de Santa Mar\u00eda Zacatepec, en tanto que en San Pedro Amuzgos se registraron de forma moderada.<\/p>\n\n\n\n<p>La CEPCyGR recalc\u00f3 que se trabaja con responsabilidad y compromiso para proteger la integridad, patrimonio y el entorno de las oaxaque\u00f1as y oaxaque\u00f1os.<\/p>\n","protected":false},"excerpt":{"rendered":"<p>\u2022 La Delegaci\u00f3n Regional de la Mixteca de la CEPCyGR apoy\u00f3 a la ciudan\u00eda ante&#8230;<\/p>\n","protected":false},"author":4,"featured_media":18494,"comment_status":"closed","ping_status":"open","sticky":false,"template":"","format":"standard","meta":{"footnotes":""},"categories":[9],"tags":[],"jetpack_sharing_enabled":true,"featured_image_urls":{"full":["https:\/\/contextoanalisisperiodistico.com\/wp-content\/uploads\/2023\/09\/IMG-20230908-WA0032.jpg",1599,1200,false],"thumbnail":["https:\/\/contextoanalisisperiodistico.com\/wp-content\/uploads\/2023\/09\/IMG-20230908-WA0032-150x150.jpg",150,150,true],"medium":["https:\/\/contextoanalisisperiodistico.com\/wp-content\/uploads\/2023\/09\/IMG-20230908-WA0032-300x225.jpg",300,225,true],"medium_large":["https:\/\/contextoanalisisperiodistico.com\/wp-content\/uploads\/2023\/09\/IMG-20230908-WA0032-768x576.jpg",640,480,true],"large":["https:\/\/contextoanalisisperiodistico.com\/wp-content\/uploads\/2023\/09\/IMG-20230908-WA0032-1024x768.jpg",640,480,true],"1536x1536":["https:\/\/contextoanalisisperiodistico.com\/wp-content\/uploads\/2023\/09\/IMG-20230908-WA0032-1536x1153.jpg",1536,1153,true],"2048x2048":["https:\/\/contextoanalisisperiodistico.com\/wp-content\/uploads\/2023\/09\/IMG-20230908-WA0032.jpg",1599,1200,false],"covernews-slider-full":["https:\/\/contextoanalisisperiodistico.com\/wp-content\/uploads\/2023\/09\/IMG-20230908-WA0032-1115x715.jpg",1115,715,true],"covernews-slider-center":["https:\/\/contextoanalisisperiodistico.com\/wp-content\/uploads\/2023\/09\/IMG-20230908-WA0032-800x500.jpg",800,500,true],"covernews-featured":["https:\/\/contextoanalisisperiodistico.com\/wp-content\/uploads\/2023\/09\/IMG-20230908-WA0032-1024x768.jpg",1024,768,true],"covernews-medium":["https:\/\/contextoanalisisperiodistico.com\/wp-content\/uploads\/2023\/09\/IMG-20230908-WA0032-540x340.jpg",540,340,true],"covernews-medium-square":["https:\/\/contextoanalisisperiodistico.com\/wp-content\/uploads\/2023\/09\/IMG-20230908-WA0032-400x250.jpg",400,250,true]},"author_info":{"display_name":"Mario Gir\u00f3n","author_link":"https:\/\/contextoanalisisperiodistico.com\/index.php\/author\/director\/"},"category_info":"<a href=\"https:\/\/contextoanalisisperiodistico.com\/index.php\/category\/politica\/\" rel=\"category tag\">Pol\u00edtica<\/a>","tag_info":"Pol\u00edtica","comment_count":"0","jetpack_featured_media_url":"https:\/\/contextoanalisisperiodistico.com\/wp-content\/uploads\/2023\/09\/IMG-20230908-WA0032.jpg","_links":{"self":[{"href":"https:\/\/contextoanalisisperiodistico.com\/index.php\/wp-json\/wp\/v2\/posts\/18493"}],"collection":[{"href":"https:\/\/contextoanalisisperiodistico.com\/index.php\/wp-json\/wp\/v2\/posts"}],"about":[{"href":"https:\/\/contextoanalisisperiodistico.com\/index.php\/wp-json\/wp\/v2\/types\/post"}],"author":[{"embeddable":true,"href":"https:\/\/contextoanalisisperiodistico.com\/index.php\/wp-json\/wp\/v2\/users\/4"}],"replies":[{"embeddable":true,"href":"https:\/\/contextoanalisisperiodistico.com\/index.php\/wp-json\/wp\/v2\/comments?post=18493"}],"version-history":[{"count":1,"href":"https:\/\/contextoanalisisperiodistico.com\/index.php\/wp-json\/wp\/v2\/posts\/18493\/revisions"}],"predecessor-version":[{"id":18497,"href":"https:\/\/contextoanalisisperiodistico.com\/index.php\/wp-json\/wp\/v2\/posts\/18493\/revisions\/18497"}],"wp:featuredmedia":[{"embeddable":true,"href":"https:\/\/contextoanalisisperiodistico.com\/index.php\/wp-json\/wp\/v2\/media\/18494"}],"wp:attachment":[{"href":"https:\/\/contextoanalisisperiodistico.com\/index.php\/wp-json\/wp\/v2\/media?parent=18493"}],"wp:term":[{"taxonomy":"category","embeddable":true,"href":"https:\/\/contextoanalisisperiodistico.com\/index.php\/wp-json\/wp\/v2\/categories?post=18493"},{"taxonomy":"post_tag","embeddable":true,"href":"https:\/\/contextoanalisisperiodistico.com\/index.php\/wp-json\/wp\/v2\/tags?post=18493"}],"curies":[{"name":"wp","href":"https:\/\/api.w.org\/{rel}","templated":true}]}}