{"id":18480,"date":"2023-09-07T14:01:36","date_gmt":"2023-09-07T20:01:36","guid":{"rendered":"https:\/\/contextoanalisisperiodistico.com\/?p=18480"},"modified":"2023-09-07T14:02:07","modified_gmt":"2023-09-07T20:02:07","slug":"preserva-gobierno-del-estado-esencia-de-juchitan-con-reconstruccion-de-su-casa-de-la-cultura","status":"publish","type":"post","link":"https:\/\/contextoanalisisperiodistico.com\/index.php\/2023\/09\/07\/preserva-gobierno-del-estado-esencia-de-juchitan-con-reconstruccion-de-su-casa-de-la-cultura\/","title":{"rendered":"<em>Preserva Gobierno del Estado esencia de Juchit\u00e1n con reconstrucci\u00f3n de su Casa de la Cultura<\/em>"},"content":{"rendered":"<div id=\"fb-root\"><\/div>\n\n<p>\u2022 El Gobernador Salom\u00f3n Jara Cruz dio el banderazo de inicio a la cuarta etapa de reconstrucci\u00f3n de la Casa de la Cultura del municipio de Juchit\u00e1n de Zaragoza<\/p>\n\n\n\n<p><br>Juchit\u00e1n de Zaragoza, Oax. 7 de septiembre de 2023.- En atenci\u00f3n al compromiso de difusi\u00f3n y preservaci\u00f3n de la cultura e identidad de los pueblos y en seguimiento al Programa Nacional de Reconstrucci\u00f3n, el Gobernador del Estado Salom\u00f3n Jara Cruz dio el banderazo de inicio a la cuarta etapa de reconstrucci\u00f3n de la Casa de la Cultura de esta municipalidad.<\/p>\n\n\n\n<figure class=\"wp-block-image size-large\"><img fetchpriority=\"high\" decoding=\"async\" width=\"1024\" height=\"682\" src=\"https:\/\/contextoanalisisperiodistico.com\/wp-content\/uploads\/2023\/09\/img-20230907-wa00554725595888459681926.jpg\" alt=\"\" class=\"wp-image-18482\" srcset=\"https:\/\/contextoanalisisperiodistico.com\/wp-content\/uploads\/2023\/09\/img-20230907-wa00554725595888459681926.jpg 1024w, https:\/\/contextoanalisisperiodistico.com\/wp-content\/uploads\/2023\/09\/img-20230907-wa00554725595888459681926-300x200.jpg 300w, https:\/\/contextoanalisisperiodistico.com\/wp-content\/uploads\/2023\/09\/img-20230907-wa00554725595888459681926-768x512.jpg 768w\" sizes=\"(max-width: 1024px) 100vw, 1024px\" \/><\/figure>\n\n\n\n<figure class=\"wp-block-image\"><img decoding=\"async\" width=\"300\" height=\"200\" src=\"https:\/\/contextoanalisisperiodistico.com\/wp-content\/uploads\/2023\/09\/img-20230907-wa00545157735180288953192-300x200.jpg\" alt=\"\" class=\"wp-image-18483\" srcset=\"https:\/\/contextoanalisisperiodistico.com\/wp-content\/uploads\/2023\/09\/img-20230907-wa00545157735180288953192-300x200.jpg 300w, https:\/\/contextoanalisisperiodistico.com\/wp-content\/uploads\/2023\/09\/img-20230907-wa00545157735180288953192-768x512.jpg 768w, https:\/\/contextoanalisisperiodistico.com\/wp-content\/uploads\/2023\/09\/img-20230907-wa00545157735180288953192.jpg 1024w\" sizes=\"(max-width: 300px) 100vw, 300px\" \/><\/figure>\n\n\n\n<figure class=\"wp-block-image\"><img decoding=\"async\" width=\"300\" height=\"200\" src=\"https:\/\/contextoanalisisperiodistico.com\/wp-content\/uploads\/2023\/09\/img-20230907-wa00567131019001836038404-300x200.jpg\" alt=\"\" class=\"wp-image-18485\" srcset=\"https:\/\/contextoanalisisperiodistico.com\/wp-content\/uploads\/2023\/09\/img-20230907-wa00567131019001836038404-300x200.jpg 300w, https:\/\/contextoanalisisperiodistico.com\/wp-content\/uploads\/2023\/09\/img-20230907-wa00567131019001836038404-768x512.jpg 768w, https:\/\/contextoanalisisperiodistico.com\/wp-content\/uploads\/2023\/09\/img-20230907-wa00567131019001836038404.jpg 1024w\" sizes=\"(max-width: 300px) 100vw, 300px\" \/><\/figure>\n\n\n\n<figure class=\"wp-block-image\"><img loading=\"lazy\" decoding=\"async\" width=\"300\" height=\"200\" src=\"https:\/\/contextoanalisisperiodistico.com\/wp-content\/uploads\/2023\/09\/img-20230907-wa00597605055293191911166-300x200.jpg\" alt=\"\" class=\"wp-image-18484\" srcset=\"https:\/\/contextoanalisisperiodistico.com\/wp-content\/uploads\/2023\/09\/img-20230907-wa00597605055293191911166-300x200.jpg 300w, https:\/\/contextoanalisisperiodistico.com\/wp-content\/uploads\/2023\/09\/img-20230907-wa00597605055293191911166-768x512.jpg 768w, https:\/\/contextoanalisisperiodistico.com\/wp-content\/uploads\/2023\/09\/img-20230907-wa00597605055293191911166.jpg 1024w\" sizes=\"(max-width: 300px) 100vw, 300px\" \/><\/figure>\n\n\n\n<p>Esta acci\u00f3n, que se realiza con el apoyo de la Secretar\u00eda de Cultura Federal y el Instituto Nacional de Antropolog\u00eda e Historia (INAH), es trascendental para que el espacio sea un semillero en el que principalmente ni\u00f1os, ni\u00f1as, adolescentes y j\u00f3venes adquieran saberes y sean depositarios de sus tradiciones y costumbres, a fin de que en un futuro sean agentes que contribuyan al desarrollo y bienestar de sus localidades.<\/p>\n\n\n\n<p>Por ello, el Instituto de Patrimonio Cultural de Oaxaca (Inpac) atender\u00e1 esta cuarta etapa con un monto de 10 millones 305 mil 232 pesos que forman parte de los recursos federales destinados a la reconstrucci\u00f3n del espacio en el cual se contemplan la sala de danza, los camerinos, el auditorio y acceso a este espacio.<\/p>\n\n\n\n<p>A trav\u00e9s de este proceso se realizar\u00e1n trabajos de exploraci\u00f3n arqueol\u00f3gica, recimentaci\u00f3n de mamposter\u00eda, liberaci\u00f3n de estructura de madera cubierta, de muros fracturados, consolidaci\u00f3n de muros existentes, integraci\u00f3n de muros nuevos, entre otros.<\/p>\n\n\n\n<p>La Casa de la Cultura de Juchit\u00e1n fue inaugurada hace 50 a\u00f1os por el expresidente de M\u00e9xico Luis Echeverr\u00eda \u00c1lvarez, impulsada por el artista Francisco Toledo. Es la primera Casa de la Cultura del pa\u00eds de la cual se tiene registro. Por ello, un tema importante en su reconstrucci\u00f3n es permanecer con el legado art\u00edstico del maestro Toledo.<\/p>\n\n\n\n<p>Actualmente, alberga el \u00e1rea de escultura de la extensi\u00f3n de la Escuela de Artes Pl\u00e1sticas y Visuales de la Universidad Aut\u00f3noma Benito Ju\u00e1rez de Oaxaca (UABJO) con 30 estudiantes.<\/p>\n\n\n\n<p>Cuenta con una sala de artes contempor\u00e1nea, una biblioteca y un patio habilitado para impartir talleres de danza tradicional o para ensayos de ni\u00f1as, ni\u00f1os y j\u00f3venes integrantes de la banda infantil y juvenil de San Vicente, teniendo una capacidad de 50 personas aproximadamente.<\/p>\n\n\n\n<p><\/p>\n","protected":false},"excerpt":{"rendered":"<p>\u2022 El Gobernador Salom\u00f3n Jara Cruz dio el banderazo de inicio a la cuarta etapa&#8230;<\/p>\n","protected":false},"author":4,"featured_media":18481,"comment_status":"closed","ping_status":"open","sticky":false,"template":"","format":"standard","meta":{"footnotes":""},"categories":[4],"tags":[],"jetpack_sharing_enabled":true,"featured_image_urls":{"full":["https:\/\/contextoanalisisperiodistico.com\/wp-content\/uploads\/2023\/09\/IMG-20230907-WA0058.jpg",1024,683,false],"thumbnail":["https:\/\/contextoanalisisperiodistico.com\/wp-content\/uploads\/2023\/09\/IMG-20230907-WA0058-150x150.jpg",150,150,true],"medium":["https:\/\/contextoanalisisperiodistico.com\/wp-content\/uploads\/2023\/09\/IMG-20230907-WA0058-300x200.jpg",300,200,true],"medium_large":["https:\/\/contextoanalisisperiodistico.com\/wp-content\/uploads\/2023\/09\/IMG-20230907-WA0058-768x512.jpg",640,427,true],"large":["https:\/\/contextoanalisisperiodistico.com\/wp-content\/uploads\/2023\/09\/IMG-20230907-WA0058.jpg",640,427,false],"1536x1536":["https:\/\/contextoanalisisperiodistico.com\/wp-content\/uploads\/2023\/09\/IMG-20230907-WA0058.jpg",1024,683,false],"2048x2048":["https:\/\/contextoanalisisperiodistico.com\/wp-content\/uploads\/2023\/09\/IMG-20230907-WA0058.jpg",1024,683,false],"covernews-slider-full":["https:\/\/contextoanalisisperiodistico.com\/wp-content\/uploads\/2023\/09\/IMG-20230907-WA0058.jpg",1024,683,false],"covernews-slider-center":["https:\/\/contextoanalisisperiodistico.com\/wp-content\/uploads\/2023\/09\/IMG-20230907-WA0058-800x500.jpg",800,500,true],"covernews-featured":["https:\/\/contextoanalisisperiodistico.com\/wp-content\/uploads\/2023\/09\/IMG-20230907-WA0058.jpg",1024,683,false],"covernews-medium":["https:\/\/contextoanalisisperiodistico.com\/wp-content\/uploads\/2023\/09\/IMG-20230907-WA0058-540x340.jpg",540,340,true],"covernews-medium-square":["https:\/\/contextoanalisisperiodistico.com\/wp-content\/uploads\/2023\/09\/IMG-20230907-WA0058-400x250.jpg",400,250,true]},"author_info":{"display_name":"Mario Gir\u00f3n","author_link":"https:\/\/contextoanalisisperiodistico.com\/index.php\/author\/director\/"},"category_info":"<a href=\"https:\/\/contextoanalisisperiodistico.com\/index.php\/category\/cultura\/\" rel=\"category tag\">Cultura<\/a>","tag_info":"Cultura","comment_count":"0","jetpack_featured_media_url":"https:\/\/contextoanalisisperiodistico.com\/wp-content\/uploads\/2023\/09\/IMG-20230907-WA0058.jpg","_links":{"self":[{"href":"https:\/\/contextoanalisisperiodistico.com\/index.php\/wp-json\/wp\/v2\/posts\/18480"}],"collection":[{"href":"https:\/\/contextoanalisisperiodistico.com\/index.php\/wp-json\/wp\/v2\/posts"}],"about":[{"href":"https:\/\/contextoanalisisperiodistico.com\/index.php\/wp-json\/wp\/v2\/types\/post"}],"author":[{"embeddable":true,"href":"https:\/\/contextoanalisisperiodistico.com\/index.php\/wp-json\/wp\/v2\/users\/4"}],"replies":[{"embeddable":true,"href":"https:\/\/contextoanalisisperiodistico.com\/index.php\/wp-json\/wp\/v2\/comments?post=18480"}],"version-history":[{"count":1,"href":"https:\/\/contextoanalisisperiodistico.com\/index.php\/wp-json\/wp\/v2\/posts\/18480\/revisions"}],"predecessor-version":[{"id":18486,"href":"https:\/\/contextoanalisisperiodistico.com\/index.php\/wp-json\/wp\/v2\/posts\/18480\/revisions\/18486"}],"wp:featuredmedia":[{"embeddable":true,"href":"https:\/\/contextoanalisisperiodistico.com\/index.php\/wp-json\/wp\/v2\/media\/18481"}],"wp:attachment":[{"href":"https:\/\/contextoanalisisperiodistico.com\/index.php\/wp-json\/wp\/v2\/media?parent=18480"}],"wp:term":[{"taxonomy":"category","embeddable":true,"href":"https:\/\/contextoanalisisperiodistico.com\/index.php\/wp-json\/wp\/v2\/categories?post=18480"},{"taxonomy":"post_tag","embeddable":true,"href":"https:\/\/contextoanalisisperiodistico.com\/index.php\/wp-json\/wp\/v2\/tags?post=18480"}],"curies":[{"name":"wp","href":"https:\/\/api.w.org\/{rel}","templated":true}]}}