{"id":18467,"date":"2023-09-07T11:38:21","date_gmt":"2023-09-07T17:38:21","guid":{"rendered":"https:\/\/contextoanalisisperiodistico.com\/?p=18467"},"modified":"2023-09-07T11:38:48","modified_gmt":"2023-09-07T17:38:48","slug":"encabeza-gobernador-salomon-jara-primera-sesion-extraordinaria-del-consejo-estatal-de-proteccion-civil-y-gestion-de-riesgos","status":"publish","type":"post","link":"https:\/\/contextoanalisisperiodistico.com\/index.php\/2023\/09\/07\/encabeza-gobernador-salomon-jara-primera-sesion-extraordinaria-del-consejo-estatal-de-proteccion-civil-y-gestion-de-riesgos\/","title":{"rendered":"<em>Encabeza Gobernador Salom\u00f3n Jara Primera Sesi\u00f3n Extraordinaria del Consejo Estatal de Protecci\u00f3n Civil y Gesti\u00f3n de Riesgos<\/em>"},"content":{"rendered":"<div id=\"fb-root\"><\/div>\n\n<p>\u2022 Este Consejo, que sesion\u00f3 en la Heroica Ciudad de Juchit\u00e1n de Zaragoza, tiene como objetivo planear y coordinar acciones para prevenir y proteger a la poblaci\u00f3n en caso de emergencias o desastres<\/p>\n\n\n\n<p>Juchit\u00e1n de Zaragoza, Oax. 7 de septiembre de 2023.- El Gobernador Salom\u00f3n Jara Cruz y el Coordinador Estatal de Protecci\u00f3n Civil y Gesti\u00f3n de Riesgos, Mauro Cruz S\u00e1nchez, encabezaron la Primera Sesi\u00f3n Extraordinaria del Consejo Estatal de Protecci\u00f3n Civil y Gesti\u00f3n de Riesgos, que se realiz\u00f3 en la Heroica Ciudad de Juchit\u00e1n de Zaragoza.<\/p>\n\n\n\n<p>La sesi\u00f3n, que se desarroll\u00f3 en la sede del Instituto Tecnol\u00f3gico del Istmo, se llev\u00f3 a cabo en el marco de la conmemoraci\u00f3n del sexto aniversario del terremoto de magnitud 8.2 con epicentro en el Golfo de Tehuantepec, y que afect\u00f3 principalmente a la regi\u00f3n.<\/p>\n\n\n\n<p>En su mensaje a las personas presentes, el Gobernador Salom\u00f3n Jara resalt\u00f3 la relevancia del Consejo Estatal de Protecci\u00f3n Civil, cuyo objetivo es planear y coordinar acciones para prevenir y proteger a la poblaci\u00f3n en caso de emergencias o desastres, dando cumplimiento a lo dispuesto en la Ley General de Protecci\u00f3n Civil.<\/p>\n\n\n\n<p>Adem\u00e1s, se\u00f1al\u00f3 que generar acciones en materia de prevenci\u00f3n, forman parte del Desarrollo Integral y Sustentable, un eje estrat\u00e9gico de su gobierno.<\/p>\n\n\n\n<p>Previamente se realiz\u00f3 un simulacro en las instalaciones del Instituto Tecnol\u00f3gico, actividad que fue solicitada por las autoridades municipales y que cont\u00f3 con la presencia de estudiantado, personal docente y administrativo, as\u00ed como integrantes del Consejo Estatal de Protecci\u00f3n Civil.<\/p>\n\n\n\n<p>El ejercicio consisti\u00f3 en la activaci\u00f3n de un alertamiento para que la comunidad estudiantil y el personal docente y administrativo evacuara el inmueble; adem\u00e1s, se simul\u00f3 el rescate de dos personas atrapadas en un auditorio, que presentaban fracturas expuestas.<\/p>\n\n\n\n<p>De acuerdo con la simulaci\u00f3n, los rescates de las personas lesionadas corrieron a cargo de elementos de Protecci\u00f3n Civil Municipal y del Heroico Cuerpo de Bomberos Municipal, para trasladarlos a hospitales cercanos. Adem\u00e1s, se realiz\u00f3 el conteo de las afectaciones y da\u00f1os en las instalaciones del inmueble.<\/p>\n\n\n\n<p>Al respecto, el Coordinador Estatal de Protecci\u00f3n Civil, Mauro Cruz S\u00e1nchez, expres\u00f3 que el sismo del 7 de septiembre de 2017 caus\u00f3 graves afectaciones en la regi\u00f3n del Istmo, especialmente en Juchit\u00e1n de Zaragoza; por ello, se realiz\u00f3 este ejercicio, que le permitir\u00e1 a la poblaci\u00f3n prepararse y responder ante un escenario similar.<\/p>\n\n\n\n<p>\u201cLos simulacros permiten a la poblaci\u00f3n identificar los riesgos y peligros de su entorno, adem\u00e1s de evaluar c\u00f3mo se responde ante situaciones de riesgo y fen\u00f3menos naturales; por ello, desde la Coordinaci\u00f3n Estatal de Protecci\u00f3n Civil y Gesti\u00f3n de Riesgos, llevamos a cabo estas simulaciones, d\u00e1ndole prioridad a la prevenci\u00f3n\u201d, indic\u00f3.<\/p>\n\n\n\n<p>En las actividades tambi\u00e9n participaron quienes integran el Gabinete Legal, titulares de dependencias y entidades del Gobierno del Estado y de instituciones federales, as\u00ed como autoridades municipales.<\/p>\n\n\n\n<p>En Protecci\u00f3n Civil, se promueve la cultura de la prevenci\u00f3n y se refrenda el compromiso de estar al servicio de los pueblos y comunidades de Oaxaca.<\/p>\n\n\n\n<figure class=\"wp-block-image size-large\"><img fetchpriority=\"high\" decoding=\"async\" width=\"1024\" height=\"683\" src=\"https:\/\/contextoanalisisperiodistico.com\/wp-content\/uploads\/2023\/09\/img-20230907-wa00446364375950562895529-1024x683.jpg\" alt=\"\" class=\"wp-image-18469\" srcset=\"https:\/\/contextoanalisisperiodistico.com\/wp-content\/uploads\/2023\/09\/img-20230907-wa00446364375950562895529-1024x683.jpg 1024w, https:\/\/contextoanalisisperiodistico.com\/wp-content\/uploads\/2023\/09\/img-20230907-wa00446364375950562895529-300x200.jpg 300w, https:\/\/contextoanalisisperiodistico.com\/wp-content\/uploads\/2023\/09\/img-20230907-wa00446364375950562895529-768x512.jpg 768w, https:\/\/contextoanalisisperiodistico.com\/wp-content\/uploads\/2023\/09\/img-20230907-wa00446364375950562895529.jpg 1500w\" sizes=\"(max-width: 1024px) 100vw, 1024px\" \/><\/figure>\n\n\n\n<figure class=\"wp-block-image\"><img decoding=\"async\" width=\"1024\" height=\"683\" src=\"https:\/\/contextoanalisisperiodistico.com\/wp-content\/uploads\/2023\/09\/img-20230907-wa00464221066234105516850-1024x683.jpg\" alt=\"\" class=\"wp-image-18471\" srcset=\"https:\/\/contextoanalisisperiodistico.com\/wp-content\/uploads\/2023\/09\/img-20230907-wa00464221066234105516850-1024x683.jpg 1024w, https:\/\/contextoanalisisperiodistico.com\/wp-content\/uploads\/2023\/09\/img-20230907-wa00464221066234105516850-300x200.jpg 300w, https:\/\/contextoanalisisperiodistico.com\/wp-content\/uploads\/2023\/09\/img-20230907-wa00464221066234105516850-768x512.jpg 768w, https:\/\/contextoanalisisperiodistico.com\/wp-content\/uploads\/2023\/09\/img-20230907-wa00464221066234105516850.jpg 1500w\" sizes=\"(max-width: 1024px) 100vw, 1024px\" \/><\/figure>\n\n\n\n<figure class=\"wp-block-image\"><img decoding=\"async\" width=\"1024\" height=\"683\" src=\"https:\/\/contextoanalisisperiodistico.com\/wp-content\/uploads\/2023\/09\/img-20230907-wa00397750569749005501108-1024x683.jpg\" alt=\"\" class=\"wp-image-18470\" srcset=\"https:\/\/contextoanalisisperiodistico.com\/wp-content\/uploads\/2023\/09\/img-20230907-wa00397750569749005501108-1024x683.jpg 1024w, https:\/\/contextoanalisisperiodistico.com\/wp-content\/uploads\/2023\/09\/img-20230907-wa00397750569749005501108-300x200.jpg 300w, https:\/\/contextoanalisisperiodistico.com\/wp-content\/uploads\/2023\/09\/img-20230907-wa00397750569749005501108-768x512.jpg 768w, https:\/\/contextoanalisisperiodistico.com\/wp-content\/uploads\/2023\/09\/img-20230907-wa00397750569749005501108.jpg 1500w\" sizes=\"(max-width: 1024px) 100vw, 1024px\" \/><\/figure>\n\n\n\n<figure class=\"wp-block-image\"><img loading=\"lazy\" decoding=\"async\" width=\"1024\" height=\"683\" src=\"https:\/\/contextoanalisisperiodistico.com\/wp-content\/uploads\/2023\/09\/img-20230907-wa0048382337128626657282-1024x683.jpg\" alt=\"\" class=\"wp-image-18473\" srcset=\"https:\/\/contextoanalisisperiodistico.com\/wp-content\/uploads\/2023\/09\/img-20230907-wa0048382337128626657282-1024x683.jpg 1024w, https:\/\/contextoanalisisperiodistico.com\/wp-content\/uploads\/2023\/09\/img-20230907-wa0048382337128626657282-300x200.jpg 300w, https:\/\/contextoanalisisperiodistico.com\/wp-content\/uploads\/2023\/09\/img-20230907-wa0048382337128626657282-768x512.jpg 768w, https:\/\/contextoanalisisperiodistico.com\/wp-content\/uploads\/2023\/09\/img-20230907-wa0048382337128626657282.jpg 1500w\" sizes=\"(max-width: 1024px) 100vw, 1024px\" \/><\/figure>\n\n\n\n<figure class=\"wp-block-image\"><img loading=\"lazy\" decoding=\"async\" width=\"1024\" height=\"683\" src=\"https:\/\/contextoanalisisperiodistico.com\/wp-content\/uploads\/2023\/09\/img-20230907-wa0045907852936296858626-1024x683.jpg\" alt=\"\" class=\"wp-image-18472\" srcset=\"https:\/\/contextoanalisisperiodistico.com\/wp-content\/uploads\/2023\/09\/img-20230907-wa0045907852936296858626-1024x683.jpg 1024w, https:\/\/contextoanalisisperiodistico.com\/wp-content\/uploads\/2023\/09\/img-20230907-wa0045907852936296858626-300x200.jpg 300w, https:\/\/contextoanalisisperiodistico.com\/wp-content\/uploads\/2023\/09\/img-20230907-wa0045907852936296858626-768x512.jpg 768w, https:\/\/contextoanalisisperiodistico.com\/wp-content\/uploads\/2023\/09\/img-20230907-wa0045907852936296858626.jpg 1500w\" sizes=\"(max-width: 1024px) 100vw, 1024px\" \/><\/figure>\n\n\n\n<figure class=\"wp-block-image\"><img loading=\"lazy\" decoding=\"async\" width=\"1024\" height=\"683\" src=\"https:\/\/contextoanalisisperiodistico.com\/wp-content\/uploads\/2023\/09\/img-20230907-wa0047679490687397800778-1024x683.jpg\" alt=\"\" class=\"wp-image-18474\" srcset=\"https:\/\/contextoanalisisperiodistico.com\/wp-content\/uploads\/2023\/09\/img-20230907-wa0047679490687397800778-1024x683.jpg 1024w, https:\/\/contextoanalisisperiodistico.com\/wp-content\/uploads\/2023\/09\/img-20230907-wa0047679490687397800778-300x200.jpg 300w, https:\/\/contextoanalisisperiodistico.com\/wp-content\/uploads\/2023\/09\/img-20230907-wa0047679490687397800778-768x512.jpg 768w, https:\/\/contextoanalisisperiodistico.com\/wp-content\/uploads\/2023\/09\/img-20230907-wa0047679490687397800778.jpg 1500w\" sizes=\"(max-width: 1024px) 100vw, 1024px\" \/><\/figure>\n","protected":false},"excerpt":{"rendered":"<p>\u2022 Este Consejo, que sesion\u00f3 en la Heroica Ciudad de Juchit\u00e1n de Zaragoza, tiene como&#8230;<\/p>\n","protected":false},"author":4,"featured_media":18468,"comment_status":"closed","ping_status":"open","sticky":false,"template":"","format":"standard","meta":{"footnotes":""},"categories":[9],"tags":[],"jetpack_sharing_enabled":true,"featured_image_urls":{"full":["https:\/\/contextoanalisisperiodistico.com\/wp-content\/uploads\/2023\/09\/IMG-20230907-WA0037.jpg",1500,1000,false],"thumbnail":["https:\/\/contextoanalisisperiodistico.com\/wp-content\/uploads\/2023\/09\/IMG-20230907-WA0037-150x150.jpg",150,150,true],"medium":["https:\/\/contextoanalisisperiodistico.com\/wp-content\/uploads\/2023\/09\/IMG-20230907-WA0037-300x200.jpg",300,200,true],"medium_large":["https:\/\/contextoanalisisperiodistico.com\/wp-content\/uploads\/2023\/09\/IMG-20230907-WA0037-768x512.jpg",640,427,true],"large":["https:\/\/contextoanalisisperiodistico.com\/wp-content\/uploads\/2023\/09\/IMG-20230907-WA0037-1024x683.jpg",640,427,true],"1536x1536":["https:\/\/contextoanalisisperiodistico.com\/wp-content\/uploads\/2023\/09\/IMG-20230907-WA0037.jpg",1500,1000,false],"2048x2048":["https:\/\/contextoanalisisperiodistico.com\/wp-content\/uploads\/2023\/09\/IMG-20230907-WA0037.jpg",1500,1000,false],"covernews-slider-full":["https:\/\/contextoanalisisperiodistico.com\/wp-content\/uploads\/2023\/09\/IMG-20230907-WA0037-1115x715.jpg",1115,715,true],"covernews-slider-center":["https:\/\/contextoanalisisperiodistico.com\/wp-content\/uploads\/2023\/09\/IMG-20230907-WA0037-800x500.jpg",800,500,true],"covernews-featured":["https:\/\/contextoanalisisperiodistico.com\/wp-content\/uploads\/2023\/09\/IMG-20230907-WA0037-1024x683.jpg",1024,683,true],"covernews-medium":["https:\/\/contextoanalisisperiodistico.com\/wp-content\/uploads\/2023\/09\/IMG-20230907-WA0037-540x340.jpg",540,340,true],"covernews-medium-square":["https:\/\/contextoanalisisperiodistico.com\/wp-content\/uploads\/2023\/09\/IMG-20230907-WA0037-400x250.jpg",400,250,true]},"author_info":{"display_name":"Mario Gir\u00f3n","author_link":"https:\/\/contextoanalisisperiodistico.com\/index.php\/author\/director\/"},"category_info":"<a href=\"https:\/\/contextoanalisisperiodistico.com\/index.php\/category\/politica\/\" rel=\"category tag\">Pol\u00edtica<\/a>","tag_info":"Pol\u00edtica","comment_count":"0","jetpack_featured_media_url":"https:\/\/contextoanalisisperiodistico.com\/wp-content\/uploads\/2023\/09\/IMG-20230907-WA0037.jpg","_links":{"self":[{"href":"https:\/\/contextoanalisisperiodistico.com\/index.php\/wp-json\/wp\/v2\/posts\/18467"}],"collection":[{"href":"https:\/\/contextoanalisisperiodistico.com\/index.php\/wp-json\/wp\/v2\/posts"}],"about":[{"href":"https:\/\/contextoanalisisperiodistico.com\/index.php\/wp-json\/wp\/v2\/types\/post"}],"author":[{"embeddable":true,"href":"https:\/\/contextoanalisisperiodistico.com\/index.php\/wp-json\/wp\/v2\/users\/4"}],"replies":[{"embeddable":true,"href":"https:\/\/contextoanalisisperiodistico.com\/index.php\/wp-json\/wp\/v2\/comments?post=18467"}],"version-history":[{"count":1,"href":"https:\/\/contextoanalisisperiodistico.com\/index.php\/wp-json\/wp\/v2\/posts\/18467\/revisions"}],"predecessor-version":[{"id":18475,"href":"https:\/\/contextoanalisisperiodistico.com\/index.php\/wp-json\/wp\/v2\/posts\/18467\/revisions\/18475"}],"wp:featuredmedia":[{"embeddable":true,"href":"https:\/\/contextoanalisisperiodistico.com\/index.php\/wp-json\/wp\/v2\/media\/18468"}],"wp:attachment":[{"href":"https:\/\/contextoanalisisperiodistico.com\/index.php\/wp-json\/wp\/v2\/media?parent=18467"}],"wp:term":[{"taxonomy":"category","embeddable":true,"href":"https:\/\/contextoanalisisperiodistico.com\/index.php\/wp-json\/wp\/v2\/categories?post=18467"},{"taxonomy":"post_tag","embeddable":true,"href":"https:\/\/contextoanalisisperiodistico.com\/index.php\/wp-json\/wp\/v2\/tags?post=18467"}],"curies":[{"name":"wp","href":"https:\/\/api.w.org\/{rel}","templated":true}]}}