{"id":18461,"date":"2023-09-07T11:27:55","date_gmt":"2023-09-07T17:27:55","guid":{"rendered":"https:\/\/contextoanalisisperiodistico.com\/?p=18461"},"modified":"2023-09-07T11:28:23","modified_gmt":"2023-09-07T17:28:23","slug":"oaxaca-los-pueblos-del-istmo-y-juchitan-hoy-estan-de-pie-salomon-jara-cruz","status":"publish","type":"post","link":"https:\/\/contextoanalisisperiodistico.com\/index.php\/2023\/09\/07\/oaxaca-los-pueblos-del-istmo-y-juchitan-hoy-estan-de-pie-salomon-jara-cruz\/","title":{"rendered":"Oaxaca, los pueblos del Istmo y Juchit\u00e1n, hoy est\u00e1n de pie: Salom\u00f3n Jara Cruz"},"content":{"rendered":"<div id=\"fb-root\"><\/div>\n\n<p>\u2022 Honra Gobierno del Estado memoria de v\u00edctimas a 6 a\u00f1os del sismo de 2017<\/p>\n\n\n\n<p>\u2022 La Primavera Oaxaque\u00f1a se forja desde los lazos indestructibles de la solidaridad que hacen grande a Oaxaca<\/p>\n\n\n\n<p>\u2022 Reconoce a mujeres y hombres que sentaron las bases de la reconstrucci\u00f3n profunda que sigue en marcha<\/p>\n\n\n\n<p>Juchit\u00e1n de Zaragoza, Oax. 7 de septiembre de 2023.- Un d\u00eda como hoy, pero del a\u00f1o 2017 un sismo con magnitud 8.2 sacudi\u00f3 gran parte del territorio oaxaque\u00f1o, este municipio del Istmo de Tehuantepec fue uno de los m\u00e1s afectados con 36 v\u00edctimas mortales, por ello, a 6 a\u00f1os de esta tragedia que marc\u00f3 la historia de Oaxaca, el Gobernador del Estado Salom\u00f3n Jara Cruz encabez\u00f3 una ceremonia luctuosa para honrar su memoria.<\/p>\n\n\n\n<p>\u201cEn esa ocasi\u00f3n hubo da\u00f1os en infraestructura carretera, en escuelas y viviendas, pero la p\u00e9rdida m\u00e1s sensible fueron las vidas humanas, lo cual seguimos lamentando profundamente\u201d, expres\u00f3 el Mandatario Oaxaque\u00f1o.<\/p>\n\n\n\n<p>En este acto solemne, el Mandatario oaxaque\u00f1o rememor\u00f3 que en esa ocasi\u00f3n, Oaxaca cont\u00f3 con la mano amiga de todo M\u00e9xico, para dar inicio al proceso de reconstrucci\u00f3n m\u00e1s profundo.<\/p>\n\n\n\n<p>Reconoci\u00f3 que, a partir de esa fecha la sociedad oaxaque\u00f1a ha fortalecido la cultura de prevenci\u00f3n en el estado, que cuenta con alta sismicidad y donde los efectos cicl\u00f3nicos afectan cada a\u00f1o gran parte del territorio estatal.<\/p>\n\n\n\n<p>Destac\u00f3 tambi\u00e9n el compromiso indeclinable del Presidente de la Rep\u00fablica Andr\u00e9s Manuel L\u00f3pez Obrador, quien ha estado en todo momento con Oaxaca durante el proceso de reconstrucci\u00f3n.<\/p>\n\n\n\n<p>De igual forma, agradeci\u00f3 a todos los sectores que han sido fundamentales en la reconstrucci\u00f3n material, en la reactivaci\u00f3n econ\u00f3mica y en el fortalecimiento del tejido social en la entidad.<\/p>\n\n\n\n<p>\u201cEs un d\u00eda para rendir homenaje a las v\u00edctimas y para reconocer a las personas que, con sus manos, removieron escombros y salvaron vidas, a quienes curaron heridas, dieron consuelo y comida, todos son h\u00e9roes y hero\u00ednas an\u00f3nimas\u201d.<\/p>\n\n\n\n<p>El Gobernador tambi\u00e9n aprovech\u00f3 para enaltecer el noble esfuerzo de las Fuerzas Armadas, de la Cruz Roja Mexicana, y del personal m\u00e9dico que siempre estuvieron en la primera l\u00ednea de atenci\u00f3n. As\u00ed como del sector empresarial, sociedad civil y fundaciones nacionales e internacionales.<\/p>\n\n\n\n<p>Finalmente, dijo que la mejor manera de honrar la memoria de las v\u00edctimas es seguir luchando por el bienestar de la poblaci\u00f3n, y as\u00ed lograr la reparaci\u00f3n hist\u00f3rica del pueblo, por lo que convoc\u00f3 a todas y todos los oaxaque\u00f1os a hacer de la uni\u00f3n la m\u00e1s grande virtud y fortaleza.<code> <\/code><\/p>\n\n\n\n<figure class=\"wp-block-image size-large\"><img fetchpriority=\"high\" decoding=\"async\" width=\"1024\" height=\"735\" src=\"https:\/\/contextoanalisisperiodistico.com\/wp-content\/uploads\/2023\/09\/img-20230907-wa00321699593465248843911-1024x735.jpg\" alt=\"\" class=\"wp-image-18463\" srcset=\"https:\/\/contextoanalisisperiodistico.com\/wp-content\/uploads\/2023\/09\/img-20230907-wa00321699593465248843911-1024x735.jpg 1024w, https:\/\/contextoanalisisperiodistico.com\/wp-content\/uploads\/2023\/09\/img-20230907-wa00321699593465248843911-300x215.jpg 300w, https:\/\/contextoanalisisperiodistico.com\/wp-content\/uploads\/2023\/09\/img-20230907-wa00321699593465248843911-768x552.jpg 768w, https:\/\/contextoanalisisperiodistico.com\/wp-content\/uploads\/2023\/09\/img-20230907-wa00321699593465248843911.jpg 1228w\" sizes=\"(max-width: 1024px) 100vw, 1024px\" \/><\/figure>\n\n\n\n<figure class=\"wp-block-image\"><img decoding=\"async\" width=\"1024\" height=\"683\" src=\"https:\/\/contextoanalisisperiodistico.com\/wp-content\/uploads\/2023\/09\/img-20230907-wa00358429108696951356831-1024x683.jpg\" alt=\"\" class=\"wp-image-18464\" srcset=\"https:\/\/contextoanalisisperiodistico.com\/wp-content\/uploads\/2023\/09\/img-20230907-wa00358429108696951356831-1024x683.jpg 1024w, https:\/\/contextoanalisisperiodistico.com\/wp-content\/uploads\/2023\/09\/img-20230907-wa00358429108696951356831-300x200.jpg 300w, https:\/\/contextoanalisisperiodistico.com\/wp-content\/uploads\/2023\/09\/img-20230907-wa00358429108696951356831-768x512.jpg 768w, https:\/\/contextoanalisisperiodistico.com\/wp-content\/uploads\/2023\/09\/img-20230907-wa00358429108696951356831.jpg 1393w\" sizes=\"(max-width: 1024px) 100vw, 1024px\" \/><\/figure>\n\n\n\n<figure class=\"wp-block-image\"><img decoding=\"async\" width=\"1024\" height=\"683\" src=\"https:\/\/contextoanalisisperiodistico.com\/wp-content\/uploads\/2023\/09\/img-20230907-wa00338135097252195654243-1024x683.jpg\" alt=\"\" class=\"wp-image-18465\" srcset=\"https:\/\/contextoanalisisperiodistico.com\/wp-content\/uploads\/2023\/09\/img-20230907-wa00338135097252195654243-1024x683.jpg 1024w, https:\/\/contextoanalisisperiodistico.com\/wp-content\/uploads\/2023\/09\/img-20230907-wa00338135097252195654243-300x200.jpg 300w, https:\/\/contextoanalisisperiodistico.com\/wp-content\/uploads\/2023\/09\/img-20230907-wa00338135097252195654243-768x512.jpg 768w, https:\/\/contextoanalisisperiodistico.com\/wp-content\/uploads\/2023\/09\/img-20230907-wa00338135097252195654243.jpg 1417w\" sizes=\"(max-width: 1024px) 100vw, 1024px\" \/><\/figure>\n","protected":false},"excerpt":{"rendered":"<p>\u2022 Honra Gobierno del Estado memoria de v\u00edctimas a 6 a\u00f1os del sismo de 2017&#8230;<\/p>\n","protected":false},"author":4,"featured_media":18462,"comment_status":"closed","ping_status":"open","sticky":false,"template":"","format":"standard","meta":{"footnotes":""},"categories":[9],"tags":[],"jetpack_sharing_enabled":true,"featured_image_urls":{"full":["https:\/\/contextoanalisisperiodistico.com\/wp-content\/uploads\/2023\/09\/IMG-20230907-WA0034.jpg",1317,878,false],"thumbnail":["https:\/\/contextoanalisisperiodistico.com\/wp-content\/uploads\/2023\/09\/IMG-20230907-WA0034-150x150.jpg",150,150,true],"medium":["https:\/\/contextoanalisisperiodistico.com\/wp-content\/uploads\/2023\/09\/IMG-20230907-WA0034-300x200.jpg",300,200,true],"medium_large":["https:\/\/contextoanalisisperiodistico.com\/wp-content\/uploads\/2023\/09\/IMG-20230907-WA0034-768x512.jpg",640,427,true],"large":["https:\/\/contextoanalisisperiodistico.com\/wp-content\/uploads\/2023\/09\/IMG-20230907-WA0034-1024x683.jpg",640,427,true],"1536x1536":["https:\/\/contextoanalisisperiodistico.com\/wp-content\/uploads\/2023\/09\/IMG-20230907-WA0034.jpg",1317,878,false],"2048x2048":["https:\/\/contextoanalisisperiodistico.com\/wp-content\/uploads\/2023\/09\/IMG-20230907-WA0034.jpg",1317,878,false],"covernews-slider-full":["https:\/\/contextoanalisisperiodistico.com\/wp-content\/uploads\/2023\/09\/IMG-20230907-WA0034-1115x715.jpg",1115,715,true],"covernews-slider-center":["https:\/\/contextoanalisisperiodistico.com\/wp-content\/uploads\/2023\/09\/IMG-20230907-WA0034-800x500.jpg",800,500,true],"covernews-featured":["https:\/\/contextoanalisisperiodistico.com\/wp-content\/uploads\/2023\/09\/IMG-20230907-WA0034-1024x683.jpg",1024,683,true],"covernews-medium":["https:\/\/contextoanalisisperiodistico.com\/wp-content\/uploads\/2023\/09\/IMG-20230907-WA0034-540x340.jpg",540,340,true],"covernews-medium-square":["https:\/\/contextoanalisisperiodistico.com\/wp-content\/uploads\/2023\/09\/IMG-20230907-WA0034-400x250.jpg",400,250,true]},"author_info":{"display_name":"Mario Gir\u00f3n","author_link":"https:\/\/contextoanalisisperiodistico.com\/index.php\/author\/director\/"},"category_info":"<a href=\"https:\/\/contextoanalisisperiodistico.com\/index.php\/category\/politica\/\" rel=\"category tag\">Pol\u00edtica<\/a>","tag_info":"Pol\u00edtica","comment_count":"0","jetpack_featured_media_url":"https:\/\/contextoanalisisperiodistico.com\/wp-content\/uploads\/2023\/09\/IMG-20230907-WA0034.jpg","_links":{"self":[{"href":"https:\/\/contextoanalisisperiodistico.com\/index.php\/wp-json\/wp\/v2\/posts\/18461"}],"collection":[{"href":"https:\/\/contextoanalisisperiodistico.com\/index.php\/wp-json\/wp\/v2\/posts"}],"about":[{"href":"https:\/\/contextoanalisisperiodistico.com\/index.php\/wp-json\/wp\/v2\/types\/post"}],"author":[{"embeddable":true,"href":"https:\/\/contextoanalisisperiodistico.com\/index.php\/wp-json\/wp\/v2\/users\/4"}],"replies":[{"embeddable":true,"href":"https:\/\/contextoanalisisperiodistico.com\/index.php\/wp-json\/wp\/v2\/comments?post=18461"}],"version-history":[{"count":1,"href":"https:\/\/contextoanalisisperiodistico.com\/index.php\/wp-json\/wp\/v2\/posts\/18461\/revisions"}],"predecessor-version":[{"id":18466,"href":"https:\/\/contextoanalisisperiodistico.com\/index.php\/wp-json\/wp\/v2\/posts\/18461\/revisions\/18466"}],"wp:featuredmedia":[{"embeddable":true,"href":"https:\/\/contextoanalisisperiodistico.com\/index.php\/wp-json\/wp\/v2\/media\/18462"}],"wp:attachment":[{"href":"https:\/\/contextoanalisisperiodistico.com\/index.php\/wp-json\/wp\/v2\/media?parent=18461"}],"wp:term":[{"taxonomy":"category","embeddable":true,"href":"https:\/\/contextoanalisisperiodistico.com\/index.php\/wp-json\/wp\/v2\/categories?post=18461"},{"taxonomy":"post_tag","embeddable":true,"href":"https:\/\/contextoanalisisperiodistico.com\/index.php\/wp-json\/wp\/v2\/tags?post=18461"}],"curies":[{"name":"wp","href":"https:\/\/api.w.org\/{rel}","templated":true}]}}