{"id":18456,"date":"2023-09-07T09:30:55","date_gmt":"2023-09-07T15:30:55","guid":{"rendered":"https:\/\/contextoanalisisperiodistico.com\/?p=18456"},"modified":"2023-09-07T09:31:25","modified_gmt":"2023-09-07T15:31:25","slug":"desazolva-soapa-la-red-de-drenaje-del-mercado-benito-juarez","status":"publish","type":"post","link":"https:\/\/contextoanalisisperiodistico.com\/index.php\/2023\/09\/07\/desazolva-soapa-la-red-de-drenaje-del-mercado-benito-juarez\/","title":{"rendered":"Desazolva Soapa la red de drenaje del mercado Benito Ju\u00e1rez"},"content":{"rendered":"<div id=\"fb-root\"><\/div>\n\n<p>\u2022 Se benefician con estas acciones m\u00e1s de 800 locatarios, as\u00ed como visitantes locales, nacionales y del extranjero<\/p>\n\n\n\n<p><br>\u2022 Se coordinaron tareas con la Direcci\u00f3n de Mercados P\u00fablicos del municipio capitalino y locatarios<\/p>\n\n\n\n<figure class=\"wp-block-image size-large\"><img fetchpriority=\"high\" decoding=\"async\" width=\"1024\" height=\"683\" src=\"https:\/\/contextoanalisisperiodistico.com\/wp-content\/uploads\/2023\/09\/img-20230907-wa0030257641242393762858-1024x683.jpg\" alt=\"\" class=\"wp-image-18458\" srcset=\"https:\/\/contextoanalisisperiodistico.com\/wp-content\/uploads\/2023\/09\/img-20230907-wa0030257641242393762858-1024x683.jpg 1024w, https:\/\/contextoanalisisperiodistico.com\/wp-content\/uploads\/2023\/09\/img-20230907-wa0030257641242393762858-300x200.jpg 300w, https:\/\/contextoanalisisperiodistico.com\/wp-content\/uploads\/2023\/09\/img-20230907-wa0030257641242393762858-768x512.jpg 768w, https:\/\/contextoanalisisperiodistico.com\/wp-content\/uploads\/2023\/09\/img-20230907-wa0030257641242393762858.jpg 1280w\" sizes=\"(max-width: 1024px) 100vw, 1024px\" \/><\/figure>\n\n\n\n<figure class=\"wp-block-image\"><img decoding=\"async\" width=\"1024\" height=\"683\" src=\"https:\/\/contextoanalisisperiodistico.com\/wp-content\/uploads\/2023\/09\/img-20230907-wa00272543419018435087468-1024x683.jpg\" alt=\"\" class=\"wp-image-18459\" srcset=\"https:\/\/contextoanalisisperiodistico.com\/wp-content\/uploads\/2023\/09\/img-20230907-wa00272543419018435087468-1024x683.jpg 1024w, https:\/\/contextoanalisisperiodistico.com\/wp-content\/uploads\/2023\/09\/img-20230907-wa00272543419018435087468-300x200.jpg 300w, https:\/\/contextoanalisisperiodistico.com\/wp-content\/uploads\/2023\/09\/img-20230907-wa00272543419018435087468-768x512.jpg 768w, https:\/\/contextoanalisisperiodistico.com\/wp-content\/uploads\/2023\/09\/img-20230907-wa00272543419018435087468.jpg 1280w\" sizes=\"(max-width: 1024px) 100vw, 1024px\" \/><\/figure>\n\n\n\n<p>Oaxaca de Ju\u00e1rez, Oax. 7 de septiembre de 2023.- M\u00e1s de 800 locatarios del emblem\u00e1tico mercado Benito Ju\u00e1rez, ubicado en el centro de la capital del estado, se beneficiaron con los trabajos de desazolve de la red de drenaje que realiz\u00f3 el Sistema Operador de los Servicios de Agua Potable y Alcantarillado (Soapa).<\/p>\n\n\n\n<p>Apoyados con equipo GapVax, tres cuadrillas del departamento de Alcantarillado de Soapa limpiaron al interior de este espacio p\u00fablico, en donde retiraron desechos s\u00f3lidos, restos de comida y otros, los cuales congestionaban la red de manera importante.<\/p>\n\n\n\n<p>Tras supervisar los trabajos, el titular del Soapa, Omar P\u00e9rez Ben\u00edtez, dijo que esta tarea no se realizaba desde hace m\u00e1s de un a\u00f1o por parte de la anterior administraci\u00f3n, por lo que en una suma de esfuerzos con la Direcci\u00f3n de Mercados P\u00fablicos del municipio de Oaxaca de Ju\u00e1rez se atendi\u00f3 esta solicitud.<\/p>\n\n\n\n<p>\u201cEste es un espacio p\u00fablico hist\u00f3rico, importante para la actividad tur\u00edstica y comercial de la capital, adem\u00e1s que es Patrimonio Cultural de la Humanidad, al congregar a muchos visitantes locales, nacionales y extranjeros es importante que mantenga servicios \u00f3ptimos y es en lo que estamos contribuyendo\u201d, expres\u00f3.<\/p>\n\n\n\n<p>En su oportunidad el administrador del mercado Benito Ju\u00e1rez, Apolonio Garc\u00eda Z\u00fa\u00f1iga, agradeci\u00f3 el apoyo del Gobierno del Estado a trav\u00e9s de Soapa, ya que con las recientes lluvias el drenaje se ha colapsado y era necesaria la intervenci\u00f3n del equipo adecuado para su limpieza.<\/p>\n\n\n\n<p>\u201cLas y los locatarios aprovechan estos trabajos para limpiar sus establecimientos y los lugares que ocupan diariamente. Agradecemos a Soapa porque ahora vamos a recibir a la clientela en este mercado en buen estado, higi\u00e9nico y salubre\u201d, dijo.<\/p>\n\n\n\n<p>La directora de Mercados P\u00fablicos del municipio capitalino, Amira Mart\u00ednez Cruz, puntualiz\u00f3 que este espacio es cerrado solamente dos veces al a\u00f1o: en los meses de enero y febrero, y despu\u00e9s de Guelaguetza, esto para dar pie a la limpieza y mantenimiento profundo del lugar.<\/p>\n\n\n\n<p>El equipo utilizado para estas acciones por parte de Soapa (GapVax) tiene la ventaja de aplicar chorros de agua a presi\u00f3n a m\u00e1s de 120 metros lineales y su posterior succi\u00f3n, esto para destapar las redes de manera \u00f3ptima.<\/p>\n\n\n\n<p>El mercado Benito Ju\u00e1rez fue inaugurado en 1893 y se encuentra ubicado en el centro de la ciudad, espec\u00edficamente en la calle de Las Casas, a solo unas cuadras del z\u00f3calo capitalino.<\/p>\n\n\n\n<p><\/p>\n","protected":false},"excerpt":{"rendered":"<p>\u2022 Se benefician con estas acciones m\u00e1s de 800 locatarios, as\u00ed como visitantes locales, nacionales&#8230;<\/p>\n","protected":false},"author":4,"featured_media":18457,"comment_status":"closed","ping_status":"open","sticky":false,"template":"","format":"standard","meta":{"footnotes":""},"categories":[3],"tags":[],"jetpack_sharing_enabled":true,"featured_image_urls":{"full":["https:\/\/contextoanalisisperiodistico.com\/wp-content\/uploads\/2023\/09\/IMG-20230907-WA0029.jpg",1280,854,false],"thumbnail":["https:\/\/contextoanalisisperiodistico.com\/wp-content\/uploads\/2023\/09\/IMG-20230907-WA0029-150x150.jpg",150,150,true],"medium":["https:\/\/contextoanalisisperiodistico.com\/wp-content\/uploads\/2023\/09\/IMG-20230907-WA0029-300x200.jpg",300,200,true],"medium_large":["https:\/\/contextoanalisisperiodistico.com\/wp-content\/uploads\/2023\/09\/IMG-20230907-WA0029-768x512.jpg",640,427,true],"large":["https:\/\/contextoanalisisperiodistico.com\/wp-content\/uploads\/2023\/09\/IMG-20230907-WA0029-1024x683.jpg",640,427,true],"1536x1536":["https:\/\/contextoanalisisperiodistico.com\/wp-content\/uploads\/2023\/09\/IMG-20230907-WA0029.jpg",1280,854,false],"2048x2048":["https:\/\/contextoanalisisperiodistico.com\/wp-content\/uploads\/2023\/09\/IMG-20230907-WA0029.jpg",1280,854,false],"covernews-slider-full":["https:\/\/contextoanalisisperiodistico.com\/wp-content\/uploads\/2023\/09\/IMG-20230907-WA0029-1115x715.jpg",1115,715,true],"covernews-slider-center":["https:\/\/contextoanalisisperiodistico.com\/wp-content\/uploads\/2023\/09\/IMG-20230907-WA0029-800x500.jpg",800,500,true],"covernews-featured":["https:\/\/contextoanalisisperiodistico.com\/wp-content\/uploads\/2023\/09\/IMG-20230907-WA0029-1024x683.jpg",1024,683,true],"covernews-medium":["https:\/\/contextoanalisisperiodistico.com\/wp-content\/uploads\/2023\/09\/IMG-20230907-WA0029-540x340.jpg",540,340,true],"covernews-medium-square":["https:\/\/contextoanalisisperiodistico.com\/wp-content\/uploads\/2023\/09\/IMG-20230907-WA0029-400x250.jpg",400,250,true]},"author_info":{"display_name":"Mario Gir\u00f3n","author_link":"https:\/\/contextoanalisisperiodistico.com\/index.php\/author\/director\/"},"category_info":"<a href=\"https:\/\/contextoanalisisperiodistico.com\/index.php\/category\/ciudad\/\" rel=\"category tag\">Ciudad<\/a>","tag_info":"Ciudad","comment_count":"0","jetpack_featured_media_url":"https:\/\/contextoanalisisperiodistico.com\/wp-content\/uploads\/2023\/09\/IMG-20230907-WA0029.jpg","_links":{"self":[{"href":"https:\/\/contextoanalisisperiodistico.com\/index.php\/wp-json\/wp\/v2\/posts\/18456"}],"collection":[{"href":"https:\/\/contextoanalisisperiodistico.com\/index.php\/wp-json\/wp\/v2\/posts"}],"about":[{"href":"https:\/\/contextoanalisisperiodistico.com\/index.php\/wp-json\/wp\/v2\/types\/post"}],"author":[{"embeddable":true,"href":"https:\/\/contextoanalisisperiodistico.com\/index.php\/wp-json\/wp\/v2\/users\/4"}],"replies":[{"embeddable":true,"href":"https:\/\/contextoanalisisperiodistico.com\/index.php\/wp-json\/wp\/v2\/comments?post=18456"}],"version-history":[{"count":1,"href":"https:\/\/contextoanalisisperiodistico.com\/index.php\/wp-json\/wp\/v2\/posts\/18456\/revisions"}],"predecessor-version":[{"id":18460,"href":"https:\/\/contextoanalisisperiodistico.com\/index.php\/wp-json\/wp\/v2\/posts\/18456\/revisions\/18460"}],"wp:featuredmedia":[{"embeddable":true,"href":"https:\/\/contextoanalisisperiodistico.com\/index.php\/wp-json\/wp\/v2\/media\/18457"}],"wp:attachment":[{"href":"https:\/\/contextoanalisisperiodistico.com\/index.php\/wp-json\/wp\/v2\/media?parent=18456"}],"wp:term":[{"taxonomy":"category","embeddable":true,"href":"https:\/\/contextoanalisisperiodistico.com\/index.php\/wp-json\/wp\/v2\/categories?post=18456"},{"taxonomy":"post_tag","embeddable":true,"href":"https:\/\/contextoanalisisperiodistico.com\/index.php\/wp-json\/wp\/v2\/tags?post=18456"}],"curies":[{"name":"wp","href":"https:\/\/api.w.org\/{rel}","templated":true}]}}