{"id":18419,"date":"2023-09-06T16:05:46","date_gmt":"2023-09-06T22:05:46","guid":{"rendered":"https:\/\/contextoanalisisperiodistico.com\/?p=18419"},"modified":"2023-09-06T16:06:22","modified_gmt":"2023-09-06T22:06:22","slug":"confirma-fiscalia-de-oaxaca-operativo-en-oficinas-de-semovi-y-aseguro-equipo-de-computo-y-documentos","status":"publish","type":"post","link":"https:\/\/contextoanalisisperiodistico.com\/index.php\/2023\/09\/06\/confirma-fiscalia-de-oaxaca-operativo-en-oficinas-de-semovi-y-aseguro-equipo-de-computo-y-documentos\/","title":{"rendered":"Confirma Fiscal\u00eda de Oaxaca operativo en oficinas de Semovi y asegur\u00f3 equipo de c\u00f3mputo y documentos"},"content":{"rendered":"<div id=\"fb-root\"><\/div>\n\n<p>Oaxaca de Ju\u00e1rez, Oax., a 06 de septiembre de 2023.-La Fiscal\u00eda General del Estado de Oaxaca, confirm\u00f3 un operativo al interior de las oficinas de la Secretar\u00eda de Movilidad del Gobierno del Estado (Semovi), en total coordinaci\u00f3n de las y los servidores p\u00fablicos de la instituci\u00f3n.<\/p>\n\n\n\n<figure class=\"wp-block-image size-large\"><img fetchpriority=\"high\" decoding=\"async\" width=\"720\" height=\"480\" src=\"https:\/\/contextoanalisisperiodistico.com\/wp-content\/uploads\/2023\/09\/fb_img_16940377956692910924492618036736.jpg\" alt=\"\" class=\"wp-image-18421\" srcset=\"https:\/\/contextoanalisisperiodistico.com\/wp-content\/uploads\/2023\/09\/fb_img_16940377956692910924492618036736.jpg 720w, https:\/\/contextoanalisisperiodistico.com\/wp-content\/uploads\/2023\/09\/fb_img_16940377956692910924492618036736-300x200.jpg 300w\" sizes=\"(max-width: 720px) 100vw, 720px\" \/><\/figure>\n\n\n\n<figure class=\"wp-block-image\"><img decoding=\"async\" width=\"300\" height=\"200\" src=\"https:\/\/contextoanalisisperiodistico.com\/wp-content\/uploads\/2023\/09\/fb_img_16940377998442991558131903569634-300x200.jpg\" alt=\"\" class=\"wp-image-18422\" srcset=\"https:\/\/contextoanalisisperiodistico.com\/wp-content\/uploads\/2023\/09\/fb_img_16940377998442991558131903569634-300x200.jpg 300w, https:\/\/contextoanalisisperiodistico.com\/wp-content\/uploads\/2023\/09\/fb_img_16940377998442991558131903569634.jpg 720w\" sizes=\"(max-width: 300px) 100vw, 300px\" \/><\/figure>\n\n\n\n<figure class=\"wp-block-image\"><img decoding=\"async\" width=\"300\" height=\"200\" src=\"https:\/\/contextoanalisisperiodistico.com\/wp-content\/uploads\/2023\/09\/fb_img_16940378128053199486926253421447-300x200.jpg\" alt=\"\" class=\"wp-image-18423\" srcset=\"https:\/\/contextoanalisisperiodistico.com\/wp-content\/uploads\/2023\/09\/fb_img_16940378128053199486926253421447-300x200.jpg 300w, https:\/\/contextoanalisisperiodistico.com\/wp-content\/uploads\/2023\/09\/fb_img_16940378128053199486926253421447.jpg 720w\" sizes=\"(max-width: 300px) 100vw, 300px\" \/><\/figure>\n\n\n\n<p>En un comunicado explic\u00f3 que derivado de diversas denuncias presentadas ante la Fiscal\u00eda General del Estado de Oaxaca (FGEO), as\u00ed como la detenci\u00f3n por el delito de Falsificaci\u00f3n de Documentos de una persona del sexo masculino, identificada como A.Z.M., a trav\u00e9s de la Agencia Estatal de Investigaciones (AEI) se efectu\u00f3 dicho operativo.<\/p>\n\n\n\n<p>Luego de un trabajo de inteligencia, la Fiscal\u00eda de Oaxaca logr\u00f3 establecer una l\u00ednea de investigaci\u00f3n respecto a la expedici\u00f3n de licencias de conducir presuntamente falsas, por medio de personas que se ostentan como gestores vehiculares, lo que permiti\u00f3 la detenci\u00f3n de A. Z. M.<\/p>\n\n\n\n<p>Ante ello y dando continuidad a las indagatorias, este mi\u00e9rcoles por la ma\u00f1ana, agentes del Ministerio P\u00fablico, peritos en distintas ramas, as\u00ed como elementos de la AEI, llevaron a cabo un operativo al interior de las oficinas de la Semovi ubicadas en la calle Carlos Gracida n\u00famero 25, Ex Hacienda Candiani, para la b\u00fasqueda de indicios de una probable falsificaci\u00f3n de documentos.<\/p>\n\n\n\n<p>En este marco se logr\u00f3 el aseguramiento de equipo de c\u00f3mputo y documentaci\u00f3n a la que realizar\u00e1n estudios periciales, adem\u00e1s de la presentaci\u00f3n de una persona, lo cual formar\u00e1 parte de las indagatorias por este caso.<\/p>\n\n\n\n<p>La Fiscal\u00eda General del Estado de Oaxaca garantiza la investigaci\u00f3n de conductas contrarias a la ley que lesionan a la sociedad y generan actos de corrupci\u00f3n, por lo que mantendr\u00e1 acciones permanentes de investigaci\u00f3n para detectar y combatir este tipo de delitos.<\/p>\n","protected":false},"excerpt":{"rendered":"<p>Oaxaca de Ju\u00e1rez, Oax., a 06 de septiembre de 2023.-La Fiscal\u00eda General del Estado de&#8230;<\/p>\n","protected":false},"author":4,"featured_media":18420,"comment_status":"closed","ping_status":"open","sticky":false,"template":"","format":"standard","meta":{"footnotes":""},"categories":[9],"tags":[],"jetpack_sharing_enabled":true,"featured_image_urls":{"full":["https:\/\/contextoanalisisperiodistico.com\/wp-content\/uploads\/2023\/09\/FB_IMG_1694037786737.jpg",720,480,false],"thumbnail":["https:\/\/contextoanalisisperiodistico.com\/wp-content\/uploads\/2023\/09\/FB_IMG_1694037786737-150x150.jpg",150,150,true],"medium":["https:\/\/contextoanalisisperiodistico.com\/wp-content\/uploads\/2023\/09\/FB_IMG_1694037786737-300x200.jpg",300,200,true],"medium_large":["https:\/\/contextoanalisisperiodistico.com\/wp-content\/uploads\/2023\/09\/FB_IMG_1694037786737.jpg",640,427,false],"large":["https:\/\/contextoanalisisperiodistico.com\/wp-content\/uploads\/2023\/09\/FB_IMG_1694037786737.jpg",640,427,false],"1536x1536":["https:\/\/contextoanalisisperiodistico.com\/wp-content\/uploads\/2023\/09\/FB_IMG_1694037786737.jpg",720,480,false],"2048x2048":["https:\/\/contextoanalisisperiodistico.com\/wp-content\/uploads\/2023\/09\/FB_IMG_1694037786737.jpg",720,480,false],"covernews-slider-full":["https:\/\/contextoanalisisperiodistico.com\/wp-content\/uploads\/2023\/09\/FB_IMG_1694037786737.jpg",720,480,false],"covernews-slider-center":["https:\/\/contextoanalisisperiodistico.com\/wp-content\/uploads\/2023\/09\/FB_IMG_1694037786737.jpg",720,480,false],"covernews-featured":["https:\/\/contextoanalisisperiodistico.com\/wp-content\/uploads\/2023\/09\/FB_IMG_1694037786737.jpg",720,480,false],"covernews-medium":["https:\/\/contextoanalisisperiodistico.com\/wp-content\/uploads\/2023\/09\/FB_IMG_1694037786737-540x340.jpg",540,340,true],"covernews-medium-square":["https:\/\/contextoanalisisperiodistico.com\/wp-content\/uploads\/2023\/09\/FB_IMG_1694037786737-400x250.jpg",400,250,true]},"author_info":{"display_name":"Mario Gir\u00f3n","author_link":"https:\/\/contextoanalisisperiodistico.com\/index.php\/author\/director\/"},"category_info":"<a href=\"https:\/\/contextoanalisisperiodistico.com\/index.php\/category\/politica\/\" rel=\"category tag\">Pol\u00edtica<\/a>","tag_info":"Pol\u00edtica","comment_count":"0","jetpack_featured_media_url":"https:\/\/contextoanalisisperiodistico.com\/wp-content\/uploads\/2023\/09\/FB_IMG_1694037786737.jpg","_links":{"self":[{"href":"https:\/\/contextoanalisisperiodistico.com\/index.php\/wp-json\/wp\/v2\/posts\/18419"}],"collection":[{"href":"https:\/\/contextoanalisisperiodistico.com\/index.php\/wp-json\/wp\/v2\/posts"}],"about":[{"href":"https:\/\/contextoanalisisperiodistico.com\/index.php\/wp-json\/wp\/v2\/types\/post"}],"author":[{"embeddable":true,"href":"https:\/\/contextoanalisisperiodistico.com\/index.php\/wp-json\/wp\/v2\/users\/4"}],"replies":[{"embeddable":true,"href":"https:\/\/contextoanalisisperiodistico.com\/index.php\/wp-json\/wp\/v2\/comments?post=18419"}],"version-history":[{"count":1,"href":"https:\/\/contextoanalisisperiodistico.com\/index.php\/wp-json\/wp\/v2\/posts\/18419\/revisions"}],"predecessor-version":[{"id":18424,"href":"https:\/\/contextoanalisisperiodistico.com\/index.php\/wp-json\/wp\/v2\/posts\/18419\/revisions\/18424"}],"wp:featuredmedia":[{"embeddable":true,"href":"https:\/\/contextoanalisisperiodistico.com\/index.php\/wp-json\/wp\/v2\/media\/18420"}],"wp:attachment":[{"href":"https:\/\/contextoanalisisperiodistico.com\/index.php\/wp-json\/wp\/v2\/media?parent=18419"}],"wp:term":[{"taxonomy":"category","embeddable":true,"href":"https:\/\/contextoanalisisperiodistico.com\/index.php\/wp-json\/wp\/v2\/categories?post=18419"},{"taxonomy":"post_tag","embeddable":true,"href":"https:\/\/contextoanalisisperiodistico.com\/index.php\/wp-json\/wp\/v2\/tags?post=18419"}],"curies":[{"name":"wp","href":"https:\/\/api.w.org\/{rel}","templated":true}]}}