{"id":18402,"date":"2023-09-06T14:18:36","date_gmt":"2023-09-06T20:18:36","guid":{"rendered":"https:\/\/contextoanalisisperiodistico.com\/?p=18402"},"modified":"2023-09-06T14:19:19","modified_gmt":"2023-09-06T20:19:19","slug":"avanza-gobierno-de-oaxaca-con-paso-firme-para-garantizar-la-seguridad-publica","status":"publish","type":"post","link":"https:\/\/contextoanalisisperiodistico.com\/index.php\/2023\/09\/06\/avanza-gobierno-de-oaxaca-con-paso-firme-para-garantizar-la-seguridad-publica\/","title":{"rendered":"<em>Avanza Gobierno de Oaxaca con paso firme para garantizar la seguridad p\u00fablica<\/em>"},"content":{"rendered":"<div id=\"fb-root\"><\/div>\n\n<p>\u2022 En el marco de la Segunda Sesi\u00f3n Ordinaria del Consejo Estatal de Seguridad P\u00fablica de Oaxaca, autoridades de 25 municipios con mayor incidencia delictiva signaron el Convenio del Mando de Coordinaci\u00f3n Municipal<\/p>\n\n\n\n<p><br>Oaxaca de Ju\u00e1rez, Oax. 06 de septiembre de 2023.- Con la finalidad de garantizar la seguridad p\u00fablica en Oaxaca, el Gobernador Salom\u00f3n Jara Cruz encabez\u00f3 la Firma del Convenio del Mando de Coordinaci\u00f3n Municipal para mejorar la actuaci\u00f3n operativa en este rubro en los 25 municipios con mayor incidencia delictiva.<\/p>\n\n\n\n<figure class=\"wp-block-image size-large\"><img fetchpriority=\"high\" decoding=\"async\" width=\"1024\" height=\"682\" src=\"https:\/\/contextoanalisisperiodistico.com\/wp-content\/uploads\/2023\/09\/img-20230906-wa00461156004706000960864-1024x682.jpg\" alt=\"\" class=\"wp-image-18405\" srcset=\"https:\/\/contextoanalisisperiodistico.com\/wp-content\/uploads\/2023\/09\/img-20230906-wa00461156004706000960864-1024x682.jpg 1024w, https:\/\/contextoanalisisperiodistico.com\/wp-content\/uploads\/2023\/09\/img-20230906-wa00461156004706000960864-300x200.jpg 300w, https:\/\/contextoanalisisperiodistico.com\/wp-content\/uploads\/2023\/09\/img-20230906-wa00461156004706000960864-768x512.jpg 768w, https:\/\/contextoanalisisperiodistico.com\/wp-content\/uploads\/2023\/09\/img-20230906-wa00461156004706000960864-1536x1023.jpg 1536w, https:\/\/contextoanalisisperiodistico.com\/wp-content\/uploads\/2023\/09\/img-20230906-wa00461156004706000960864.jpg 1600w\" sizes=\"(max-width: 1024px) 100vw, 1024px\" \/><\/figure>\n\n\n\n<figure class=\"wp-block-image\"><img decoding=\"async\" width=\"1024\" height=\"682\" src=\"https:\/\/contextoanalisisperiodistico.com\/wp-content\/uploads\/2023\/09\/img-20230906-wa0045869713603838867837-1024x682.jpg\" alt=\"\" class=\"wp-image-18404\" srcset=\"https:\/\/contextoanalisisperiodistico.com\/wp-content\/uploads\/2023\/09\/img-20230906-wa0045869713603838867837-1024x682.jpg 1024w, https:\/\/contextoanalisisperiodistico.com\/wp-content\/uploads\/2023\/09\/img-20230906-wa0045869713603838867837-300x200.jpg 300w, https:\/\/contextoanalisisperiodistico.com\/wp-content\/uploads\/2023\/09\/img-20230906-wa0045869713603838867837-768x512.jpg 768w, https:\/\/contextoanalisisperiodistico.com\/wp-content\/uploads\/2023\/09\/img-20230906-wa0045869713603838867837-1536x1023.jpg 1536w, https:\/\/contextoanalisisperiodistico.com\/wp-content\/uploads\/2023\/09\/img-20230906-wa0045869713603838867837.jpg 1600w\" sizes=\"(max-width: 1024px) 100vw, 1024px\" \/><\/figure>\n\n\n\n<figure class=\"wp-block-image\"><img decoding=\"async\" width=\"1024\" height=\"682\" src=\"https:\/\/contextoanalisisperiodistico.com\/wp-content\/uploads\/2023\/09\/img-20230906-wa00475396149421107207643-1024x682.jpg\" alt=\"\" class=\"wp-image-18406\" srcset=\"https:\/\/contextoanalisisperiodistico.com\/wp-content\/uploads\/2023\/09\/img-20230906-wa00475396149421107207643-1024x682.jpg 1024w, https:\/\/contextoanalisisperiodistico.com\/wp-content\/uploads\/2023\/09\/img-20230906-wa00475396149421107207643-300x200.jpg 300w, https:\/\/contextoanalisisperiodistico.com\/wp-content\/uploads\/2023\/09\/img-20230906-wa00475396149421107207643-768x512.jpg 768w, https:\/\/contextoanalisisperiodistico.com\/wp-content\/uploads\/2023\/09\/img-20230906-wa00475396149421107207643-1536x1023.jpg 1536w, https:\/\/contextoanalisisperiodistico.com\/wp-content\/uploads\/2023\/09\/img-20230906-wa00475396149421107207643.jpg 1600w\" sizes=\"(max-width: 1024px) 100vw, 1024px\" \/><\/figure>\n\n\n\n<p>En el marco de la Segunda Sesi\u00f3n Ordinaria del Consejo Estatal de Seguridad P\u00fablica de Oaxaca, el Mandatario Oaxaque\u00f1o y Presidente de este \u00f3rgano, expres\u00f3 que esta acci\u00f3n abona a la Estrategia Nacional de Paz y Seguridad que impulsa el Gobierno de M\u00e9xico, toda vez que para su gobierno la seguridad es una prioridad que emana de la exigencia ciudadana.<\/p>\n\n\n\n<p>\u201cLa seguridad, la paz y la justicia son la base del cambio profundo que estamos forjando para la reparaci\u00f3n hist\u00f3rica de los pueblos, por ello el objetivo es trabajar de manera intensa y coordinada para medir los avances y establecer un an\u00e1lisis permanente de la seguridad en la entidad, actuando de manera responsable y eficiente entre los tres \u00f3rdenes de gobierno\u201d, afirm\u00f3.<\/p>\n\n\n\n<p>Acompa\u00f1ado por la secretaria Ejecutiva del Sistema Estatal de Seguridad P\u00fablica Karina Bar\u00f3n Ortiz, el titular del Poder Ejecutivo agradeci\u00f3 a los tres \u00f3rdenes de gobierno la voluntad de hacer equipo por la seguridad de Oaxaca.<\/p>\n\n\n\n<p>\u201cPara la Primera Oaxaque\u00f1a es fundamental articular y construir un nuevo modelo de seguridad para que nuestros municipios y comunidades desarrollen sus actividades productivas en paz y tranquilidad. Nuestro objetivo irrenunciable es salvaguardar la vida, integridad, los bienes, derechos de las personas y preservar el orden p\u00fablico en nuestro nuevo pacto social de paz con justicia\u201d, dijo.<\/p>\n\n\n\n<p>Jara Cruz tambi\u00e9n reconoci\u00f3 la actuaci\u00f3n y apoyo de las secretar\u00edas de la Defensa Nacional, Marina y Guardia Nacional, as\u00ed como de las y los polic\u00edas de la entidad, por su profesionalismo en la noble tarea de brindar seguridad a la poblaci\u00f3n.<\/p>\n\n\n\n<p>De esta manera, el Mandatario Estatal convoc\u00f3 a las instituciones de seguridad de los tres \u00f3rdenes de gobierno a seguir en esta ruta de compromiso y vocaci\u00f3n de servicio por el bien de las familias oaxaque\u00f1as.<\/p>\n\n\n\n<p>De acuerdo con el Secretariado Ejecutivo del Sistema Estatal de Seguridad P\u00fablica de Oaxaca que preside Karina Bar\u00f3n Ortiz, la conjugaci\u00f3n de estrategias que tendr\u00e1n lugar en este Mando de Coordinaci\u00f3n conjuntar\u00e1 acciones de seguridad con los 25 municipios que concentran el 80 por ciento del fen\u00f3meno delictivo.<\/p>\n\n\n\n<p>El Convenio tambi\u00e9n permitir\u00e1 fortalecer las capacidades de las polic\u00edas municipales para contar con corporaciones s\u00f3lidas, profesionales y confiables que cumplan su labor en un marco de paz y seguridad.<\/p>\n\n\n\n<p>La acci\u00f3n del Convenio de Mando de Coordinaci\u00f3n Municipal se apoya en la fortaleza de las polic\u00edas municipales como primer respondiente o polic\u00eda de proximidad; as\u00ed como acciones con la Polic\u00eda Vial Estatal, para contrarrestar los delitos culposos por hechos de tr\u00e1nsito y robo de veh\u00edculos.<\/p>\n\n\n\n<p>En este acto estuvieron el secretario de Gobierno Jes\u00fas Romero L\u00f3pez; el secretario de Seguridad y Protecci\u00f3n Ciudadana Iv\u00e1n Garc\u00eda \u00c1lvarez, el fiscal General del Estado Oaxaca, Jos\u00e9 Bernardo Rodr\u00edguez Alamilla y titulares de diversas corporaciones de seguridad.<\/p>\n\n\n\n<p><\/p>\n","protected":false},"excerpt":{"rendered":"<p>\u2022 En el marco de la Segunda Sesi\u00f3n Ordinaria del Consejo Estatal de Seguridad P\u00fablica&#8230;<\/p>\n","protected":false},"author":4,"featured_media":18403,"comment_status":"closed","ping_status":"open","sticky":false,"template":"","format":"standard","meta":{"footnotes":""},"categories":[9],"tags":[],"jetpack_sharing_enabled":true,"featured_image_urls":{"full":["https:\/\/contextoanalisisperiodistico.com\/wp-content\/uploads\/2023\/09\/IMG-20230906-WA0043.jpg",1600,1066,false],"thumbnail":["https:\/\/contextoanalisisperiodistico.com\/wp-content\/uploads\/2023\/09\/IMG-20230906-WA0043-150x150.jpg",150,150,true],"medium":["https:\/\/contextoanalisisperiodistico.com\/wp-content\/uploads\/2023\/09\/IMG-20230906-WA0043-300x200.jpg",300,200,true],"medium_large":["https:\/\/contextoanalisisperiodistico.com\/wp-content\/uploads\/2023\/09\/IMG-20230906-WA0043-768x512.jpg",640,427,true],"large":["https:\/\/contextoanalisisperiodistico.com\/wp-content\/uploads\/2023\/09\/IMG-20230906-WA0043-1024x682.jpg",640,426,true],"1536x1536":["https:\/\/contextoanalisisperiodistico.com\/wp-content\/uploads\/2023\/09\/IMG-20230906-WA0043-1536x1023.jpg",1536,1023,true],"2048x2048":["https:\/\/contextoanalisisperiodistico.com\/wp-content\/uploads\/2023\/09\/IMG-20230906-WA0043.jpg",1600,1066,false],"covernews-slider-full":["https:\/\/contextoanalisisperiodistico.com\/wp-content\/uploads\/2023\/09\/IMG-20230906-WA0043-1115x715.jpg",1115,715,true],"covernews-slider-center":["https:\/\/contextoanalisisperiodistico.com\/wp-content\/uploads\/2023\/09\/IMG-20230906-WA0043-800x500.jpg",800,500,true],"covernews-featured":["https:\/\/contextoanalisisperiodistico.com\/wp-content\/uploads\/2023\/09\/IMG-20230906-WA0043-1024x682.jpg",1024,682,true],"covernews-medium":["https:\/\/contextoanalisisperiodistico.com\/wp-content\/uploads\/2023\/09\/IMG-20230906-WA0043-540x340.jpg",540,340,true],"covernews-medium-square":["https:\/\/contextoanalisisperiodistico.com\/wp-content\/uploads\/2023\/09\/IMG-20230906-WA0043-400x250.jpg",400,250,true]},"author_info":{"display_name":"Mario Gir\u00f3n","author_link":"https:\/\/contextoanalisisperiodistico.com\/index.php\/author\/director\/"},"category_info":"<a href=\"https:\/\/contextoanalisisperiodistico.com\/index.php\/category\/politica\/\" rel=\"category tag\">Pol\u00edtica<\/a>","tag_info":"Pol\u00edtica","comment_count":"0","jetpack_featured_media_url":"https:\/\/contextoanalisisperiodistico.com\/wp-content\/uploads\/2023\/09\/IMG-20230906-WA0043.jpg","_links":{"self":[{"href":"https:\/\/contextoanalisisperiodistico.com\/index.php\/wp-json\/wp\/v2\/posts\/18402"}],"collection":[{"href":"https:\/\/contextoanalisisperiodistico.com\/index.php\/wp-json\/wp\/v2\/posts"}],"about":[{"href":"https:\/\/contextoanalisisperiodistico.com\/index.php\/wp-json\/wp\/v2\/types\/post"}],"author":[{"embeddable":true,"href":"https:\/\/contextoanalisisperiodistico.com\/index.php\/wp-json\/wp\/v2\/users\/4"}],"replies":[{"embeddable":true,"href":"https:\/\/contextoanalisisperiodistico.com\/index.php\/wp-json\/wp\/v2\/comments?post=18402"}],"version-history":[{"count":1,"href":"https:\/\/contextoanalisisperiodistico.com\/index.php\/wp-json\/wp\/v2\/posts\/18402\/revisions"}],"predecessor-version":[{"id":18407,"href":"https:\/\/contextoanalisisperiodistico.com\/index.php\/wp-json\/wp\/v2\/posts\/18402\/revisions\/18407"}],"wp:featuredmedia":[{"embeddable":true,"href":"https:\/\/contextoanalisisperiodistico.com\/index.php\/wp-json\/wp\/v2\/media\/18403"}],"wp:attachment":[{"href":"https:\/\/contextoanalisisperiodistico.com\/index.php\/wp-json\/wp\/v2\/media?parent=18402"}],"wp:term":[{"taxonomy":"category","embeddable":true,"href":"https:\/\/contextoanalisisperiodistico.com\/index.php\/wp-json\/wp\/v2\/categories?post=18402"},{"taxonomy":"post_tag","embeddable":true,"href":"https:\/\/contextoanalisisperiodistico.com\/index.php\/wp-json\/wp\/v2\/tags?post=18402"}],"curies":[{"name":"wp","href":"https:\/\/api.w.org\/{rel}","templated":true}]}}