{"id":18390,"date":"2023-09-06T11:52:40","date_gmt":"2023-09-06T17:52:40","guid":{"rendered":"https:\/\/contextoanalisisperiodistico.com\/?p=18390"},"modified":"2023-09-06T11:53:13","modified_gmt":"2023-09-06T17:53:13","slug":"la-primavera-oaxaquena-se-suma-a-fiestas-patrias-rememorando-a-mujeres-y-hombres-que-han-hecho-grande-a-mexico","status":"publish","type":"post","link":"https:\/\/contextoanalisisperiodistico.com\/index.php\/2023\/09\/06\/la-primavera-oaxaquena-se-suma-a-fiestas-patrias-rememorando-a-mujeres-y-hombres-que-han-hecho-grande-a-mexico\/","title":{"rendered":"<em>La Primavera Oaxaque\u00f1a se suma a fiestas patrias rememorando a mujeres y hombres que han hecho grande a M\u00e9xico<\/em>"},"content":{"rendered":"<div id=\"fb-root\"><\/div>\n\n<p>\u2022 Se trata de una muestra fotogr\u00e1fica de 53 piezas que se exhibe en el corredor principal del Palacio de Gobierno de Oaxaca<\/p>\n\n\n\n<p><br>\u2022 Se brinda tambi\u00e9n homenaje al Bicentenario del Heroico Colegio Militar y se otorga rostro a quienes, con su vida lucharon para la construcci\u00f3n de la naci\u00f3n mexicana<\/p>\n\n\n\n<p>Oaxaca de Ju\u00e1rez, Oax. 6 de septiembre de 2023.- En el mes en el que se cumplen 213 a\u00f1os de la lucha de Independencia y en el marco del Bicentenario del Heroico Colegio Militar, el Gobernador Salom\u00f3n Jara Cruz inaugur\u00f3 las exposiciones fotogr\u00e1ficas Oaxaca en la Primera Transformaci\u00f3n y Conmemorativa del Bicentenario del Heroico Colegio Militar que se exhiben en el corredor principal del Palacio de Gobierno.<\/p>\n\n\n\n<p>Con estas muestras fotogr\u00e1ficas se impulsan los valores c\u00edvicos y se honra la memoria de mujeres, hombres y las instituciones que han hecho grande a M\u00e9xico, destac\u00f3 el Mandatario Oaxaque\u00f1o al exterior de la casa del pueblo.<\/p>\n\n\n\n<p>Ante el jefe del Estado Mayor de la 28 Zona Militar Jorge Ignacio Ponce; la secretaria de Educaci\u00f3n P\u00fablica de Oaxaca, Delfina Guzm\u00e1n y la Coordinadora de Comunicaci\u00f3n Social del Gobierno del Estado Elizabeth \u00c1lvarez Acosta, el Gobernador destac\u00f3 que las piezas expuestas dan cuenta de hechos determinantes que forjaron la naci\u00f3n mexicana.<\/p>\n\n\n\n<p>\u201cGrande ha sido la dignidad, la entrega, el sacrificio de quienes han integrado las filas del Heroico Colegio Militar, cuyo ejemplo tiene un sitio de honor en el coraz\u00f3n y en la memoria de nuestra patria\u201d, manifest\u00f3.<\/p>\n\n\n\n<p>Dijo que la exposici\u00f3n refleja la grandeza de la instituci\u00f3n y rinde homenaje a quienes se han formado en las filas del Heroico Colegio Militar con compromiso y lealtad a M\u00e9xico.<\/p>\n\n\n\n<p>\u201cNo hay mejor momento para sentirnos orgullosos de nuestro Heroico Colegio Militar cuya trascendencia en el tiempo est\u00e1 plasmada en esta serie de im\u00e1genes. La primavera Oaxaque\u00f1a se suma a las fiestas patrias honrando a trav\u00e9s de la fotograf\u00eda el legado de las hero\u00ednas y h\u00e9roes que lucharon por nuestra libertad\u201d, expres\u00f3.<\/p>\n\n\n\n<p>De esta manera reconoci\u00f3 y felicit\u00f3 a quienes integran las fuerzas armadas, quienes representan los m\u00e1s altos valores y que son la esencia de la soberan\u00eda mexicana.<\/p>\n\n\n\n<p>La exposici\u00f3n Oaxaca en la Primera Transformaci\u00f3n se basa en una recopilaci\u00f3n hist\u00f3rica de lugares, vestimentas y rostros de las regiones, que fue posible gracias a las nuevas tecnolog\u00edas de arte digital, lo cual signific\u00f3 una tarea tit\u00e1nica en la b\u00fasqueda e interpretaci\u00f3n de im\u00e1genes hist\u00f3ricas, lo m\u00e1s fidedignas posibles al contexto hist\u00f3rico de hace m\u00e1s de 200 a\u00f1os del pueblo oaxaque\u00f1o.<\/p>\n\n\n\n<p>Con esta muestra se otorga rostro a quienes, con su vida lucharon para la construcci\u00f3n de la naci\u00f3n y que, con su esfuerzo, coraje y valent\u00eda, lograron consumar la Primera Gran Transformaci\u00f3n de la vida p\u00fablica de M\u00e9xico, desde Oaxaca.<code> <\/code><\/p>\n\n\n\n<figure class=\"wp-block-image size-large\"><img fetchpriority=\"high\" decoding=\"async\" width=\"720\" height=\"480\" src=\"https:\/\/contextoanalisisperiodistico.com\/wp-content\/uploads\/2023\/09\/img-20230906-wa00211053400566522362123.jpg\" alt=\"\" class=\"wp-image-18392\" srcset=\"https:\/\/contextoanalisisperiodistico.com\/wp-content\/uploads\/2023\/09\/img-20230906-wa00211053400566522362123.jpg 720w, https:\/\/contextoanalisisperiodistico.com\/wp-content\/uploads\/2023\/09\/img-20230906-wa00211053400566522362123-300x200.jpg 300w\" sizes=\"(max-width: 720px) 100vw, 720px\" \/><\/figure>\n\n\n\n<figure class=\"wp-block-image\"><img decoding=\"async\" width=\"300\" height=\"200\" src=\"https:\/\/contextoanalisisperiodistico.com\/wp-content\/uploads\/2023\/09\/img-20230906-wa00209046705135761697192-300x200.jpg\" alt=\"\" class=\"wp-image-18395\" srcset=\"https:\/\/contextoanalisisperiodistico.com\/wp-content\/uploads\/2023\/09\/img-20230906-wa00209046705135761697192-300x200.jpg 300w, https:\/\/contextoanalisisperiodistico.com\/wp-content\/uploads\/2023\/09\/img-20230906-wa00209046705135761697192.jpg 720w\" sizes=\"(max-width: 300px) 100vw, 300px\" \/><\/figure>\n\n\n\n<figure class=\"wp-block-image\"><img decoding=\"async\" width=\"300\" height=\"200\" src=\"https:\/\/contextoanalisisperiodistico.com\/wp-content\/uploads\/2023\/09\/img-20230906-wa00243856241068034301754-300x200.jpg\" alt=\"\" class=\"wp-image-18396\" srcset=\"https:\/\/contextoanalisisperiodistico.com\/wp-content\/uploads\/2023\/09\/img-20230906-wa00243856241068034301754-300x200.jpg 300w, https:\/\/contextoanalisisperiodistico.com\/wp-content\/uploads\/2023\/09\/img-20230906-wa00243856241068034301754.jpg 720w\" sizes=\"(max-width: 300px) 100vw, 300px\" \/><\/figure>\n\n\n\n<figure class=\"wp-block-image\"><img loading=\"lazy\" decoding=\"async\" width=\"300\" height=\"200\" src=\"https:\/\/contextoanalisisperiodistico.com\/wp-content\/uploads\/2023\/09\/img-20230906-wa00238363487761218796977-300x200.jpg\" alt=\"\" class=\"wp-image-18393\" srcset=\"https:\/\/contextoanalisisperiodistico.com\/wp-content\/uploads\/2023\/09\/img-20230906-wa00238363487761218796977-300x200.jpg 300w, https:\/\/contextoanalisisperiodistico.com\/wp-content\/uploads\/2023\/09\/img-20230906-wa00238363487761218796977.jpg 720w\" sizes=\"(max-width: 300px) 100vw, 300px\" \/><\/figure>\n\n\n\n<figure class=\"wp-block-image\"><img loading=\"lazy\" decoding=\"async\" width=\"300\" height=\"200\" src=\"https:\/\/contextoanalisisperiodistico.com\/wp-content\/uploads\/2023\/09\/img-20230906-wa00187543627647590827908-300x200.jpg\" alt=\"\" class=\"wp-image-18394\" srcset=\"https:\/\/contextoanalisisperiodistico.com\/wp-content\/uploads\/2023\/09\/img-20230906-wa00187543627647590827908-300x200.jpg 300w, https:\/\/contextoanalisisperiodistico.com\/wp-content\/uploads\/2023\/09\/img-20230906-wa00187543627647590827908.jpg 720w\" sizes=\"(max-width: 300px) 100vw, 300px\" \/><\/figure>\n\n\n\n<figure class=\"wp-block-image\"><img loading=\"lazy\" decoding=\"async\" width=\"300\" height=\"200\" src=\"https:\/\/contextoanalisisperiodistico.com\/wp-content\/uploads\/2023\/09\/img-20230906-wa00193554942929105946203-300x200.jpg\" alt=\"\" class=\"wp-image-18397\" srcset=\"https:\/\/contextoanalisisperiodistico.com\/wp-content\/uploads\/2023\/09\/img-20230906-wa00193554942929105946203-300x200.jpg 300w, https:\/\/contextoanalisisperiodistico.com\/wp-content\/uploads\/2023\/09\/img-20230906-wa00193554942929105946203.jpg 720w\" sizes=\"(max-width: 300px) 100vw, 300px\" \/><\/figure>\n","protected":false},"excerpt":{"rendered":"<p>\u2022 Se trata de una muestra fotogr\u00e1fica de 53 piezas que se exhibe en el&#8230;<\/p>\n","protected":false},"author":4,"featured_media":18391,"comment_status":"closed","ping_status":"open","sticky":false,"template":"","format":"standard","meta":{"footnotes":""},"categories":[9],"tags":[],"jetpack_sharing_enabled":true,"featured_image_urls":{"full":["https:\/\/contextoanalisisperiodistico.com\/wp-content\/uploads\/2023\/09\/IMG-20230906-WA0022.jpg",720,480,false],"thumbnail":["https:\/\/contextoanalisisperiodistico.com\/wp-content\/uploads\/2023\/09\/IMG-20230906-WA0022-150x150.jpg",150,150,true],"medium":["https:\/\/contextoanalisisperiodistico.com\/wp-content\/uploads\/2023\/09\/IMG-20230906-WA0022-300x200.jpg",300,200,true],"medium_large":["https:\/\/contextoanalisisperiodistico.com\/wp-content\/uploads\/2023\/09\/IMG-20230906-WA0022.jpg",640,427,false],"large":["https:\/\/contextoanalisisperiodistico.com\/wp-content\/uploads\/2023\/09\/IMG-20230906-WA0022.jpg",640,427,false],"1536x1536":["https:\/\/contextoanalisisperiodistico.com\/wp-content\/uploads\/2023\/09\/IMG-20230906-WA0022.jpg",720,480,false],"2048x2048":["https:\/\/contextoanalisisperiodistico.com\/wp-content\/uploads\/2023\/09\/IMG-20230906-WA0022.jpg",720,480,false],"covernews-slider-full":["https:\/\/contextoanalisisperiodistico.com\/wp-content\/uploads\/2023\/09\/IMG-20230906-WA0022.jpg",720,480,false],"covernews-slider-center":["https:\/\/contextoanalisisperiodistico.com\/wp-content\/uploads\/2023\/09\/IMG-20230906-WA0022.jpg",720,480,false],"covernews-featured":["https:\/\/contextoanalisisperiodistico.com\/wp-content\/uploads\/2023\/09\/IMG-20230906-WA0022.jpg",720,480,false],"covernews-medium":["https:\/\/contextoanalisisperiodistico.com\/wp-content\/uploads\/2023\/09\/IMG-20230906-WA0022-540x340.jpg",540,340,true],"covernews-medium-square":["https:\/\/contextoanalisisperiodistico.com\/wp-content\/uploads\/2023\/09\/IMG-20230906-WA0022-400x250.jpg",400,250,true]},"author_info":{"display_name":"Mario Gir\u00f3n","author_link":"https:\/\/contextoanalisisperiodistico.com\/index.php\/author\/director\/"},"category_info":"<a href=\"https:\/\/contextoanalisisperiodistico.com\/index.php\/category\/politica\/\" rel=\"category tag\">Pol\u00edtica<\/a>","tag_info":"Pol\u00edtica","comment_count":"0","jetpack_featured_media_url":"https:\/\/contextoanalisisperiodistico.com\/wp-content\/uploads\/2023\/09\/IMG-20230906-WA0022.jpg","_links":{"self":[{"href":"https:\/\/contextoanalisisperiodistico.com\/index.php\/wp-json\/wp\/v2\/posts\/18390"}],"collection":[{"href":"https:\/\/contextoanalisisperiodistico.com\/index.php\/wp-json\/wp\/v2\/posts"}],"about":[{"href":"https:\/\/contextoanalisisperiodistico.com\/index.php\/wp-json\/wp\/v2\/types\/post"}],"author":[{"embeddable":true,"href":"https:\/\/contextoanalisisperiodistico.com\/index.php\/wp-json\/wp\/v2\/users\/4"}],"replies":[{"embeddable":true,"href":"https:\/\/contextoanalisisperiodistico.com\/index.php\/wp-json\/wp\/v2\/comments?post=18390"}],"version-history":[{"count":1,"href":"https:\/\/contextoanalisisperiodistico.com\/index.php\/wp-json\/wp\/v2\/posts\/18390\/revisions"}],"predecessor-version":[{"id":18398,"href":"https:\/\/contextoanalisisperiodistico.com\/index.php\/wp-json\/wp\/v2\/posts\/18390\/revisions\/18398"}],"wp:featuredmedia":[{"embeddable":true,"href":"https:\/\/contextoanalisisperiodistico.com\/index.php\/wp-json\/wp\/v2\/media\/18391"}],"wp:attachment":[{"href":"https:\/\/contextoanalisisperiodistico.com\/index.php\/wp-json\/wp\/v2\/media?parent=18390"}],"wp:term":[{"taxonomy":"category","embeddable":true,"href":"https:\/\/contextoanalisisperiodistico.com\/index.php\/wp-json\/wp\/v2\/categories?post=18390"},{"taxonomy":"post_tag","embeddable":true,"href":"https:\/\/contextoanalisisperiodistico.com\/index.php\/wp-json\/wp\/v2\/tags?post=18390"}],"curies":[{"name":"wp","href":"https:\/\/api.w.org\/{rel}","templated":true}]}}