{"id":18387,"date":"2023-09-06T11:47:21","date_gmt":"2023-09-06T17:47:21","guid":{"rendered":"https:\/\/contextoanalisisperiodistico.com\/?p=18387"},"modified":"2023-09-06T11:48:11","modified_gmt":"2023-09-06T17:48:11","slug":"advierte-semovi-sobre-falsificacion-de-licencias","status":"publish","type":"post","link":"https:\/\/contextoanalisisperiodistico.com\/index.php\/2023\/09\/06\/advierte-semovi-sobre-falsificacion-de-licencias\/","title":{"rendered":"Advierte Semovi sobre falsificaci\u00f3n de licencias"},"content":{"rendered":"<div id=\"fb-root\"><\/div>\n\n<p>\u2022 La Secretar\u00eda de Movilidad llama a la ciudadan\u00eda evitar ser v\u00edctima de fraudes al realizar tr\u00e1mites vehiculares a trav\u00e9s de gestores y en oficinas externas a esta dependencia<\/p>\n\n\n\n<p>Oaxaca de Ju\u00e1rez, Oax. 6 de septiembre de 2023.- La Secretar\u00eda de Movilidad (Semovi) y la Fiscal\u00eda General del Estado de Oaxaca (FGEO) en un trabajo conjunto, iniciaron un proceso de revisi\u00f3n por la expedici\u00f3n de presuntos documentos vehiculares falsos, los cuales se habr\u00edan tramitado en oficinas de gestor\u00eda, con personal ajeno a la dependencia.<\/p>\n\n\n\n<p>La titular de la Semovi, Claudina de Gyves, inform\u00f3 que han recibido reportes de usuarios quienes al contratar los servicios de gestores les fueron \u201ctramitadas\u201d licencias de conducir presuntamente falsas, y por las que les cobraron exorbitantes cantidades de dinero, lo que representa un fraude.<\/p>\n\n\n\n<p>La funcionaria estatal dio a conocer que atendiendo las quejas y reportes recibidos, se solicit\u00f3 a la Fiscal\u00eda General del Estado de Oaxaca su intervenci\u00f3n para investigar a las y los presuntos responsables de este delito.<\/p>\n\n\n\n<p>Claudina de Gyves hizo un llamado a las y los oaxaque\u00f1os evitar ser v\u00edctimas de fraudes al adquirir licencias de conducir ap\u00f3crifas expedidas fuera de la dependencia, y reiter\u00f3 que todos los tr\u00e1mites vehiculares deben ser realizados dentro de sus oficinas, por personal debidamente acreditado.<\/p>\n\n\n\n<p>Record\u00f3 que la Semovi es la \u00fanica instancia que tiene el control del Sistema de Licencias que proporciona claves \u00fanicas a cada servidor p\u00fablico, y permite rastrear la informaci\u00f3n relativa a su emisi\u00f3n.<\/p>\n\n\n\n<p>Tambi\u00e9n, dijo, se monitorean los centros de gesti\u00f3n externos para identificar qu\u00e9 tipo de documentos ofrecen y asegur\u00f3 que en la presente administraci\u00f3n se han fortalecido las medidas de seguridad de las licencias de conducir agreg\u00e1ndole una serie de candados digitales que permiten verificar su autenticidad.<\/p>\n\n\n\n<p><\/p>\n","protected":false},"excerpt":{"rendered":"<p>\u2022 La Secretar\u00eda de Movilidad llama a la ciudadan\u00eda evitar ser v\u00edctima de fraudes al&#8230;<\/p>\n","protected":false},"author":4,"featured_media":18388,"comment_status":"closed","ping_status":"open","sticky":false,"template":"","format":"standard","meta":{"footnotes":""},"categories":[9],"tags":[],"jetpack_sharing_enabled":true,"featured_image_urls":{"full":["https:\/\/contextoanalisisperiodistico.com\/wp-content\/uploads\/2023\/09\/IMG-20230906-WA0016.jpg",1600,1067,false],"thumbnail":["https:\/\/contextoanalisisperiodistico.com\/wp-content\/uploads\/2023\/09\/IMG-20230906-WA0016-150x150.jpg",150,150,true],"medium":["https:\/\/contextoanalisisperiodistico.com\/wp-content\/uploads\/2023\/09\/IMG-20230906-WA0016-300x200.jpg",300,200,true],"medium_large":["https:\/\/contextoanalisisperiodistico.com\/wp-content\/uploads\/2023\/09\/IMG-20230906-WA0016-768x512.jpg",640,427,true],"large":["https:\/\/contextoanalisisperiodistico.com\/wp-content\/uploads\/2023\/09\/IMG-20230906-WA0016-1024x683.jpg",640,427,true],"1536x1536":["https:\/\/contextoanalisisperiodistico.com\/wp-content\/uploads\/2023\/09\/IMG-20230906-WA0016-1536x1024.jpg",1536,1024,true],"2048x2048":["https:\/\/contextoanalisisperiodistico.com\/wp-content\/uploads\/2023\/09\/IMG-20230906-WA0016.jpg",1600,1067,false],"covernews-slider-full":["https:\/\/contextoanalisisperiodistico.com\/wp-content\/uploads\/2023\/09\/IMG-20230906-WA0016-1115x715.jpg",1115,715,true],"covernews-slider-center":["https:\/\/contextoanalisisperiodistico.com\/wp-content\/uploads\/2023\/09\/IMG-20230906-WA0016-800x500.jpg",800,500,true],"covernews-featured":["https:\/\/contextoanalisisperiodistico.com\/wp-content\/uploads\/2023\/09\/IMG-20230906-WA0016-1024x683.jpg",1024,683,true],"covernews-medium":["https:\/\/contextoanalisisperiodistico.com\/wp-content\/uploads\/2023\/09\/IMG-20230906-WA0016-540x340.jpg",540,340,true],"covernews-medium-square":["https:\/\/contextoanalisisperiodistico.com\/wp-content\/uploads\/2023\/09\/IMG-20230906-WA0016-400x250.jpg",400,250,true]},"author_info":{"display_name":"Mario Gir\u00f3n","author_link":"https:\/\/contextoanalisisperiodistico.com\/index.php\/author\/director\/"},"category_info":"<a href=\"https:\/\/contextoanalisisperiodistico.com\/index.php\/category\/politica\/\" rel=\"category tag\">Pol\u00edtica<\/a>","tag_info":"Pol\u00edtica","comment_count":"0","jetpack_featured_media_url":"https:\/\/contextoanalisisperiodistico.com\/wp-content\/uploads\/2023\/09\/IMG-20230906-WA0016.jpg","_links":{"self":[{"href":"https:\/\/contextoanalisisperiodistico.com\/index.php\/wp-json\/wp\/v2\/posts\/18387"}],"collection":[{"href":"https:\/\/contextoanalisisperiodistico.com\/index.php\/wp-json\/wp\/v2\/posts"}],"about":[{"href":"https:\/\/contextoanalisisperiodistico.com\/index.php\/wp-json\/wp\/v2\/types\/post"}],"author":[{"embeddable":true,"href":"https:\/\/contextoanalisisperiodistico.com\/index.php\/wp-json\/wp\/v2\/users\/4"}],"replies":[{"embeddable":true,"href":"https:\/\/contextoanalisisperiodistico.com\/index.php\/wp-json\/wp\/v2\/comments?post=18387"}],"version-history":[{"count":1,"href":"https:\/\/contextoanalisisperiodistico.com\/index.php\/wp-json\/wp\/v2\/posts\/18387\/revisions"}],"predecessor-version":[{"id":18389,"href":"https:\/\/contextoanalisisperiodistico.com\/index.php\/wp-json\/wp\/v2\/posts\/18387\/revisions\/18389"}],"wp:featuredmedia":[{"embeddable":true,"href":"https:\/\/contextoanalisisperiodistico.com\/index.php\/wp-json\/wp\/v2\/media\/18388"}],"wp:attachment":[{"href":"https:\/\/contextoanalisisperiodistico.com\/index.php\/wp-json\/wp\/v2\/media?parent=18387"}],"wp:term":[{"taxonomy":"category","embeddable":true,"href":"https:\/\/contextoanalisisperiodistico.com\/index.php\/wp-json\/wp\/v2\/categories?post=18387"},{"taxonomy":"post_tag","embeddable":true,"href":"https:\/\/contextoanalisisperiodistico.com\/index.php\/wp-json\/wp\/v2\/tags?post=18387"}],"curies":[{"name":"wp","href":"https:\/\/api.w.org\/{rel}","templated":true}]}}