{"id":18384,"date":"2023-09-06T11:43:17","date_gmt":"2023-09-06T17:43:17","guid":{"rendered":"https:\/\/contextoanalisisperiodistico.com\/?p=18384"},"modified":"2023-09-06T11:44:06","modified_gmt":"2023-09-06T17:44:06","slug":"dan-resultado-patrullajes-en-oaxaca-sspc-rescata-a-80-personas-migrantes","status":"publish","type":"post","link":"https:\/\/contextoanalisisperiodistico.com\/index.php\/2023\/09\/06\/dan-resultado-patrullajes-en-oaxaca-sspc-rescata-a-80-personas-migrantes\/","title":{"rendered":"Dan resultado patrullajes en Oaxaca, SSPC rescata a 80 personas migrantes"},"content":{"rendered":"<div id=\"fb-root\"><\/div>\n\n<p>\u2022 Adem\u00e1s, se report\u00f3 la detenci\u00f3n de siete personas y el aseguramiento de ocho veh\u00edculos, dos armas de fuego, dos cargadores y cuatro dosis de presuntas drogas<\/p>\n\n\n\n<p>Oaxaca de Ju\u00e1rez, Oax., 6 de septiembre de 2023.- Como resultado de patrullajes de vigilancia realizados en las \u00faltimas horas, la Secretar\u00eda de Seguridad y Protecci\u00f3n Ciudadana (SSPC) rescat\u00f3 a 80 personas migrantes originarias de Guatemala y El Salvador, en el municipio de Santa Cruz Xoxocotl\u00e1n, por lo que intervino el Instituto Nacional de Migraci\u00f3n (INM).<\/p>\n\n\n\n<p>Por otra parte y con la finalidad de prevenir la comisi\u00f3n de delitos en las ocho regiones de la entidad, se realiz\u00f3 la detenci\u00f3n de siete personas y el aseguramiento de ocho veh\u00edculos de los cuales, cuatro contaban con reporte de robo, dos armas de fuego, dos cargadores y cuatro dosis de presuntas drogas.<\/p>\n\n\n\n<p>En San Pedro Mixtepec fue detenido Abraham N. N. de 30 a\u00f1os, debido a que al realizarle una inspecci\u00f3n preventiva le fueron localizadas entre sus pertenencias cuatro dosis de una sustancia con caracter\u00edsticas de la droga conocida como cristal.<\/p>\n\n\n\n<p>En Santo Domingo Tehuantepec fueron detenidas cuatro personas y asegurado un tractocami\u00f3n con plataforma, mismo que transportaba una retroexcavadora. Cabe destacar que la unidad de motor contaba con reporte de robo vigente.<\/p>\n\n\n\n<p>Por otro lado, en San Juan Bautista Tuxtepec fue detenido quien se identific\u00f3 como Rub\u00e9n N. N. de 23 a\u00f1os, cuando viajaba a bordo de una motocicleta marca Italika, modelo FT-150, azul met\u00e1lico con negro, sin placa de circulaci\u00f3n, la cual contaba con reporte de robo.<\/p>\n\n\n\n<p>En Huajuapan de Le\u00f3n fue localizada abandonada una camioneta marca Chevrolet, modelo S10, color gris con negro y placas del Estado de M\u00e9xico, misma que contaba con reporte de robo.<\/p>\n\n\n\n<p>Para los efectos legales correspondientes, las personas, objetos, veh\u00edculos y presuntas drogas fueron puestos a disposici\u00f3n de las autoridades competentes de acuerdo a cada caso.<\/p>\n\n\n\n<p>La SSPC que encabeza Iv\u00e1n Garc\u00eda \u00c1lvarez mantiene las labores de seguridad de manera coordinada con los tres \u00f3rdenes de gobierno, a fin de dar cumplimiento a la instrucci\u00f3n del Mandatario Estatal Salom\u00f3n Jara Cruz, de construir diariamente las condiciones de paz y tranquilidad que las familias oaxaque\u00f1as se merecen.<code> -0-<\/code><\/p>\n","protected":false},"excerpt":{"rendered":"<p>\u2022 Adem\u00e1s, se report\u00f3 la detenci\u00f3n de siete personas y el aseguramiento de ocho veh\u00edculos,&#8230;<\/p>\n","protected":false},"author":4,"featured_media":18385,"comment_status":"closed","ping_status":"open","sticky":false,"template":"","format":"standard","meta":{"footnotes":""},"categories":[9],"tags":[],"jetpack_sharing_enabled":true,"featured_image_urls":{"full":["https:\/\/contextoanalisisperiodistico.com\/wp-content\/uploads\/2023\/09\/IMG-20230906-WA0017.jpg",474,473,false],"thumbnail":["https:\/\/contextoanalisisperiodistico.com\/wp-content\/uploads\/2023\/09\/IMG-20230906-WA0017-150x150.jpg",150,150,true],"medium":["https:\/\/contextoanalisisperiodistico.com\/wp-content\/uploads\/2023\/09\/IMG-20230906-WA0017-300x300.jpg",300,300,true],"medium_large":["https:\/\/contextoanalisisperiodistico.com\/wp-content\/uploads\/2023\/09\/IMG-20230906-WA0017.jpg",474,473,false],"large":["https:\/\/contextoanalisisperiodistico.com\/wp-content\/uploads\/2023\/09\/IMG-20230906-WA0017.jpg",474,473,false],"1536x1536":["https:\/\/contextoanalisisperiodistico.com\/wp-content\/uploads\/2023\/09\/IMG-20230906-WA0017.jpg",474,473,false],"2048x2048":["https:\/\/contextoanalisisperiodistico.com\/wp-content\/uploads\/2023\/09\/IMG-20230906-WA0017.jpg",474,473,false],"covernews-slider-full":["https:\/\/contextoanalisisperiodistico.com\/wp-content\/uploads\/2023\/09\/IMG-20230906-WA0017.jpg",474,473,false],"covernews-slider-center":["https:\/\/contextoanalisisperiodistico.com\/wp-content\/uploads\/2023\/09\/IMG-20230906-WA0017.jpg",474,473,false],"covernews-featured":["https:\/\/contextoanalisisperiodistico.com\/wp-content\/uploads\/2023\/09\/IMG-20230906-WA0017.jpg",474,473,false],"covernews-medium":["https:\/\/contextoanalisisperiodistico.com\/wp-content\/uploads\/2023\/09\/IMG-20230906-WA0017-474x340.jpg",474,340,true],"covernews-medium-square":["https:\/\/contextoanalisisperiodistico.com\/wp-content\/uploads\/2023\/09\/IMG-20230906-WA0017-400x250.jpg",400,250,true]},"author_info":{"display_name":"Mario Gir\u00f3n","author_link":"https:\/\/contextoanalisisperiodistico.com\/index.php\/author\/director\/"},"category_info":"<a href=\"https:\/\/contextoanalisisperiodistico.com\/index.php\/category\/politica\/\" rel=\"category tag\">Pol\u00edtica<\/a>","tag_info":"Pol\u00edtica","comment_count":"0","jetpack_featured_media_url":"https:\/\/contextoanalisisperiodistico.com\/wp-content\/uploads\/2023\/09\/IMG-20230906-WA0017.jpg","_links":{"self":[{"href":"https:\/\/contextoanalisisperiodistico.com\/index.php\/wp-json\/wp\/v2\/posts\/18384"}],"collection":[{"href":"https:\/\/contextoanalisisperiodistico.com\/index.php\/wp-json\/wp\/v2\/posts"}],"about":[{"href":"https:\/\/contextoanalisisperiodistico.com\/index.php\/wp-json\/wp\/v2\/types\/post"}],"author":[{"embeddable":true,"href":"https:\/\/contextoanalisisperiodistico.com\/index.php\/wp-json\/wp\/v2\/users\/4"}],"replies":[{"embeddable":true,"href":"https:\/\/contextoanalisisperiodistico.com\/index.php\/wp-json\/wp\/v2\/comments?post=18384"}],"version-history":[{"count":1,"href":"https:\/\/contextoanalisisperiodistico.com\/index.php\/wp-json\/wp\/v2\/posts\/18384\/revisions"}],"predecessor-version":[{"id":18386,"href":"https:\/\/contextoanalisisperiodistico.com\/index.php\/wp-json\/wp\/v2\/posts\/18384\/revisions\/18386"}],"wp:featuredmedia":[{"embeddable":true,"href":"https:\/\/contextoanalisisperiodistico.com\/index.php\/wp-json\/wp\/v2\/media\/18385"}],"wp:attachment":[{"href":"https:\/\/contextoanalisisperiodistico.com\/index.php\/wp-json\/wp\/v2\/media?parent=18384"}],"wp:term":[{"taxonomy":"category","embeddable":true,"href":"https:\/\/contextoanalisisperiodistico.com\/index.php\/wp-json\/wp\/v2\/categories?post=18384"},{"taxonomy":"post_tag","embeddable":true,"href":"https:\/\/contextoanalisisperiodistico.com\/index.php\/wp-json\/wp\/v2\/tags?post=18384"}],"curies":[{"name":"wp","href":"https:\/\/api.w.org\/{rel}","templated":true}]}}