{"id":18383,"date":"2023-09-05T20:51:43","date_gmt":"2023-09-06T02:51:43","guid":{"rendered":"https:\/\/contextoanalisisperiodistico.com\/index.php\/2023\/09\/05\/convenio-de-colaboracion-de-los-municipios-santa-catarina-minas-y-santiago-huajolotitlan\/"},"modified":"2023-09-05T20:51:43","modified_gmt":"2023-09-06T02:51:43","slug":"convenio-de-colaboracion-de-los-municipios-santa-catarina-minas-y-santiago-huajolotitlan","status":"publish","type":"post","link":"https:\/\/contextoanalisisperiodistico.com\/index.php\/2023\/09\/05\/convenio-de-colaboracion-de-los-municipios-santa-catarina-minas-y-santiago-huajolotitlan\/","title":{"rendered":"Convenio de colaboraci\u00f3n de los municipios Santa Catarina Minas y Santiago Huajolotitl\u00e1n"},"content":{"rendered":"<div id=\"fb-root\"><\/div>\n\n<p><strong>Oaxaca de Ju\u00e1rez, Oax., a 05 de septiembre de 2023<\/strong>&#8211; El \u00d3rgano Garante de Acceso a la Informaci\u00f3n P\u00fablica, Transparencia, Protecci\u00f3n de Datos Personales y Buen Gobierno del Estado de Oaxaca (OGAIPO) y los H. Ayuntamientos de Santa Catarina Minas y Santiago Huajolotitl\u00e1n, signaron esta tarde, un convenio de colaboraci\u00f3n para coordinar acciones y actividades dirigidas a la profesionalizaci\u00f3n y fortalecimiento de la transparencia, el acceso a la informaci\u00f3n p\u00fablica y la protecci\u00f3n de datos personales.<\/p>\n\n\n\n<p>&nbsp;<\/p>\n\n\n\n<p>El convenio de colaboraci\u00f3n fue signado por el Comisionado Presidente del OGAIPO, Josu\u00e9 Solana Salmor\u00e1n y el Presidente Municipal Constitucional de Santa Catarina Minas, Nicol\u00e1s Cruz y el Presidente Municipal Constitucional de Santiago Huajolotitl\u00e1n, Jos\u00e9 Guadalupe Barbosa Barrag\u00e1n.<\/p>\n\n\n\n<p>&nbsp;<\/p>\n\n\n\n<p>El objetivo del convenio consiste en instaurar las bases y mecanismos de colaboraci\u00f3n y coordinaci\u00f3n conjuntas para que, en el \u00e1mbito de sus respectivas competencias, se impulse el ejercicio del Derecho de Acceso a la Informaci\u00f3n, Gobierno Abierto, Transparencia Proactiva, la Protecci\u00f3n de los Datos Personales a trav\u00e9s de los Derechos de Acceso, Rectificaci\u00f3n, Cancelaci\u00f3n y Oposici\u00f3n y Portabilidad.<\/p>\n\n\n\n<p>&nbsp;<\/p>\n\n\n\n<p>Al uso de la voz, el Comisionado Presidente del OGAIPO, Josu\u00e9 Solana Salmor\u00e1n, resalt\u00f3 que suscribir convenios con municipios conlleva una responsabilidad mayor y trabajo m\u00e1s fuerte al contar con el mayor n\u00famero de municipios. Enfatiz\u00f3 que las asambleas son un m\u00e9todo alternativo para rendir cuentas, y los servicios que el OGAIPO presta a los sujetos obligados son gratuitos y de car\u00e1cter permanente.<\/p>\n\n\n\n<p>&nbsp;<\/p>\n\n\n\n<p>En su intervenci\u00f3n, el Mun\u00edcipe de Santa Catarina Minas, Nicol\u00e1s Cruz destac\u00f3 el compromiso de su gobierno con la transparencia, propiciando desde su ejercicio, los derechos humanos de acceso a la informaci\u00f3n p\u00fablica y de protecci\u00f3n de datos personales.<\/p>\n\n\n\n<p>&nbsp;<\/p>\n\n\n\n<p>En su participaci\u00f3n, el Presidente Municipal de <a>Santiago Huajolotitl\u00e1n<\/a>, Jos\u00e9 Guadalupe Barbosa Barrag\u00e1n puntualiz\u00f3 que convencido de su responsabilidad y obligaciones de representar un gobierno abierto y transparente desea complir de manera legal y honesta dando cumplimiento a la Ley General y Estatal en la materia.<\/p>\n\n\n\n<p>&nbsp;<\/p>\n\n\n\n<p>Tambi\u00e9n estuvieron presentes, las Comisionadas del OGAIPO: X\u00f3chitl Elizabeth M\u00e9ndez S\u00e1nchez, Claudia Ivette Soto Pineda y Mar\u00eda Tanivet Ramos Reyes; y por parte del Ayuntamiento de Santa Catarina Minas, el S\u00edndico Municipal, Donato L\u00f3pez Contreras y la Secretaria Municipal, Lucero Guadalupe P\u00e9rez \u00c1ngeles. Mientras que por parte del Ayuntamiento de Santiago Huajolotitl\u00e1n, asistieron, la S\u00edndica Municipal, Mar\u00eda Luisa Guevara Jim\u00e9nez y la Secretaria Municipal, Itzamara Jaqueline Z\u00e1rate Alverdin.<\/p>\n","protected":false},"excerpt":{"rendered":"<p>Oaxaca de Ju\u00e1rez, Oax., a 05 de septiembre de 2023&#8211; El \u00d3rgano Garante de Acceso&#8230;<\/p>\n","protected":false},"author":4,"featured_media":18382,"comment_status":"","ping_status":"open","sticky":false,"template":"","format":"standard","meta":{"footnotes":""},"categories":[9],"tags":[],"jetpack_sharing_enabled":true,"featured_image_urls":{"full":["https:\/\/contextoanalisisperiodistico.com\/wp-content\/uploads\/2023\/09\/FirmadeConvenioAytos-1.jpeg",1600,1274,false],"thumbnail":["https:\/\/contextoanalisisperiodistico.com\/wp-content\/uploads\/2023\/09\/FirmadeConvenioAytos-1-150x150.jpeg",150,150,true],"medium":["https:\/\/contextoanalisisperiodistico.com\/wp-content\/uploads\/2023\/09\/FirmadeConvenioAytos-1-300x239.jpeg",300,239,true],"medium_large":["https:\/\/contextoanalisisperiodistico.com\/wp-content\/uploads\/2023\/09\/FirmadeConvenioAytos-1-768x612.jpeg",640,510,true],"large":["https:\/\/contextoanalisisperiodistico.com\/wp-content\/uploads\/2023\/09\/FirmadeConvenioAytos-1-1024x815.jpeg",640,509,true],"1536x1536":["https:\/\/contextoanalisisperiodistico.com\/wp-content\/uploads\/2023\/09\/FirmadeConvenioAytos-1-1536x1223.jpeg",1536,1223,true],"2048x2048":["https:\/\/contextoanalisisperiodistico.com\/wp-content\/uploads\/2023\/09\/FirmadeConvenioAytos-1.jpeg",1600,1274,false],"covernews-slider-full":["https:\/\/contextoanalisisperiodistico.com\/wp-content\/uploads\/2023\/09\/FirmadeConvenioAytos-1-1115x715.jpeg",1115,715,true],"covernews-slider-center":["https:\/\/contextoanalisisperiodistico.com\/wp-content\/uploads\/2023\/09\/FirmadeConvenioAytos-1-800x500.jpeg",800,500,true],"covernews-featured":["https:\/\/contextoanalisisperiodistico.com\/wp-content\/uploads\/2023\/09\/FirmadeConvenioAytos-1-1024x815.jpeg",1024,815,true],"covernews-medium":["https:\/\/contextoanalisisperiodistico.com\/wp-content\/uploads\/2023\/09\/FirmadeConvenioAytos-1-540x340.jpeg",540,340,true],"covernews-medium-square":["https:\/\/contextoanalisisperiodistico.com\/wp-content\/uploads\/2023\/09\/FirmadeConvenioAytos-1-400x250.jpeg",400,250,true]},"author_info":{"display_name":"Mario Gir\u00f3n","author_link":"https:\/\/contextoanalisisperiodistico.com\/index.php\/author\/director\/"},"category_info":"<a href=\"https:\/\/contextoanalisisperiodistico.com\/index.php\/category\/politica\/\" rel=\"category tag\">Pol\u00edtica<\/a>","tag_info":"Pol\u00edtica","comment_count":"0","jetpack_featured_media_url":"https:\/\/contextoanalisisperiodistico.com\/wp-content\/uploads\/2023\/09\/FirmadeConvenioAytos-1.jpeg","_links":{"self":[{"href":"https:\/\/contextoanalisisperiodistico.com\/index.php\/wp-json\/wp\/v2\/posts\/18383"}],"collection":[{"href":"https:\/\/contextoanalisisperiodistico.com\/index.php\/wp-json\/wp\/v2\/posts"}],"about":[{"href":"https:\/\/contextoanalisisperiodistico.com\/index.php\/wp-json\/wp\/v2\/types\/post"}],"author":[{"embeddable":true,"href":"https:\/\/contextoanalisisperiodistico.com\/index.php\/wp-json\/wp\/v2\/users\/4"}],"replies":[{"embeddable":true,"href":"https:\/\/contextoanalisisperiodistico.com\/index.php\/wp-json\/wp\/v2\/comments?post=18383"}],"version-history":[{"count":0,"href":"https:\/\/contextoanalisisperiodistico.com\/index.php\/wp-json\/wp\/v2\/posts\/18383\/revisions"}],"wp:featuredmedia":[{"embeddable":true,"href":"https:\/\/contextoanalisisperiodistico.com\/index.php\/wp-json\/wp\/v2\/media\/18382"}],"wp:attachment":[{"href":"https:\/\/contextoanalisisperiodistico.com\/index.php\/wp-json\/wp\/v2\/media?parent=18383"}],"wp:term":[{"taxonomy":"category","embeddable":true,"href":"https:\/\/contextoanalisisperiodistico.com\/index.php\/wp-json\/wp\/v2\/categories?post=18383"},{"taxonomy":"post_tag","embeddable":true,"href":"https:\/\/contextoanalisisperiodistico.com\/index.php\/wp-json\/wp\/v2\/tags?post=18383"}],"curies":[{"name":"wp","href":"https:\/\/api.w.org\/{rel}","templated":true}]}}