{"id":18374,"date":"2023-09-05T20:21:24","date_gmt":"2023-09-06T02:21:24","guid":{"rendered":"https:\/\/contextoanalisisperiodistico.com\/?p=18374"},"modified":"2023-09-05T20:21:53","modified_gmt":"2023-09-06T02:21:53","slug":"rinden-homenaje-luctuoso-al-artista-francisco-toledo","status":"publish","type":"post","link":"https:\/\/contextoanalisisperiodistico.com\/index.php\/2023\/09\/05\/rinden-homenaje-luctuoso-al-artista-francisco-toledo\/","title":{"rendered":"Rinden homenaje Luctuoso al artista Francisco Toledo"},"content":{"rendered":"<div id=\"fb-root\"><\/div>\n\n<p>Oaxaca de Ju\u00e1rez, Oax., 5 de septiembre de 2023.- A trav\u00e9s de la Coordinaci\u00f3n General de Educaci\u00f3n Media Superior y Superior, Ciencia y Tecnolog\u00eda (CGEMSySCT), el Gobierno del Estado conmemor\u00f3 un aniversario luctuoso del artista Francisco Toledo.<\/p>\n\n\n\n<figure class=\"wp-block-image size-large\"><img fetchpriority=\"high\" decoding=\"async\" width=\"1024\" height=\"682\" src=\"https:\/\/contextoanalisisperiodistico.com\/wp-content\/uploads\/2023\/09\/img-20230905-wa00719022948055083539280-1024x682.jpg\" alt=\"\" class=\"wp-image-18377\" srcset=\"https:\/\/contextoanalisisperiodistico.com\/wp-content\/uploads\/2023\/09\/img-20230905-wa00719022948055083539280-1024x682.jpg 1024w, https:\/\/contextoanalisisperiodistico.com\/wp-content\/uploads\/2023\/09\/img-20230905-wa00719022948055083539280-300x200.jpg 300w, https:\/\/contextoanalisisperiodistico.com\/wp-content\/uploads\/2023\/09\/img-20230905-wa00719022948055083539280-768x512.jpg 768w, https:\/\/contextoanalisisperiodistico.com\/wp-content\/uploads\/2023\/09\/img-20230905-wa00719022948055083539280-1536x1023.jpg 1536w, https:\/\/contextoanalisisperiodistico.com\/wp-content\/uploads\/2023\/09\/img-20230905-wa00719022948055083539280.jpg 1600w\" sizes=\"(max-width: 1024px) 100vw, 1024px\" \/><\/figure>\n\n\n\n<figure class=\"wp-block-image\"><img decoding=\"async\" width=\"1024\" height=\"682\" src=\"https:\/\/contextoanalisisperiodistico.com\/wp-content\/uploads\/2023\/09\/img-20230905-wa00728493334191447919328-1024x682.jpg\" alt=\"\" class=\"wp-image-18376\" srcset=\"https:\/\/contextoanalisisperiodistico.com\/wp-content\/uploads\/2023\/09\/img-20230905-wa00728493334191447919328-1024x682.jpg 1024w, https:\/\/contextoanalisisperiodistico.com\/wp-content\/uploads\/2023\/09\/img-20230905-wa00728493334191447919328-300x200.jpg 300w, https:\/\/contextoanalisisperiodistico.com\/wp-content\/uploads\/2023\/09\/img-20230905-wa00728493334191447919328-768x512.jpg 768w, https:\/\/contextoanalisisperiodistico.com\/wp-content\/uploads\/2023\/09\/img-20230905-wa00728493334191447919328-1536x1023.jpg 1536w, https:\/\/contextoanalisisperiodistico.com\/wp-content\/uploads\/2023\/09\/img-20230905-wa00728493334191447919328.jpg 1600w\" sizes=\"(max-width: 1024px) 100vw, 1024px\" \/><\/figure>\n\n\n\n<p>En el acto protocolario con sede en el Museo de los Pintores Oaxaque\u00f1os (MUPO), las personas asistentes rememoraron su legado, creatividad, su amor por el arte y el amplio trabajo realizado para promover y proteger la cultura oaxaque\u00f1a.<\/p>\n\n\n\n<p>El titular de la coordinaci\u00f3n Alcide Garc\u00eda Guzm\u00e1n precis\u00f3 que \u201cesta es una celebraci\u00f3n del arte oaxaque\u00f1o y de la pasi\u00f3n incansable de Francisco Toledo por la creatividad y la autenticidad. La comunidad oaxaque\u00f1a y todos los amantes del arte se unen a esta jornada dedicada a honrar su memoria y contribuci\u00f3n invaluable al mundo del arte\u201d.<\/p>\n\n\n\n<p>Para honrar la memoria del artista juchiteco, a lo largo del d\u00eda, quienes asistieron al MUPO lograron explorar sus obras, participar en talleres y conversatorios que inspiran la creatividad, y compartieron con artistas sus experiencias y perspectivas sobre su influencia y legado.<\/p>\n\n\n\n<p>En estas actividades participaron aproximadamente un centenar de estudiantes del Instituto de Educaci\u00f3n Superior de Artes Esc\u00e9nicas de Oaxaca (IESAEO), de la Universidad Aut\u00f3noma Benito Ju\u00e1rez de Oaxaca (UABJO) y La Salle Oaxaca.<\/p>\n\n\n\n<p>A esta actividad asistieron Delfina Guzm\u00e1n D\u00edaz, titular de la Secretar\u00eda de Educaci\u00f3n en Oaxaca; V\u00edctor Cata, titular de la Secretar\u00eda de Culturas y Artes; Efra\u00edn S\u00e1nchez, director del MUPO y Rodrigo V\u00e1squez, director del Instituto de la Juventud del Estado.<\/p>\n","protected":false},"excerpt":{"rendered":"<p>Oaxaca de Ju\u00e1rez, Oax., 5 de septiembre de 2023.- A trav\u00e9s de la Coordinaci\u00f3n General&#8230;<\/p>\n","protected":false},"author":4,"featured_media":18375,"comment_status":"closed","ping_status":"open","sticky":false,"template":"","format":"standard","meta":{"footnotes":""},"categories":[4],"tags":[],"jetpack_sharing_enabled":true,"featured_image_urls":{"full":["https:\/\/contextoanalisisperiodistico.com\/wp-content\/uploads\/2023\/09\/IMG-20230905-WA0070.jpg",1600,1066,false],"thumbnail":["https:\/\/contextoanalisisperiodistico.com\/wp-content\/uploads\/2023\/09\/IMG-20230905-WA0070-150x150.jpg",150,150,true],"medium":["https:\/\/contextoanalisisperiodistico.com\/wp-content\/uploads\/2023\/09\/IMG-20230905-WA0070-300x200.jpg",300,200,true],"medium_large":["https:\/\/contextoanalisisperiodistico.com\/wp-content\/uploads\/2023\/09\/IMG-20230905-WA0070-768x512.jpg",640,427,true],"large":["https:\/\/contextoanalisisperiodistico.com\/wp-content\/uploads\/2023\/09\/IMG-20230905-WA0070-1024x682.jpg",640,426,true],"1536x1536":["https:\/\/contextoanalisisperiodistico.com\/wp-content\/uploads\/2023\/09\/IMG-20230905-WA0070-1536x1023.jpg",1536,1023,true],"2048x2048":["https:\/\/contextoanalisisperiodistico.com\/wp-content\/uploads\/2023\/09\/IMG-20230905-WA0070.jpg",1600,1066,false],"covernews-slider-full":["https:\/\/contextoanalisisperiodistico.com\/wp-content\/uploads\/2023\/09\/IMG-20230905-WA0070-1115x715.jpg",1115,715,true],"covernews-slider-center":["https:\/\/contextoanalisisperiodistico.com\/wp-content\/uploads\/2023\/09\/IMG-20230905-WA0070-800x500.jpg",800,500,true],"covernews-featured":["https:\/\/contextoanalisisperiodistico.com\/wp-content\/uploads\/2023\/09\/IMG-20230905-WA0070-1024x682.jpg",1024,682,true],"covernews-medium":["https:\/\/contextoanalisisperiodistico.com\/wp-content\/uploads\/2023\/09\/IMG-20230905-WA0070-540x340.jpg",540,340,true],"covernews-medium-square":["https:\/\/contextoanalisisperiodistico.com\/wp-content\/uploads\/2023\/09\/IMG-20230905-WA0070-400x250.jpg",400,250,true]},"author_info":{"display_name":"Mario Gir\u00f3n","author_link":"https:\/\/contextoanalisisperiodistico.com\/index.php\/author\/director\/"},"category_info":"<a href=\"https:\/\/contextoanalisisperiodistico.com\/index.php\/category\/cultura\/\" rel=\"category tag\">Cultura<\/a>","tag_info":"Cultura","comment_count":"0","jetpack_featured_media_url":"https:\/\/contextoanalisisperiodistico.com\/wp-content\/uploads\/2023\/09\/IMG-20230905-WA0070.jpg","_links":{"self":[{"href":"https:\/\/contextoanalisisperiodistico.com\/index.php\/wp-json\/wp\/v2\/posts\/18374"}],"collection":[{"href":"https:\/\/contextoanalisisperiodistico.com\/index.php\/wp-json\/wp\/v2\/posts"}],"about":[{"href":"https:\/\/contextoanalisisperiodistico.com\/index.php\/wp-json\/wp\/v2\/types\/post"}],"author":[{"embeddable":true,"href":"https:\/\/contextoanalisisperiodistico.com\/index.php\/wp-json\/wp\/v2\/users\/4"}],"replies":[{"embeddable":true,"href":"https:\/\/contextoanalisisperiodistico.com\/index.php\/wp-json\/wp\/v2\/comments?post=18374"}],"version-history":[{"count":1,"href":"https:\/\/contextoanalisisperiodistico.com\/index.php\/wp-json\/wp\/v2\/posts\/18374\/revisions"}],"predecessor-version":[{"id":18378,"href":"https:\/\/contextoanalisisperiodistico.com\/index.php\/wp-json\/wp\/v2\/posts\/18374\/revisions\/18378"}],"wp:featuredmedia":[{"embeddable":true,"href":"https:\/\/contextoanalisisperiodistico.com\/index.php\/wp-json\/wp\/v2\/media\/18375"}],"wp:attachment":[{"href":"https:\/\/contextoanalisisperiodistico.com\/index.php\/wp-json\/wp\/v2\/media?parent=18374"}],"wp:term":[{"taxonomy":"category","embeddable":true,"href":"https:\/\/contextoanalisisperiodistico.com\/index.php\/wp-json\/wp\/v2\/categories?post=18374"},{"taxonomy":"post_tag","embeddable":true,"href":"https:\/\/contextoanalisisperiodistico.com\/index.php\/wp-json\/wp\/v2\/tags?post=18374"}],"curies":[{"name":"wp","href":"https:\/\/api.w.org\/{rel}","templated":true}]}}