{"id":18369,"date":"2023-09-05T20:17:32","date_gmt":"2023-09-06T02:17:32","guid":{"rendered":"https:\/\/contextoanalisisperiodistico.com\/?p=18369"},"modified":"2023-09-05T20:17:59","modified_gmt":"2023-09-06T02:17:59","slug":"politica-de-bienestar-del-gobierno-de-oaxaca-honra-bases-del-movimiento-independentista-de-mexico","status":"publish","type":"post","link":"https:\/\/contextoanalisisperiodistico.com\/index.php\/2023\/09\/05\/politica-de-bienestar-del-gobierno-de-oaxaca-honra-bases-del-movimiento-independentista-de-mexico\/","title":{"rendered":"Pol\u00edtica de Bienestar del Gobierno de Oaxaca honra bases del movimiento independentista de M\u00e9xico"},"content":{"rendered":"<div id=\"fb-root\"><\/div>\n\n<p>\u2022 Correspondi\u00f3 a la Secretar\u00eda de Bienestar, Tequio e Inclusi\u00f3n (Sebienti) encabezar la ceremonia de izamiento del l\u00e1baro patrio en la Alameda de Le\u00f3n<\/p>\n\n\n\n<p><br>Oaxaca de Ju\u00e1rez, Oax. 5 de septiembre de 2023.- Al participar en la ceremonia de Izamiento de la Bandera Nacional en la Alameda de Le\u00f3n, la secretaria de Bienestar, Tequio e Inclusi\u00f3n, Laura Estrada Mauro destac\u00f3 que la pol\u00edtica de Bienestar que impulsa la administraci\u00f3n estatal honra la lucha de hombres y mujeres que dieron su vida por el movimiento independentista.<\/p>\n\n\n\n<figure class=\"wp-block-image size-large\"><img fetchpriority=\"high\" decoding=\"async\" width=\"1024\" height=\"683\" src=\"https:\/\/contextoanalisisperiodistico.com\/wp-content\/uploads\/2023\/09\/img-20230905-wa00741174831433523814200-1024x683.jpg\" alt=\"\" class=\"wp-image-18372\" srcset=\"https:\/\/contextoanalisisperiodistico.com\/wp-content\/uploads\/2023\/09\/img-20230905-wa00741174831433523814200-1024x683.jpg 1024w, https:\/\/contextoanalisisperiodistico.com\/wp-content\/uploads\/2023\/09\/img-20230905-wa00741174831433523814200-300x200.jpg 300w, https:\/\/contextoanalisisperiodistico.com\/wp-content\/uploads\/2023\/09\/img-20230905-wa00741174831433523814200-768x512.jpg 768w, https:\/\/contextoanalisisperiodistico.com\/wp-content\/uploads\/2023\/09\/img-20230905-wa00741174831433523814200-1536x1024.jpg 1536w, https:\/\/contextoanalisisperiodistico.com\/wp-content\/uploads\/2023\/09\/img-20230905-wa00741174831433523814200.jpg 1600w\" sizes=\"(max-width: 1024px) 100vw, 1024px\" \/><\/figure>\n\n\n\n<figure class=\"wp-block-image\"><img decoding=\"async\" width=\"1024\" height=\"682\" src=\"https:\/\/contextoanalisisperiodistico.com\/wp-content\/uploads\/2023\/09\/img-20230905-wa00751375765850338903279-1024x682.jpg\" alt=\"\" class=\"wp-image-18371\" srcset=\"https:\/\/contextoanalisisperiodistico.com\/wp-content\/uploads\/2023\/09\/img-20230905-wa00751375765850338903279-1024x682.jpg 1024w, https:\/\/contextoanalisisperiodistico.com\/wp-content\/uploads\/2023\/09\/img-20230905-wa00751375765850338903279-300x200.jpg 300w, https:\/\/contextoanalisisperiodistico.com\/wp-content\/uploads\/2023\/09\/img-20230905-wa00751375765850338903279-768x512.jpg 768w, https:\/\/contextoanalisisperiodistico.com\/wp-content\/uploads\/2023\/09\/img-20230905-wa00751375765850338903279-1536x1023.jpg 1536w, https:\/\/contextoanalisisperiodistico.com\/wp-content\/uploads\/2023\/09\/img-20230905-wa00751375765850338903279.jpg 1600w\" sizes=\"(max-width: 1024px) 100vw, 1024px\" \/><\/figure>\n\n\n\n<p>En el marco del 157 Aniversario de la Batalla del 5 de septiembre, Estrada Mauro destac\u00f3 que la transformaci\u00f3n que se vive en Oaxaca tiene sus ra\u00edces en el movimiento que sent\u00f3 las bases de libertad en el pa\u00eds.<\/p>\n\n\n\n<p>\u201cCon gran orgullo encabezamos esta ceremonia de izamiento de nuestra Bandera Nacional, s\u00edmbolo de orgullo, pertenencia y patriotismo que nos une como mexicanas y mexicanos\u201d, sostuvo la funcionaria en esta actividad que se enmarca en el programa Mes de la Patria, Mes de la Primera Transformaci\u00f3n.<\/p>\n\n\n\n<p>Por \u00faltimo, indic\u00f3 que a trav\u00e9s de pol\u00edticas p\u00fablicas se construye una patria en la que todas y todos tienen el mismo valor, con base en el movimiento democr\u00e1tico en el que las y los oaxaque\u00f1os son parte.<\/p>\n\n\n\n<p>Cabe destacar que la proclama de Independencia estuvo a cargo de Daniel Castillejos, titular de la Unidad de Evaluaci\u00f3n del Instituto Estatal de Educaci\u00f3n P\u00fablica de Oaxaca (IEEPO); adem\u00e1s, la poes\u00eda 5 de Septiembre corri\u00f3 a cargo de Na\u00b4 Ana Mar\u00eda Jim\u00e9nez Toledo, integrante de la Asociaci\u00f3n de Juchitecos radicados en Oaxaca.<\/p>\n\n\n\n<p>En la ceremonia tambi\u00e9n estuvieron presentes las secretarias de Educaci\u00f3n P\u00fablica Estatal, Delfina Guzm\u00e1n; de Honestidad, Transparencia y Funci\u00f3n P\u00fablica, Leticia Reyes; el secretario de las Culturas y Artes de Oaxaca, V\u00edctor Cata; las directoras del Cecyteo, Blanca Mart\u00ednez y del Cobao Ver\u00f3nica Hern\u00e1ndez Gonz\u00e1lez.<\/p>\n\n\n\n<p>Adem\u00e1s de los directores del Instituto del Deporte del Estado de Oaxaca, Arturo de Jes\u00fas Ch\u00e1vez; de Vivienda Bienestar, Enrique Feria y del Instituto de la Juventud, Rodrigo V\u00e1squez.<\/p>\n\n\n\n<p>La banda de m\u00fasica de la Secretar\u00eda de Seguridad P\u00fablica y Protecci\u00f3n Ciudadana (SSPC), y estudiantes de la Escuela Primaria Enrique Pestalozzi, tambi\u00e9n participaron en la ceremonia c\u00edvica. <code>-0-<\/code><\/p>\n","protected":false},"excerpt":{"rendered":"<p>\u2022 Correspondi\u00f3 a la Secretar\u00eda de Bienestar, Tequio e Inclusi\u00f3n (Sebienti) encabezar la ceremonia de&#8230;<\/p>\n","protected":false},"author":4,"featured_media":18370,"comment_status":"closed","ping_status":"open","sticky":false,"template":"","format":"standard","meta":{"footnotes":""},"categories":[3,9],"tags":[],"jetpack_sharing_enabled":true,"featured_image_urls":{"full":["https:\/\/contextoanalisisperiodistico.com\/wp-content\/uploads\/2023\/09\/IMG-20230905-WA0073.jpg",1600,1067,false],"thumbnail":["https:\/\/contextoanalisisperiodistico.com\/wp-content\/uploads\/2023\/09\/IMG-20230905-WA0073-150x150.jpg",150,150,true],"medium":["https:\/\/contextoanalisisperiodistico.com\/wp-content\/uploads\/2023\/09\/IMG-20230905-WA0073-300x200.jpg",300,200,true],"medium_large":["https:\/\/contextoanalisisperiodistico.com\/wp-content\/uploads\/2023\/09\/IMG-20230905-WA0073-768x512.jpg",640,427,true],"large":["https:\/\/contextoanalisisperiodistico.com\/wp-content\/uploads\/2023\/09\/IMG-20230905-WA0073-1024x683.jpg",640,427,true],"1536x1536":["https:\/\/contextoanalisisperiodistico.com\/wp-content\/uploads\/2023\/09\/IMG-20230905-WA0073-1536x1024.jpg",1536,1024,true],"2048x2048":["https:\/\/contextoanalisisperiodistico.com\/wp-content\/uploads\/2023\/09\/IMG-20230905-WA0073.jpg",1600,1067,false],"covernews-slider-full":["https:\/\/contextoanalisisperiodistico.com\/wp-content\/uploads\/2023\/09\/IMG-20230905-WA0073-1115x715.jpg",1115,715,true],"covernews-slider-center":["https:\/\/contextoanalisisperiodistico.com\/wp-content\/uploads\/2023\/09\/IMG-20230905-WA0073-800x500.jpg",800,500,true],"covernews-featured":["https:\/\/contextoanalisisperiodistico.com\/wp-content\/uploads\/2023\/09\/IMG-20230905-WA0073-1024x683.jpg",1024,683,true],"covernews-medium":["https:\/\/contextoanalisisperiodistico.com\/wp-content\/uploads\/2023\/09\/IMG-20230905-WA0073-540x340.jpg",540,340,true],"covernews-medium-square":["https:\/\/contextoanalisisperiodistico.com\/wp-content\/uploads\/2023\/09\/IMG-20230905-WA0073-400x250.jpg",400,250,true]},"author_info":{"display_name":"Mario Gir\u00f3n","author_link":"https:\/\/contextoanalisisperiodistico.com\/index.php\/author\/director\/"},"category_info":"<a href=\"https:\/\/contextoanalisisperiodistico.com\/index.php\/category\/ciudad\/\" rel=\"category tag\">Ciudad<\/a> <a href=\"https:\/\/contextoanalisisperiodistico.com\/index.php\/category\/politica\/\" rel=\"category tag\">Pol\u00edtica<\/a>","tag_info":"Pol\u00edtica","comment_count":"0","jetpack_featured_media_url":"https:\/\/contextoanalisisperiodistico.com\/wp-content\/uploads\/2023\/09\/IMG-20230905-WA0073.jpg","_links":{"self":[{"href":"https:\/\/contextoanalisisperiodistico.com\/index.php\/wp-json\/wp\/v2\/posts\/18369"}],"collection":[{"href":"https:\/\/contextoanalisisperiodistico.com\/index.php\/wp-json\/wp\/v2\/posts"}],"about":[{"href":"https:\/\/contextoanalisisperiodistico.com\/index.php\/wp-json\/wp\/v2\/types\/post"}],"author":[{"embeddable":true,"href":"https:\/\/contextoanalisisperiodistico.com\/index.php\/wp-json\/wp\/v2\/users\/4"}],"replies":[{"embeddable":true,"href":"https:\/\/contextoanalisisperiodistico.com\/index.php\/wp-json\/wp\/v2\/comments?post=18369"}],"version-history":[{"count":1,"href":"https:\/\/contextoanalisisperiodistico.com\/index.php\/wp-json\/wp\/v2\/posts\/18369\/revisions"}],"predecessor-version":[{"id":18373,"href":"https:\/\/contextoanalisisperiodistico.com\/index.php\/wp-json\/wp\/v2\/posts\/18369\/revisions\/18373"}],"wp:featuredmedia":[{"embeddable":true,"href":"https:\/\/contextoanalisisperiodistico.com\/index.php\/wp-json\/wp\/v2\/media\/18370"}],"wp:attachment":[{"href":"https:\/\/contextoanalisisperiodistico.com\/index.php\/wp-json\/wp\/v2\/media?parent=18369"}],"wp:term":[{"taxonomy":"category","embeddable":true,"href":"https:\/\/contextoanalisisperiodistico.com\/index.php\/wp-json\/wp\/v2\/categories?post=18369"},{"taxonomy":"post_tag","embeddable":true,"href":"https:\/\/contextoanalisisperiodistico.com\/index.php\/wp-json\/wp\/v2\/tags?post=18369"}],"curies":[{"name":"wp","href":"https:\/\/api.w.org\/{rel}","templated":true}]}}