{"id":18364,"date":"2023-09-05T20:09:08","date_gmt":"2023-09-06T02:09:08","guid":{"rendered":"https:\/\/contextoanalisisperiodistico.com\/?p=18364"},"modified":"2023-09-05T20:11:29","modified_gmt":"2023-09-06T02:11:29","slug":"accion-nacional-preparado-para-el-proximo-periodo-electoral-perla-woolrich","status":"publish","type":"post","link":"https:\/\/contextoanalisisperiodistico.com\/index.php\/2023\/09\/05\/accion-nacional-preparado-para-el-proximo-periodo-electoral-perla-woolrich\/","title":{"rendered":"Acci\u00f3n Nacional preparado para pr\u00f3ximo periodo electoral: Perla Woolrich"},"content":{"rendered":"<div id=\"fb-root\"><\/div>\n\n<p>*La Dirigente estatal se\u00f1al\u00f3 que habr\u00e1 alianzas en diversos distritos electorales<\/p>\n\n\n\n<p>Comunicado:<\/p>\n\n\n\n<p><br \/>A unos d\u00edas de dar inicio el proceso electoral, la presidenta del Comit\u00e9 Directivo Estatal del PAN, Perla Woolrich Fern\u00e1ndez insisti\u00f3 en la exigencia de que las autoridades electorales sancionen las miles de bardas, lonas y espectaculares que el partido oficial utiliza para la promoci\u00f3n personal de pol\u00edticos morenistas y sus corcholatas, fuera de la ley.<\/p>\n\n\n\n<p>A esta campa\u00f1a ilegal y fuera de tiempo de morena, se suma el apoyo desde los tres niveles de gobierno, asever\u00f3 la jurista luego de exponer que \u201cse deber\u00eda pedir perd\u00f3n a las familias oaxaque\u00f1as por los problemas que afectan a los m\u00e1s vulnerables: falta de medicamentos, cuneros para el Hospital Civil, desempleo, inseguridad, entre otros flagelos\u201d.<\/p>\n\n\n\n<p>Durante la conferencia semanal \u201cla hora del PAN y el caf\u00e9, con Perla Woolrich, sostuvo que al interior del partido estatal no se van a regalar candidaturas, \u201ccada aspirante tendr\u00e1 que trabajar para traer votos al partido albiazul y ser\u00e1n las comunidades y sus simpatizantes quienes determinen este aval\u201d.<\/p>\n\n\n\n<p>Acompa\u00f1ada de los secretarios de Pueblos Ind\u00edgenas Sotero Santiago y de Formaci\u00f3n y Capacitaci\u00f3n Gerardo V\u00e1squez, la dirigente estatal del PAN, dijo que se esperar\u00eda que los \u00f3rganos electorales se ci\u00f1an a lo que dice la norma, \u201cpero si no fuera as\u00ed hay recursos legales a seguir y los partidos pol\u00edticos los har\u00e1n valer en su momento\u201d.<\/p>\n\n\n\n<p>Lament\u00f3 que hasta el momento las medidas cautelares no han funcionado \u201cpero que vamos a hacer contra un presidente de la Rep\u00fablica que confunde la violencia de g\u00e9nero y quiere pasar como v\u00edctima, y el mandatario estatal hizo lo mismo, en una situaci\u00f3n donde el imperio de la ley va perdiendo peso\u201d.<\/p>\n\n\n\n<p>Se\u00f1al\u00f3 que los programas sociales se deben blindar para evitar que se siga haciendo uso en tiempos electorales, \u201cpor eso reiteramos que esos recursos est\u00e1n en la Constituci\u00f3n y nadie los puede quitar o condicionar a cambio de votos, sin embargo, seguimos observando que en las comunidades los servidores p\u00fablicos de morena llevan la consigna de amenazar a los desvalidos para que hagan lo que les piden o les quitan los apoyos\u201d.<\/p>\n\n\n\n<p>Finalmente, ante el incremento de la inseguridad y la inacci\u00f3n de las autoridades federales y estatales, \u201cdesde el PAN, nos solidarizamos con las v\u00edctimas de los delitos, porque hay una total insensibilidad desde el momento en el que no se reconoce esta problem\u00e1tica y por el contrario se minimiza\u201d<\/p>\n\n\n\n<p>Dijo que resulta inaudito que despu\u00e9s de 9 meses en el cargo de gobierno, se dieran cuenta que algunos sindicatos cobran \u201cderecho de piso\u201d, y peor a\u00fan que solo se quejen en vez de informar que hay denuncias y detenidos por esos hechos.<\/p>\n","protected":false},"excerpt":{"rendered":"<p>*La Dirigente estatal se\u00f1al\u00f3 que habr\u00e1 alianzas en diversos distritos electorales Comunicado: A unos d\u00edas&#8230;<\/p>\n","protected":false},"author":4,"featured_media":18365,"comment_status":"closed","ping_status":"open","sticky":false,"template":"","format":"standard","meta":{"footnotes":""},"categories":[9],"tags":[],"jetpack_sharing_enabled":true,"featured_image_urls":{"full":["https:\/\/contextoanalisisperiodistico.com\/wp-content\/uploads\/2023\/09\/FB_IMG_1693965973384.jpg",720,540,false],"thumbnail":["https:\/\/contextoanalisisperiodistico.com\/wp-content\/uploads\/2023\/09\/FB_IMG_1693965973384-150x150.jpg",150,150,true],"medium":["https:\/\/contextoanalisisperiodistico.com\/wp-content\/uploads\/2023\/09\/FB_IMG_1693965973384-300x225.jpg",300,225,true],"medium_large":["https:\/\/contextoanalisisperiodistico.com\/wp-content\/uploads\/2023\/09\/FB_IMG_1693965973384.jpg",640,480,false],"large":["https:\/\/contextoanalisisperiodistico.com\/wp-content\/uploads\/2023\/09\/FB_IMG_1693965973384.jpg",640,480,false],"1536x1536":["https:\/\/contextoanalisisperiodistico.com\/wp-content\/uploads\/2023\/09\/FB_IMG_1693965973384.jpg",720,540,false],"2048x2048":["https:\/\/contextoanalisisperiodistico.com\/wp-content\/uploads\/2023\/09\/FB_IMG_1693965973384.jpg",720,540,false],"covernews-slider-full":["https:\/\/contextoanalisisperiodistico.com\/wp-content\/uploads\/2023\/09\/FB_IMG_1693965973384.jpg",720,540,false],"covernews-slider-center":["https:\/\/contextoanalisisperiodistico.com\/wp-content\/uploads\/2023\/09\/FB_IMG_1693965973384-720x500.jpg",720,500,true],"covernews-featured":["https:\/\/contextoanalisisperiodistico.com\/wp-content\/uploads\/2023\/09\/FB_IMG_1693965973384.jpg",720,540,false],"covernews-medium":["https:\/\/contextoanalisisperiodistico.com\/wp-content\/uploads\/2023\/09\/FB_IMG_1693965973384-540x340.jpg",540,340,true],"covernews-medium-square":["https:\/\/contextoanalisisperiodistico.com\/wp-content\/uploads\/2023\/09\/FB_IMG_1693965973384-400x250.jpg",400,250,true]},"author_info":{"display_name":"Mario Gir\u00f3n","author_link":"https:\/\/contextoanalisisperiodistico.com\/index.php\/author\/director\/"},"category_info":"<a href=\"https:\/\/contextoanalisisperiodistico.com\/index.php\/category\/politica\/\" rel=\"category tag\">Pol\u00edtica<\/a>","tag_info":"Pol\u00edtica","comment_count":"0","jetpack_featured_media_url":"https:\/\/contextoanalisisperiodistico.com\/wp-content\/uploads\/2023\/09\/FB_IMG_1693965973384.jpg","_links":{"self":[{"href":"https:\/\/contextoanalisisperiodistico.com\/index.php\/wp-json\/wp\/v2\/posts\/18364"}],"collection":[{"href":"https:\/\/contextoanalisisperiodistico.com\/index.php\/wp-json\/wp\/v2\/posts"}],"about":[{"href":"https:\/\/contextoanalisisperiodistico.com\/index.php\/wp-json\/wp\/v2\/types\/post"}],"author":[{"embeddable":true,"href":"https:\/\/contextoanalisisperiodistico.com\/index.php\/wp-json\/wp\/v2\/users\/4"}],"replies":[{"embeddable":true,"href":"https:\/\/contextoanalisisperiodistico.com\/index.php\/wp-json\/wp\/v2\/comments?post=18364"}],"version-history":[{"count":3,"href":"https:\/\/contextoanalisisperiodistico.com\/index.php\/wp-json\/wp\/v2\/posts\/18364\/revisions"}],"predecessor-version":[{"id":18368,"href":"https:\/\/contextoanalisisperiodistico.com\/index.php\/wp-json\/wp\/v2\/posts\/18364\/revisions\/18368"}],"wp:featuredmedia":[{"embeddable":true,"href":"https:\/\/contextoanalisisperiodistico.com\/index.php\/wp-json\/wp\/v2\/media\/18365"}],"wp:attachment":[{"href":"https:\/\/contextoanalisisperiodistico.com\/index.php\/wp-json\/wp\/v2\/media?parent=18364"}],"wp:term":[{"taxonomy":"category","embeddable":true,"href":"https:\/\/contextoanalisisperiodistico.com\/index.php\/wp-json\/wp\/v2\/categories?post=18364"},{"taxonomy":"post_tag","embeddable":true,"href":"https:\/\/contextoanalisisperiodistico.com\/index.php\/wp-json\/wp\/v2\/tags?post=18364"}],"curies":[{"name":"wp","href":"https:\/\/api.w.org\/{rel}","templated":true}]}}