{"id":18345,"date":"2023-09-05T12:04:31","date_gmt":"2023-09-05T18:04:31","guid":{"rendered":"https:\/\/contextoanalisisperiodistico.com\/?p=18345"},"modified":"2023-09-05T12:05:02","modified_gmt":"2023-09-05T18:05:02","slug":"reconoce-gobierno-de-oaxaca-espiritu-inquebrantable-de-juchitan-de-zaragoza","status":"publish","type":"post","link":"https:\/\/contextoanalisisperiodistico.com\/index.php\/2023\/09\/05\/reconoce-gobierno-de-oaxaca-espiritu-inquebrantable-de-juchitan-de-zaragoza\/","title":{"rendered":"<em>Reconoce Gobierno de Oaxaca esp\u00edritu inquebrantable de Juchit\u00e1n de Zaragoza<\/em>"},"content":{"rendered":"<div id=\"fb-root\"><\/div>\n\n<p>\u25cfEl Gobernador encabez\u00f3 la ceremonia c\u00edvica con motivo de la conmemoraci\u00f3n del 157 aniversario de la batalla del 5 de septiembre<\/p>\n\n\n\n<p>\u25cfRefrenda la solidaridad y compromiso de la Primavera Oaxaque\u00f1a para seguir trabajando por el desarrollo de este municipio y la regi\u00f3n<\/p>\n\n\n\n<figure class=\"wp-block-image size-large\"><img fetchpriority=\"high\" decoding=\"async\" width=\"1024\" height=\"682\" src=\"https:\/\/contextoanalisisperiodistico.com\/wp-content\/uploads\/2023\/09\/img-20230905-wa00205884232723680232106-1024x682.jpg\" alt=\"\" class=\"wp-image-18348\" srcset=\"https:\/\/contextoanalisisperiodistico.com\/wp-content\/uploads\/2023\/09\/img-20230905-wa00205884232723680232106-1024x682.jpg 1024w, https:\/\/contextoanalisisperiodistico.com\/wp-content\/uploads\/2023\/09\/img-20230905-wa00205884232723680232106-300x200.jpg 300w, https:\/\/contextoanalisisperiodistico.com\/wp-content\/uploads\/2023\/09\/img-20230905-wa00205884232723680232106-768x512.jpg 768w, https:\/\/contextoanalisisperiodistico.com\/wp-content\/uploads\/2023\/09\/img-20230905-wa00205884232723680232106-1536x1023.jpg 1536w, https:\/\/contextoanalisisperiodistico.com\/wp-content\/uploads\/2023\/09\/img-20230905-wa00205884232723680232106.jpg 1600w\" sizes=\"(max-width: 1024px) 100vw, 1024px\" \/><\/figure>\n\n\n\n<figure class=\"wp-block-image\"><img decoding=\"async\" width=\"1024\" height=\"682\" src=\"https:\/\/contextoanalisisperiodistico.com\/wp-content\/uploads\/2023\/09\/img-20230905-wa0024947332237772045210-1024x682.jpg\" alt=\"\" class=\"wp-image-18350\" srcset=\"https:\/\/contextoanalisisperiodistico.com\/wp-content\/uploads\/2023\/09\/img-20230905-wa0024947332237772045210-1024x682.jpg 1024w, https:\/\/contextoanalisisperiodistico.com\/wp-content\/uploads\/2023\/09\/img-20230905-wa0024947332237772045210-300x200.jpg 300w, https:\/\/contextoanalisisperiodistico.com\/wp-content\/uploads\/2023\/09\/img-20230905-wa0024947332237772045210-768x512.jpg 768w, https:\/\/contextoanalisisperiodistico.com\/wp-content\/uploads\/2023\/09\/img-20230905-wa0024947332237772045210-1536x1023.jpg 1536w, https:\/\/contextoanalisisperiodistico.com\/wp-content\/uploads\/2023\/09\/img-20230905-wa0024947332237772045210.jpg 1600w\" sizes=\"(max-width: 1024px) 100vw, 1024px\" \/><\/figure>\n\n\n\n<figure class=\"wp-block-image\"><img decoding=\"async\" width=\"1024\" height=\"683\" src=\"https:\/\/contextoanalisisperiodistico.com\/wp-content\/uploads\/2023\/09\/img-20230905-wa00216993509351820957740-1024x683.jpg\" alt=\"\" class=\"wp-image-18347\" srcset=\"https:\/\/contextoanalisisperiodistico.com\/wp-content\/uploads\/2023\/09\/img-20230905-wa00216993509351820957740-1024x683.jpg 1024w, https:\/\/contextoanalisisperiodistico.com\/wp-content\/uploads\/2023\/09\/img-20230905-wa00216993509351820957740-300x200.jpg 300w, https:\/\/contextoanalisisperiodistico.com\/wp-content\/uploads\/2023\/09\/img-20230905-wa00216993509351820957740-768x512.jpg 768w, https:\/\/contextoanalisisperiodistico.com\/wp-content\/uploads\/2023\/09\/img-20230905-wa00216993509351820957740-1536x1024.jpg 1536w, https:\/\/contextoanalisisperiodistico.com\/wp-content\/uploads\/2023\/09\/img-20230905-wa00216993509351820957740.jpg 1600w\" sizes=\"(max-width: 1024px) 100vw, 1024px\" \/><\/figure>\n\n\n\n<figure class=\"wp-block-image\"><img loading=\"lazy\" decoding=\"async\" width=\"1024\" height=\"684\" src=\"https:\/\/contextoanalisisperiodistico.com\/wp-content\/uploads\/2023\/09\/img-20230905-wa00238679045293983731151-1024x684.jpg\" alt=\"\" class=\"wp-image-18349\" srcset=\"https:\/\/contextoanalisisperiodistico.com\/wp-content\/uploads\/2023\/09\/img-20230905-wa00238679045293983731151-1024x684.jpg 1024w, https:\/\/contextoanalisisperiodistico.com\/wp-content\/uploads\/2023\/09\/img-20230905-wa00238679045293983731151-300x200.jpg 300w, https:\/\/contextoanalisisperiodistico.com\/wp-content\/uploads\/2023\/09\/img-20230905-wa00238679045293983731151-768x513.jpg 768w, https:\/\/contextoanalisisperiodistico.com\/wp-content\/uploads\/2023\/09\/img-20230905-wa00238679045293983731151-1536x1025.jpg 1536w, https:\/\/contextoanalisisperiodistico.com\/wp-content\/uploads\/2023\/09\/img-20230905-wa00238679045293983731151.jpg 1600w\" sizes=\"(max-width: 1024px) 100vw, 1024px\" \/><\/figure>\n\n\n\n<p>Juchit\u00e1n de Zaragoza, Oax. 5 de septiembre de 2023. El esp\u00edritu inquebrantable de los hombres y mujeres que dieron una gran lucha por la soberan\u00eda y la dignidad de M\u00e9xico en la batalla del 5 de septiembre de 1866, durante la intervenci\u00f3n francesa, fue reconocido en la ceremonia c\u00edvica encabezada por el Gobernador Salom\u00f3n Jara Cruz en el monumento que se erige en honor a esta proeza desde el centro de esta Heroica Ciudad zapoteca.<\/p>\n\n\n\n<p>\u00abHoy en la conmemoraci\u00f3n del 157 aniversario de esta gesta heroica venimos a refrendar que Juchit\u00e1n y el Istmo son pilares de nuestra historia y que con esta noble regi\u00f3n seguimos impulsando la transformaci\u00f3n profunda de Oaxaca y la reparaci\u00f3n hist\u00f3rica de nuestro pueblo\u00bb, afirm\u00f3 el Mandatario estatal en este acto en el que se realiz\u00f3 el izamiento de la Bandera a media asta y el dep\u00f3sito de una ofrenda floral.<\/p>\n\n\n\n<p>Acompa\u00f1ado por el presidente municipal de Juchit\u00e1n de Zaragoza, Miguel S\u00e1nchez Altamirano, Jara Cruz expres\u00f3 que en este mes de septiembre en el que se escribieron p\u00e1ginas gloriosas de la historia de M\u00e9xico, destaca la valent\u00eda del pueblo juchiteco cuyo actuar patri\u00f3tico dej\u00f3 una lecci\u00f3n de dignidad en la defensa de la rep\u00fablica y la soberan\u00eda mexicana.<\/p>\n\n\n\n<p>En este sentido record\u00f3 a los valientes juchitecos como Cris\u00f3foro Canseco, Albino Jim\u00e9nez, Cosme Dami\u00e1n G\u00f3mez y Jos\u00e9 Pedro Gallegos, y todos los pueblos de la regi\u00f3n que aportaron su contingencia en el Batall\u00f3n de Zaragoza al mando del general Luciano Prieto, para el triunfo sobre los imperialistas, en una batalla de seis horas.<\/p>\n\n\n\n<p>En su oportunidad, el presidente municipal destac\u00f3 la presencia del Gobernador Salom\u00f3n Jara Cruz a este altar patri\u00f3tico para rendir tributo a los hombres y mujeres que pusieron su coraz\u00f3n y sus rudimentarias armas al servicio de la Patria el 5 de septiembre de 1866.<\/p>\n\n\n\n<p>\u00abGracias Gobernador por venir a esta tierra que encierra gran simbolismo en nuestra cultura. En ese sitio recordamos la entrada de nuestro pueblo, humilde pero vigoroso, que se impuso a la divisi\u00f3n militar invasora. Aqu\u00ed recordamos el esfuerzo para organizarse desde un d\u00eda antes en el Pozo Peralta y enfilar hacia la victoriosa batalla librada en el paraje Ig\u00fa aquella ma\u00f1ana del 5 de septiembre y poner en alto la Bandera en la ra\u00edz zapoteca\u00bb.<\/p>\n\n\n\n<p>Hoy el Istmo est\u00e1 en el centro de nuestras prioridades: Jara Cruz<\/p>\n\n\n\n<p>En v\u00edsperas del sexto aniversario de los sismos de 2017, el Gobernador Salom\u00f3n Jara Cruz refrend\u00f3 la solidaridad y compromiso de la Primavera Oaxaque\u00f1a para seguir trabajando en los temas pendientes de reconstrucci\u00f3n.<\/p>\n\n\n\n<p>\u00abJuchit\u00e1n nos sigue dando un ejemplo de aplomo, de resiliencia, de gran fortaleza ante la adversidad con el esp\u00edritu inquebrantable de sus pobladores\u00bb, dijo.<\/p>\n\n\n\n<p>Destac\u00f3 que el Proyecto Interoce\u00e1nico que se est\u00e1 gestando en esta regi\u00f3n marcar\u00e1 un antes y un despu\u00e9s en la historia del sur de M\u00e9xico. \u00abA esta generaci\u00f3n nos corresponde concretar ese gran cambio de paradigmas en congruencia con los preceptos de la Cuarta Transformaci\u00f3n que impulsa nuestro Presidente Andr\u00e9s Manuel L\u00f3pez Obrador\u00bb.<\/p>\n\n\n\n<p>De esta manera, Jara Cruz se\u00f1al\u00f3 que en esta Primavera Oaxaque\u00f1a el Istmo tiene un gran nicho de oportunidad para traer m\u00e1s bienestar, por lo que asegur\u00f3 que su gobierno seguir\u00e1 trabajando al lado de este pueblo para construir el presente y el porvenir de prosperidad que tanto se anhela.<\/p>\n\n\n\n<p>En este acto estuvieron presentes estudiantes de cuarto y quinto a\u00f1o de la Escuela Primaria Biling\u00fce 5 de Septiembre, as\u00ed como de quinto y sexto de la Escuela Primaria H\u00e9roes del 5 de Septiembre.<\/p>\n\n\n\n<p>Tambi\u00e9n asistieron la regidora de Educaci\u00f3n del municipio de Juchit\u00e1n de Zaragoza, Rosa Elvia Regalado P\u00e9rez, el secretario municipal, Mariano Rosado L\u00f3pez; el coronel Diplomado de Estado Mayor Jos\u00e9 Le\u00f3n Corral Mendoza; el coronel Piloto Aviador Diplomado de Estado Mayor A\u00e9reo Abel Noyola Castillo de la Base A\u00e9rea n\u00famero 2; y el teniente coronel de Caballer\u00eda Jos\u00e9 Manuel Galindo Su\u00e1rez.<br \/>-0-<\/p>\n","protected":false},"excerpt":{"rendered":"<p>\u25cfEl Gobernador encabez\u00f3 la ceremonia c\u00edvica con motivo de la conmemoraci\u00f3n del 157 aniversario de&#8230;<\/p>\n","protected":false},"author":4,"featured_media":18346,"comment_status":"closed","ping_status":"open","sticky":false,"template":"","format":"standard","meta":{"footnotes":""},"categories":[9],"tags":[],"jetpack_sharing_enabled":true,"featured_image_urls":{"full":["https:\/\/contextoanalisisperiodistico.com\/wp-content\/uploads\/2023\/09\/IMG-20230905-WA0019.jpg",1600,1066,false],"thumbnail":["https:\/\/contextoanalisisperiodistico.com\/wp-content\/uploads\/2023\/09\/IMG-20230905-WA0019-150x150.jpg",150,150,true],"medium":["https:\/\/contextoanalisisperiodistico.com\/wp-content\/uploads\/2023\/09\/IMG-20230905-WA0019-300x200.jpg",300,200,true],"medium_large":["https:\/\/contextoanalisisperiodistico.com\/wp-content\/uploads\/2023\/09\/IMG-20230905-WA0019-768x512.jpg",640,427,true],"large":["https:\/\/contextoanalisisperiodistico.com\/wp-content\/uploads\/2023\/09\/IMG-20230905-WA0019-1024x682.jpg",640,426,true],"1536x1536":["https:\/\/contextoanalisisperiodistico.com\/wp-content\/uploads\/2023\/09\/IMG-20230905-WA0019-1536x1023.jpg",1536,1023,true],"2048x2048":["https:\/\/contextoanalisisperiodistico.com\/wp-content\/uploads\/2023\/09\/IMG-20230905-WA0019.jpg",1600,1066,false],"covernews-slider-full":["https:\/\/contextoanalisisperiodistico.com\/wp-content\/uploads\/2023\/09\/IMG-20230905-WA0019-1115x715.jpg",1115,715,true],"covernews-slider-center":["https:\/\/contextoanalisisperiodistico.com\/wp-content\/uploads\/2023\/09\/IMG-20230905-WA0019-800x500.jpg",800,500,true],"covernews-featured":["https:\/\/contextoanalisisperiodistico.com\/wp-content\/uploads\/2023\/09\/IMG-20230905-WA0019-1024x682.jpg",1024,682,true],"covernews-medium":["https:\/\/contextoanalisisperiodistico.com\/wp-content\/uploads\/2023\/09\/IMG-20230905-WA0019-540x340.jpg",540,340,true],"covernews-medium-square":["https:\/\/contextoanalisisperiodistico.com\/wp-content\/uploads\/2023\/09\/IMG-20230905-WA0019-400x250.jpg",400,250,true]},"author_info":{"display_name":"Mario Gir\u00f3n","author_link":"https:\/\/contextoanalisisperiodistico.com\/index.php\/author\/director\/"},"category_info":"<a href=\"https:\/\/contextoanalisisperiodistico.com\/index.php\/category\/politica\/\" rel=\"category tag\">Pol\u00edtica<\/a>","tag_info":"Pol\u00edtica","comment_count":"0","jetpack_featured_media_url":"https:\/\/contextoanalisisperiodistico.com\/wp-content\/uploads\/2023\/09\/IMG-20230905-WA0019.jpg","_links":{"self":[{"href":"https:\/\/contextoanalisisperiodistico.com\/index.php\/wp-json\/wp\/v2\/posts\/18345"}],"collection":[{"href":"https:\/\/contextoanalisisperiodistico.com\/index.php\/wp-json\/wp\/v2\/posts"}],"about":[{"href":"https:\/\/contextoanalisisperiodistico.com\/index.php\/wp-json\/wp\/v2\/types\/post"}],"author":[{"embeddable":true,"href":"https:\/\/contextoanalisisperiodistico.com\/index.php\/wp-json\/wp\/v2\/users\/4"}],"replies":[{"embeddable":true,"href":"https:\/\/contextoanalisisperiodistico.com\/index.php\/wp-json\/wp\/v2\/comments?post=18345"}],"version-history":[{"count":1,"href":"https:\/\/contextoanalisisperiodistico.com\/index.php\/wp-json\/wp\/v2\/posts\/18345\/revisions"}],"predecessor-version":[{"id":18351,"href":"https:\/\/contextoanalisisperiodistico.com\/index.php\/wp-json\/wp\/v2\/posts\/18345\/revisions\/18351"}],"wp:featuredmedia":[{"embeddable":true,"href":"https:\/\/contextoanalisisperiodistico.com\/index.php\/wp-json\/wp\/v2\/media\/18346"}],"wp:attachment":[{"href":"https:\/\/contextoanalisisperiodistico.com\/index.php\/wp-json\/wp\/v2\/media?parent=18345"}],"wp:term":[{"taxonomy":"category","embeddable":true,"href":"https:\/\/contextoanalisisperiodistico.com\/index.php\/wp-json\/wp\/v2\/categories?post=18345"},{"taxonomy":"post_tag","embeddable":true,"href":"https:\/\/contextoanalisisperiodistico.com\/index.php\/wp-json\/wp\/v2\/tags?post=18345"}],"curies":[{"name":"wp","href":"https:\/\/api.w.org\/{rel}","templated":true}]}}