{"id":18339,"date":"2023-09-05T09:22:26","date_gmt":"2023-09-05T15:22:26","guid":{"rendered":"https:\/\/contextoanalisisperiodistico.com\/?p=18339"},"modified":"2023-09-05T09:23:06","modified_gmt":"2023-09-05T15:23:06","slug":"trabaja-utsso-en-el-fortalecimiento-de-la-calidad-educativa","status":"publish","type":"post","link":"https:\/\/contextoanalisisperiodistico.com\/index.php\/2023\/09\/05\/trabaja-utsso-en-el-fortalecimiento-de-la-calidad-educativa\/","title":{"rendered":"Trabaja UTSSO en el fortalecimiento de la calidad educativa"},"content":{"rendered":"<div id=\"fb-root\"><\/div>\n\n<p>\u2022 Durante la ceremonia de inicio de cursos, el rector de la instituci\u00f3n resalt\u00f3 que la universidad se ha convertido en un semillero de talentos y en referencia en educaci\u00f3n superior<br>\u2022 Entreg\u00f3 reconocimientos a estudiantes con mejor promedio y a personal docente destacado<\/p>\n\n\n\n<figure class=\"wp-block-image size-large\"><img fetchpriority=\"high\" decoding=\"async\" width=\"1024\" height=\"682\" src=\"https:\/\/contextoanalisisperiodistico.com\/wp-content\/uploads\/2023\/09\/img-20230905-wa00084907363835148126877-1024x682.jpg\" alt=\"\" class=\"wp-image-18341\" srcset=\"https:\/\/contextoanalisisperiodistico.com\/wp-content\/uploads\/2023\/09\/img-20230905-wa00084907363835148126877-1024x682.jpg 1024w, https:\/\/contextoanalisisperiodistico.com\/wp-content\/uploads\/2023\/09\/img-20230905-wa00084907363835148126877-300x200.jpg 300w, https:\/\/contextoanalisisperiodistico.com\/wp-content\/uploads\/2023\/09\/img-20230905-wa00084907363835148126877-768x512.jpg 768w, https:\/\/contextoanalisisperiodistico.com\/wp-content\/uploads\/2023\/09\/img-20230905-wa00084907363835148126877-1536x1023.jpg 1536w, https:\/\/contextoanalisisperiodistico.com\/wp-content\/uploads\/2023\/09\/img-20230905-wa00084907363835148126877.jpg 1600w\" sizes=\"(max-width: 1024px) 100vw, 1024px\" \/><\/figure>\n\n\n\n<figure class=\"wp-block-image\"><img decoding=\"async\" width=\"1024\" height=\"682\" src=\"https:\/\/contextoanalisisperiodistico.com\/wp-content\/uploads\/2023\/09\/img-20230905-wa00093530192015963920167-1024x682.jpg\" alt=\"\" class=\"wp-image-18343\" srcset=\"https:\/\/contextoanalisisperiodistico.com\/wp-content\/uploads\/2023\/09\/img-20230905-wa00093530192015963920167-1024x682.jpg 1024w, https:\/\/contextoanalisisperiodistico.com\/wp-content\/uploads\/2023\/09\/img-20230905-wa00093530192015963920167-300x200.jpg 300w, https:\/\/contextoanalisisperiodistico.com\/wp-content\/uploads\/2023\/09\/img-20230905-wa00093530192015963920167-768x512.jpg 768w, https:\/\/contextoanalisisperiodistico.com\/wp-content\/uploads\/2023\/09\/img-20230905-wa00093530192015963920167-1536x1023.jpg 1536w, https:\/\/contextoanalisisperiodistico.com\/wp-content\/uploads\/2023\/09\/img-20230905-wa00093530192015963920167.jpg 1600w\" sizes=\"(max-width: 1024px) 100vw, 1024px\" \/><\/figure>\n\n\n\n<figure class=\"wp-block-image\"><img decoding=\"async\" width=\"1024\" height=\"682\" src=\"https:\/\/contextoanalisisperiodistico.com\/wp-content\/uploads\/2023\/09\/img-20230905-wa00118003042401585373053-1024x682.jpg\" alt=\"\" class=\"wp-image-18342\" srcset=\"https:\/\/contextoanalisisperiodistico.com\/wp-content\/uploads\/2023\/09\/img-20230905-wa00118003042401585373053-1024x682.jpg 1024w, https:\/\/contextoanalisisperiodistico.com\/wp-content\/uploads\/2023\/09\/img-20230905-wa00118003042401585373053-300x200.jpg 300w, https:\/\/contextoanalisisperiodistico.com\/wp-content\/uploads\/2023\/09\/img-20230905-wa00118003042401585373053-768x512.jpg 768w, https:\/\/contextoanalisisperiodistico.com\/wp-content\/uploads\/2023\/09\/img-20230905-wa00118003042401585373053-1536x1023.jpg 1536w, https:\/\/contextoanalisisperiodistico.com\/wp-content\/uploads\/2023\/09\/img-20230905-wa00118003042401585373053.jpg 1600w\" sizes=\"(max-width: 1024px) 100vw, 1024px\" \/><\/figure>\n\n\n\n<p>Villa Sola de Vega, Oax. 5 de septiembre de 2023.- La Universidad Tecnol\u00f3gica de la Sierra Sur de Oaxaca (UTSSO) trabajar\u00e1 en el cuatrimestre septiembre-diciembre 2023 en el fortalecimiento de la calidad educativa, inform\u00f3 el rector Gerson Baruc Carlos Robles.<\/p>\n\n\n\n<p>Al encabezar la ceremonia de inicio de cursos y entregar reconocimientos a estudiantes con los mejores promedios y al profesorado que por su labor destacaron durante el cuatrimestre mayo-agosto de 2023, el rector resalt\u00f3 que la instituci\u00f3n educativa se ha convertido en un semillero de talentos y en referencia en educaci\u00f3n superior a nivel nacional e internacional.<\/p>\n\n\n\n<p>Afirm\u00f3 que mejorar la calidad educativa es un compromiso en la administraci\u00f3n que encabeza el Gobernador del Estado Salom\u00f3n Jara Cruz. El servidor p\u00fablico reconoci\u00f3 el esfuerzo y dedicaci\u00f3n que tanto el estudiantado como el personal docente realizan todos los d\u00edas para prepararse profesionalmente.<\/p>\n\n\n\n<p>Entre las estudiantes del nivel T\u00e9cnico Superior Universitario reconocidas por su desempe\u00f1o acad\u00e9mico destaca de la carrera de Administraci\u00f3n \u00c1rea Formulaci\u00f3n y Evaluaci\u00f3n de Proyectos, Cruz Santos Araceli, con un promedio de 9.9.<\/p>\n\n\n\n<p>Asimismo, de las carreras de Agricultura Sustentable y Protegida, Cavero Cavero Ana Mar\u00eda con un promedio de 9.4; de Procesos Alimentarios, L\u00f3pez P\u00e9rez Daysy Noem\u00ed con un promedio de 9.4, y de Recursos Naturales \u00c1rea Manejo Forestal Sustentable, Z\u00e1rate P\u00e9rez Wendi Anai con un promedio de 9.2.<\/p>\n\n\n\n<p>En tanto que en el nivel licenciatura o ingenier\u00eda destacan de las carreras de Gesti\u00f3n de Negocios y Proyectos, L\u00f3pez Hern\u00e1ndez Mar\u00eda Soledad con un promedio de 9.8; de Agricultura Sustentable y Protegida, R\u00edos Agudo \u00c1ngela Lucero y R\u00edos Agudo Annecy Elsa con un promedio de 10; de Procesos Alimentarios, G\u00f3mez Alberto Abril Montserrat, con un promedio de 9.0 y de la carrera de Manejo de Recursos Naturales, Luis Velasco Juana Laura con un promedio de 9.9.<\/p>\n\n\n\n<p>De igual manera se reconoci\u00f3 la labor profesional de las maestras en Administraci\u00f3n, Alejandrina Ram\u00edrez Santos y Analine Cabrera Arag\u00f3n, por obtener la distinci\u00f3n de Mejor Profesora de Tiempo Completo y de Mejor Maestra de Asignatura, respectivamente, durante el cuatrimestre mayo-agosto de 2023.<\/p>\n","protected":false},"excerpt":{"rendered":"<p>\u2022 Durante la ceremonia de inicio de cursos, el rector de la instituci\u00f3n resalt\u00f3 que&#8230;<\/p>\n","protected":false},"author":4,"featured_media":18340,"comment_status":"closed","ping_status":"open","sticky":false,"template":"","format":"standard","meta":{"footnotes":""},"categories":[9],"tags":[],"jetpack_sharing_enabled":true,"featured_image_urls":{"full":["https:\/\/contextoanalisisperiodistico.com\/wp-content\/uploads\/2023\/09\/IMG-20230905-WA0010.jpg",1600,1066,false],"thumbnail":["https:\/\/contextoanalisisperiodistico.com\/wp-content\/uploads\/2023\/09\/IMG-20230905-WA0010-150x150.jpg",150,150,true],"medium":["https:\/\/contextoanalisisperiodistico.com\/wp-content\/uploads\/2023\/09\/IMG-20230905-WA0010-300x200.jpg",300,200,true],"medium_large":["https:\/\/contextoanalisisperiodistico.com\/wp-content\/uploads\/2023\/09\/IMG-20230905-WA0010-768x512.jpg",640,427,true],"large":["https:\/\/contextoanalisisperiodistico.com\/wp-content\/uploads\/2023\/09\/IMG-20230905-WA0010-1024x682.jpg",640,426,true],"1536x1536":["https:\/\/contextoanalisisperiodistico.com\/wp-content\/uploads\/2023\/09\/IMG-20230905-WA0010-1536x1023.jpg",1536,1023,true],"2048x2048":["https:\/\/contextoanalisisperiodistico.com\/wp-content\/uploads\/2023\/09\/IMG-20230905-WA0010.jpg",1600,1066,false],"covernews-slider-full":["https:\/\/contextoanalisisperiodistico.com\/wp-content\/uploads\/2023\/09\/IMG-20230905-WA0010-1115x715.jpg",1115,715,true],"covernews-slider-center":["https:\/\/contextoanalisisperiodistico.com\/wp-content\/uploads\/2023\/09\/IMG-20230905-WA0010-800x500.jpg",800,500,true],"covernews-featured":["https:\/\/contextoanalisisperiodistico.com\/wp-content\/uploads\/2023\/09\/IMG-20230905-WA0010-1024x682.jpg",1024,682,true],"covernews-medium":["https:\/\/contextoanalisisperiodistico.com\/wp-content\/uploads\/2023\/09\/IMG-20230905-WA0010-540x340.jpg",540,340,true],"covernews-medium-square":["https:\/\/contextoanalisisperiodistico.com\/wp-content\/uploads\/2023\/09\/IMG-20230905-WA0010-400x250.jpg",400,250,true]},"author_info":{"display_name":"Mario Gir\u00f3n","author_link":"https:\/\/contextoanalisisperiodistico.com\/index.php\/author\/director\/"},"category_info":"<a href=\"https:\/\/contextoanalisisperiodistico.com\/index.php\/category\/politica\/\" rel=\"category tag\">Pol\u00edtica<\/a>","tag_info":"Pol\u00edtica","comment_count":"0","jetpack_featured_media_url":"https:\/\/contextoanalisisperiodistico.com\/wp-content\/uploads\/2023\/09\/IMG-20230905-WA0010.jpg","_links":{"self":[{"href":"https:\/\/contextoanalisisperiodistico.com\/index.php\/wp-json\/wp\/v2\/posts\/18339"}],"collection":[{"href":"https:\/\/contextoanalisisperiodistico.com\/index.php\/wp-json\/wp\/v2\/posts"}],"about":[{"href":"https:\/\/contextoanalisisperiodistico.com\/index.php\/wp-json\/wp\/v2\/types\/post"}],"author":[{"embeddable":true,"href":"https:\/\/contextoanalisisperiodistico.com\/index.php\/wp-json\/wp\/v2\/users\/4"}],"replies":[{"embeddable":true,"href":"https:\/\/contextoanalisisperiodistico.com\/index.php\/wp-json\/wp\/v2\/comments?post=18339"}],"version-history":[{"count":1,"href":"https:\/\/contextoanalisisperiodistico.com\/index.php\/wp-json\/wp\/v2\/posts\/18339\/revisions"}],"predecessor-version":[{"id":18344,"href":"https:\/\/contextoanalisisperiodistico.com\/index.php\/wp-json\/wp\/v2\/posts\/18339\/revisions\/18344"}],"wp:featuredmedia":[{"embeddable":true,"href":"https:\/\/contextoanalisisperiodistico.com\/index.php\/wp-json\/wp\/v2\/media\/18340"}],"wp:attachment":[{"href":"https:\/\/contextoanalisisperiodistico.com\/index.php\/wp-json\/wp\/v2\/media?parent=18339"}],"wp:term":[{"taxonomy":"category","embeddable":true,"href":"https:\/\/contextoanalisisperiodistico.com\/index.php\/wp-json\/wp\/v2\/categories?post=18339"},{"taxonomy":"post_tag","embeddable":true,"href":"https:\/\/contextoanalisisperiodistico.com\/index.php\/wp-json\/wp\/v2\/tags?post=18339"}],"curies":[{"name":"wp","href":"https:\/\/api.w.org\/{rel}","templated":true}]}}