{"id":18314,"date":"2023-09-04T15:35:26","date_gmt":"2023-09-04T21:35:26","guid":{"rendered":"https:\/\/contextoanalisisperiodistico.com\/?p=18314"},"modified":"2023-09-04T15:36:39","modified_gmt":"2023-09-04T21:36:39","slug":"extorsion-a-tortillerias-no-sera-tolerada-salomon-jara","status":"publish","type":"post","link":"https:\/\/contextoanalisisperiodistico.com\/index.php\/2023\/09\/04\/extorsion-a-tortillerias-no-sera-tolerada-salomon-jara\/","title":{"rendered":"Extorsi\u00f3n a tortiller\u00edas no ser\u00e1 tolerada: Salom\u00f3n Jara"},"content":{"rendered":"<div id=\"fb-root\"><\/div>\n\n<p>Oaxaca de Ju\u00e1rez, Oax. 4 de septiembre de 2023.- El Gobernador Salom\u00f3n Jara Cruz recalc\u00f3 que la administraci\u00f3n a su cargo no tolerar\u00e1 el cobro de piso a tortiller\u00edas en la entidad por parte de algunas asociaciones sindicales.<\/p>\n\n\n\n<p>En conferencia de prensa semanal, Jara Cruz expuso que estos negocios ubicados en localidades como Tlacolula de Matamoros, Ocotl\u00e1n de Morelos, Oaxaca de Ju\u00e1rez, regiones como el Istmo de Tehuantepec, entre otras zonas, han sido v\u00edctimas de estos actos il\u00edcitos que perjudican principalmente la econom\u00eda de la poblaci\u00f3n.<\/p>\n\n\n\n<p>Lament\u00f3 que sindicatos como la Confederaci\u00f3n Aut\u00f3noma de Trabajadores y Empleados de M\u00e9xico (CATEM) y la Confederaci\u00f3n de Trabajadores de M\u00e9xico (CTM) realicen el cobro de piso a estos productores de alimento, lo que redunda en la unificaci\u00f3n de precios al alza.<\/p>\n\n\n\n<p>El Mandatario Estatal indic\u00f3 que, de no ser por estas organizaciones que operan en la entidad, el precio del comestible a base de ma\u00edz podr\u00eda disminuir, beneficiando directamente el bolsillo de la ciudadan\u00eda.<\/p>\n\n\n\n<p>Adem\u00e1s, el titular de la Gubernatura anunci\u00f3 que se actuar\u00e1 de la misma manera que en el caso del C\u00e1rtel del Despojo. \u201cTengo que decir la verdad porque no podemos permitir que estos se\u00f1ores hagan de las suyas y eso lo permit\u00eda el gobernador anterior, dejaba que hicieran lo que quisieran\u201d, concluy\u00f3.<\/p>\n","protected":false},"excerpt":{"rendered":"<p>Oaxaca de Ju\u00e1rez, Oax. 4 de septiembre de 2023.- El Gobernador Salom\u00f3n Jara Cruz recalc\u00f3&#8230;<\/p>\n","protected":false},"author":4,"featured_media":18315,"comment_status":"closed","ping_status":"open","sticky":false,"template":"","format":"standard","meta":{"footnotes":""},"categories":[9],"tags":[],"jetpack_sharing_enabled":true,"featured_image_urls":{"full":["https:\/\/contextoanalisisperiodistico.com\/wp-content\/uploads\/2023\/09\/IMG-20230904-WA0047.jpg",1600,1290,false],"thumbnail":["https:\/\/contextoanalisisperiodistico.com\/wp-content\/uploads\/2023\/09\/IMG-20230904-WA0047-150x150.jpg",150,150,true],"medium":["https:\/\/contextoanalisisperiodistico.com\/wp-content\/uploads\/2023\/09\/IMG-20230904-WA0047-300x242.jpg",300,242,true],"medium_large":["https:\/\/contextoanalisisperiodistico.com\/wp-content\/uploads\/2023\/09\/IMG-20230904-WA0047-768x619.jpg",640,516,true],"large":["https:\/\/contextoanalisisperiodistico.com\/wp-content\/uploads\/2023\/09\/IMG-20230904-WA0047-1024x826.jpg",640,516,true],"1536x1536":["https:\/\/contextoanalisisperiodistico.com\/wp-content\/uploads\/2023\/09\/IMG-20230904-WA0047-1536x1238.jpg",1536,1238,true],"2048x2048":["https:\/\/contextoanalisisperiodistico.com\/wp-content\/uploads\/2023\/09\/IMG-20230904-WA0047.jpg",1600,1290,false],"covernews-slider-full":["https:\/\/contextoanalisisperiodistico.com\/wp-content\/uploads\/2023\/09\/IMG-20230904-WA0047-1115x715.jpg",1115,715,true],"covernews-slider-center":["https:\/\/contextoanalisisperiodistico.com\/wp-content\/uploads\/2023\/09\/IMG-20230904-WA0047-800x500.jpg",800,500,true],"covernews-featured":["https:\/\/contextoanalisisperiodistico.com\/wp-content\/uploads\/2023\/09\/IMG-20230904-WA0047-1024x826.jpg",1024,826,true],"covernews-medium":["https:\/\/contextoanalisisperiodistico.com\/wp-content\/uploads\/2023\/09\/IMG-20230904-WA0047-540x340.jpg",540,340,true],"covernews-medium-square":["https:\/\/contextoanalisisperiodistico.com\/wp-content\/uploads\/2023\/09\/IMG-20230904-WA0047-400x250.jpg",400,250,true]},"author_info":{"display_name":"Mario Gir\u00f3n","author_link":"https:\/\/contextoanalisisperiodistico.com\/index.php\/author\/director\/"},"category_info":"<a href=\"https:\/\/contextoanalisisperiodistico.com\/index.php\/category\/politica\/\" rel=\"category tag\">Pol\u00edtica<\/a>","tag_info":"Pol\u00edtica","comment_count":"0","jetpack_featured_media_url":"https:\/\/contextoanalisisperiodistico.com\/wp-content\/uploads\/2023\/09\/IMG-20230904-WA0047.jpg","_links":{"self":[{"href":"https:\/\/contextoanalisisperiodistico.com\/index.php\/wp-json\/wp\/v2\/posts\/18314"}],"collection":[{"href":"https:\/\/contextoanalisisperiodistico.com\/index.php\/wp-json\/wp\/v2\/posts"}],"about":[{"href":"https:\/\/contextoanalisisperiodistico.com\/index.php\/wp-json\/wp\/v2\/types\/post"}],"author":[{"embeddable":true,"href":"https:\/\/contextoanalisisperiodistico.com\/index.php\/wp-json\/wp\/v2\/users\/4"}],"replies":[{"embeddable":true,"href":"https:\/\/contextoanalisisperiodistico.com\/index.php\/wp-json\/wp\/v2\/comments?post=18314"}],"version-history":[{"count":1,"href":"https:\/\/contextoanalisisperiodistico.com\/index.php\/wp-json\/wp\/v2\/posts\/18314\/revisions"}],"predecessor-version":[{"id":18316,"href":"https:\/\/contextoanalisisperiodistico.com\/index.php\/wp-json\/wp\/v2\/posts\/18314\/revisions\/18316"}],"wp:featuredmedia":[{"embeddable":true,"href":"https:\/\/contextoanalisisperiodistico.com\/index.php\/wp-json\/wp\/v2\/media\/18315"}],"wp:attachment":[{"href":"https:\/\/contextoanalisisperiodistico.com\/index.php\/wp-json\/wp\/v2\/media?parent=18314"}],"wp:term":[{"taxonomy":"category","embeddable":true,"href":"https:\/\/contextoanalisisperiodistico.com\/index.php\/wp-json\/wp\/v2\/categories?post=18314"},{"taxonomy":"post_tag","embeddable":true,"href":"https:\/\/contextoanalisisperiodistico.com\/index.php\/wp-json\/wp\/v2\/tags?post=18314"}],"curies":[{"name":"wp","href":"https:\/\/api.w.org\/{rel}","templated":true}]}}