{"id":18305,"date":"2023-09-04T15:22:01","date_gmt":"2023-09-04T21:22:01","guid":{"rendered":"https:\/\/contextoanalisisperiodistico.com\/?p=18305"},"modified":"2023-09-04T15:22:43","modified_gmt":"2023-09-04T21:22:43","slug":"convoca-gobierno-de-oaxaca-al-dialogo-publico-a-extrabajadores-del-iebo-estos-rechazan-ofrecimiento","status":"publish","type":"post","link":"https:\/\/contextoanalisisperiodistico.com\/index.php\/2023\/09\/04\/convoca-gobierno-de-oaxaca-al-dialogo-publico-a-extrabajadores-del-iebo-estos-rechazan-ofrecimiento\/","title":{"rendered":"Convoca Gobierno de Oaxaca al di\u00e1logo p\u00fablico a extrabajadores del IEBO; estos rechazan ofrecimiento"},"content":{"rendered":"<div id=\"fb-root\"><\/div>\n\n<p>\u2022 Instal\u00f3 Sego en el Z\u00f3calo una mesa de negociaci\u00f3n p\u00fablica<\/p>\n\n\n\n<p>\u2022 Excolaboradores exigen di\u00e1logo a puerta cerrada<\/p>\n\n\n\n<p>Oaxaca de Ju\u00e1rez, Oax. 4 de septiembre de 2023.- En un proceso de di\u00e1logo abierto, p\u00fablico y transparente el Gobierno del Estado a trav\u00e9s de la Secretar\u00eda de Gobierno y el Instituto de Estudios de Bachillerato del Estado de Oaxaca (IEBO) instal\u00f3 una mesa de di\u00e1logo para atender las peticiones de excolaboradores del Instituto de Estudios de Bachillerato de Oaxaca (IEBO) que se manifestaron en Palacio de Gobierno.<\/p>\n\n\n\n<p>El subsecretario de Desarrollo Democr\u00e1tico de la Secretar\u00eda de Gobierno Carlos P\u00e9rezcampos Mayoral inform\u00f3 que, por instrucciones del Gobernador Salom\u00f3n Jara Cruz se ofreci\u00f3 a las y los extrabajadores de la instituci\u00f3n dialogar de cara a la sociedad y a los medios de comunicaci\u00f3n en una mesa de negociaci\u00f3n p\u00fablica instalada en el Z\u00f3calo de la ciudad de Oaxaca de Ju\u00e1rez, para atender sus planteamientos.<\/p>\n\n\n\n<p>Sin embargo, el grupo de personas rechaz\u00f3 el ofrecimiento y se neg\u00f3 a participar en la mesa para dialogar de manera p\u00fablica y ante los medios de comunicaci\u00f3n y por el contrario solicit\u00f3 que la reuni\u00f3n fuera a puerta cerrada.<\/p>\n\n\n\n<p>En su oportunidad, el director general del IEBO Francisco Javier Salinas Huergo record\u00f3 que las y los extrabajadores pretenden conformar un sindicato de manera ilegal, sin dar vista a la Junta Directiva del IEBO o a la Secretar\u00eda de Administraci\u00f3n y sin presupuesto.<\/p>\n\n\n\n<p>Asimismo, indic\u00f3 que 23 trabajadores de confianza del Instituto que laboraban en oficinas centrales se han negado a firmar su contrato trimestral con el cual las secretar\u00edas de Administraci\u00f3n y de Finanzas destinaban el recurso econ\u00f3mico para la n\u00f3mina.<\/p>\n\n\n\n<p>Revel\u00f3 que el contrato colectivo que presentan es un plagio del documento que ostenta el Sindicato Mayoritario del IEBO, el cual no fue entregado a su dependencia ni a la Secretar\u00eda de Administraci\u00f3n, por lo que el Instituto no puede pagarles con base en ese contrato.<\/p>\n\n\n\n<p>Adem\u00e1s, explic\u00f3 que de 240 directores de planteles que integran este sindicato, quienes son contratados bajo la modalidad de nombramiento confianza, a quienes integraron la mesa directiva de este sindicato les fue entregada su notificaci\u00f3n de remoci\u00f3n hace un mes, por lo que son extrabajadores del IEBO.<\/p>\n\n\n\n<p>En su oportunidad, el titular del Departamento Jur\u00eddico del IEBO F\u00e9lix Marcelo Castillo Coronado mencion\u00f3 que el sindicato que dicen haber conformado fue creado durante la administraci\u00f3n pasada bajo el nombramiento de empleados de confianza, por lo que pueden ser removidos por el titular del Poder Ejecutivo.<\/p>\n\n\n\n<p>\u201cSi la administraci\u00f3n pasada hubiera presupuestado este sindicato, el Estado tendr\u00eda en este momento el capital para hacer frente a las exigencias\u201d, precis\u00f3.<\/p>\n\n\n\n<p>Destac\u00f3 que para destinar estos recursos econ\u00f3micos es necesario realizar un tr\u00e1mite legal para que el Estado cuente con un respaldo para situaciones de este tipo.<\/p>\n\n\n\n<p>El director general de IEBO mencion\u00f3 que las remociones han sido por petici\u00f3n de autoridades municipales y de patronatos de madres y padres de familia, ya que el personal despedido se proteg\u00eda a trav\u00e9s de asesores que formaban parte del Sindicato Mayoritario del IEBO.<\/p>\n\n\n\n<p>Finalmente, P\u00e9rezcampos Mayoral asegur\u00f3 que la mesa de di\u00e1logo seguir\u00e1 puesta para platicar con el grupo de personas e invitarles a resolver esta controversia a fin de no afectar a la ciudadan\u00eda.<\/p>\n\n\n\n<figure class=\"wp-block-image size-large\"><img fetchpriority=\"high\" decoding=\"async\" width=\"1024\" height=\"768\" src=\"https:\/\/contextoanalisisperiodistico.com\/wp-content\/uploads\/2023\/09\/img-20230904-wa00464634659241100582653-1024x768.jpg\" alt=\"\" class=\"wp-image-18309\" srcset=\"https:\/\/contextoanalisisperiodistico.com\/wp-content\/uploads\/2023\/09\/img-20230904-wa00464634659241100582653-1024x768.jpg 1024w, https:\/\/contextoanalisisperiodistico.com\/wp-content\/uploads\/2023\/09\/img-20230904-wa00464634659241100582653-300x225.jpg 300w, https:\/\/contextoanalisisperiodistico.com\/wp-content\/uploads\/2023\/09\/img-20230904-wa00464634659241100582653-768x576.jpg 768w, https:\/\/contextoanalisisperiodistico.com\/wp-content\/uploads\/2023\/09\/img-20230904-wa00464634659241100582653-1536x1152.jpg 1536w, https:\/\/contextoanalisisperiodistico.com\/wp-content\/uploads\/2023\/09\/img-20230904-wa00464634659241100582653.jpg 1600w\" sizes=\"(max-width: 1024px) 100vw, 1024px\" \/><\/figure>\n\n\n\n<figure class=\"wp-block-image\"><img decoding=\"async\" width=\"1024\" height=\"768\" src=\"https:\/\/contextoanalisisperiodistico.com\/wp-content\/uploads\/2023\/09\/img-20230904-wa00443579706502424248976-1024x768.jpg\" alt=\"\" class=\"wp-image-18308\" srcset=\"https:\/\/contextoanalisisperiodistico.com\/wp-content\/uploads\/2023\/09\/img-20230904-wa00443579706502424248976-1024x768.jpg 1024w, https:\/\/contextoanalisisperiodistico.com\/wp-content\/uploads\/2023\/09\/img-20230904-wa00443579706502424248976-300x225.jpg 300w, https:\/\/contextoanalisisperiodistico.com\/wp-content\/uploads\/2023\/09\/img-20230904-wa00443579706502424248976-768x576.jpg 768w, https:\/\/contextoanalisisperiodistico.com\/wp-content\/uploads\/2023\/09\/img-20230904-wa00443579706502424248976-1536x1152.jpg 1536w, https:\/\/contextoanalisisperiodistico.com\/wp-content\/uploads\/2023\/09\/img-20230904-wa00443579706502424248976.jpg 1600w\" sizes=\"(max-width: 1024px) 100vw, 1024px\" \/><\/figure>\n\n\n\n<figure class=\"wp-block-image\"><img decoding=\"async\" width=\"1024\" height=\"768\" src=\"https:\/\/contextoanalisisperiodistico.com\/wp-content\/uploads\/2023\/09\/img-20230904-wa0045197837894584592498-1024x768.jpg\" alt=\"\" class=\"wp-image-18307\" srcset=\"https:\/\/contextoanalisisperiodistico.com\/wp-content\/uploads\/2023\/09\/img-20230904-wa0045197837894584592498-1024x768.jpg 1024w, https:\/\/contextoanalisisperiodistico.com\/wp-content\/uploads\/2023\/09\/img-20230904-wa0045197837894584592498-300x225.jpg 300w, https:\/\/contextoanalisisperiodistico.com\/wp-content\/uploads\/2023\/09\/img-20230904-wa0045197837894584592498-768x576.jpg 768w, https:\/\/contextoanalisisperiodistico.com\/wp-content\/uploads\/2023\/09\/img-20230904-wa0045197837894584592498-1536x1152.jpg 1536w, https:\/\/contextoanalisisperiodistico.com\/wp-content\/uploads\/2023\/09\/img-20230904-wa0045197837894584592498.jpg 1600w\" sizes=\"(max-width: 1024px) 100vw, 1024px\" \/><\/figure>\n","protected":false},"excerpt":{"rendered":"<p>\u2022 Instal\u00f3 Sego en el Z\u00f3calo una mesa de negociaci\u00f3n p\u00fablica \u2022 Excolaboradores exigen di\u00e1logo&#8230;<\/p>\n","protected":false},"author":4,"featured_media":18306,"comment_status":"closed","ping_status":"open","sticky":false,"template":"","format":"standard","meta":{"footnotes":""},"categories":[9],"tags":[],"jetpack_sharing_enabled":true,"featured_image_urls":{"full":["https:\/\/contextoanalisisperiodistico.com\/wp-content\/uploads\/2023\/09\/IMG-20230904-WA0043.jpg",1600,1200,false],"thumbnail":["https:\/\/contextoanalisisperiodistico.com\/wp-content\/uploads\/2023\/09\/IMG-20230904-WA0043-150x150.jpg",150,150,true],"medium":["https:\/\/contextoanalisisperiodistico.com\/wp-content\/uploads\/2023\/09\/IMG-20230904-WA0043-300x225.jpg",300,225,true],"medium_large":["https:\/\/contextoanalisisperiodistico.com\/wp-content\/uploads\/2023\/09\/IMG-20230904-WA0043-768x576.jpg",640,480,true],"large":["https:\/\/contextoanalisisperiodistico.com\/wp-content\/uploads\/2023\/09\/IMG-20230904-WA0043-1024x768.jpg",640,480,true],"1536x1536":["https:\/\/contextoanalisisperiodistico.com\/wp-content\/uploads\/2023\/09\/IMG-20230904-WA0043-1536x1152.jpg",1536,1152,true],"2048x2048":["https:\/\/contextoanalisisperiodistico.com\/wp-content\/uploads\/2023\/09\/IMG-20230904-WA0043.jpg",1600,1200,false],"covernews-slider-full":["https:\/\/contextoanalisisperiodistico.com\/wp-content\/uploads\/2023\/09\/IMG-20230904-WA0043-1115x715.jpg",1115,715,true],"covernews-slider-center":["https:\/\/contextoanalisisperiodistico.com\/wp-content\/uploads\/2023\/09\/IMG-20230904-WA0043-800x500.jpg",800,500,true],"covernews-featured":["https:\/\/contextoanalisisperiodistico.com\/wp-content\/uploads\/2023\/09\/IMG-20230904-WA0043-1024x768.jpg",1024,768,true],"covernews-medium":["https:\/\/contextoanalisisperiodistico.com\/wp-content\/uploads\/2023\/09\/IMG-20230904-WA0043-540x340.jpg",540,340,true],"covernews-medium-square":["https:\/\/contextoanalisisperiodistico.com\/wp-content\/uploads\/2023\/09\/IMG-20230904-WA0043-400x250.jpg",400,250,true]},"author_info":{"display_name":"Mario Gir\u00f3n","author_link":"https:\/\/contextoanalisisperiodistico.com\/index.php\/author\/director\/"},"category_info":"<a href=\"https:\/\/contextoanalisisperiodistico.com\/index.php\/category\/politica\/\" rel=\"category tag\">Pol\u00edtica<\/a>","tag_info":"Pol\u00edtica","comment_count":"0","jetpack_featured_media_url":"https:\/\/contextoanalisisperiodistico.com\/wp-content\/uploads\/2023\/09\/IMG-20230904-WA0043.jpg","_links":{"self":[{"href":"https:\/\/contextoanalisisperiodistico.com\/index.php\/wp-json\/wp\/v2\/posts\/18305"}],"collection":[{"href":"https:\/\/contextoanalisisperiodistico.com\/index.php\/wp-json\/wp\/v2\/posts"}],"about":[{"href":"https:\/\/contextoanalisisperiodistico.com\/index.php\/wp-json\/wp\/v2\/types\/post"}],"author":[{"embeddable":true,"href":"https:\/\/contextoanalisisperiodistico.com\/index.php\/wp-json\/wp\/v2\/users\/4"}],"replies":[{"embeddable":true,"href":"https:\/\/contextoanalisisperiodistico.com\/index.php\/wp-json\/wp\/v2\/comments?post=18305"}],"version-history":[{"count":1,"href":"https:\/\/contextoanalisisperiodistico.com\/index.php\/wp-json\/wp\/v2\/posts\/18305\/revisions"}],"predecessor-version":[{"id":18310,"href":"https:\/\/contextoanalisisperiodistico.com\/index.php\/wp-json\/wp\/v2\/posts\/18305\/revisions\/18310"}],"wp:featuredmedia":[{"embeddable":true,"href":"https:\/\/contextoanalisisperiodistico.com\/index.php\/wp-json\/wp\/v2\/media\/18306"}],"wp:attachment":[{"href":"https:\/\/contextoanalisisperiodistico.com\/index.php\/wp-json\/wp\/v2\/media?parent=18305"}],"wp:term":[{"taxonomy":"category","embeddable":true,"href":"https:\/\/contextoanalisisperiodistico.com\/index.php\/wp-json\/wp\/v2\/categories?post=18305"},{"taxonomy":"post_tag","embeddable":true,"href":"https:\/\/contextoanalisisperiodistico.com\/index.php\/wp-json\/wp\/v2\/tags?post=18305"}],"curies":[{"name":"wp","href":"https:\/\/api.w.org\/{rel}","templated":true}]}}