{"id":18293,"date":"2023-09-04T12:04:45","date_gmt":"2023-09-04T18:04:45","guid":{"rendered":"https:\/\/contextoanalisisperiodistico.com\/?p=18293"},"modified":"2023-09-04T12:53:49","modified_gmt":"2023-09-04T18:53:49","slug":"sin-favoritismos-y-con-base-en-necesidades-educativas-sera-la-ubicacion-de-docentes-ieepo","status":"publish","type":"post","link":"https:\/\/contextoanalisisperiodistico.com\/index.php\/2023\/09\/04\/sin-favoritismos-y-con-base-en-necesidades-educativas-sera-la-ubicacion-de-docentes-ieepo\/","title":{"rendered":"Sin favoritismos y con base en necesidades educativas ser\u00e1 la ubicaci\u00f3n de docentes: IEEPO"},"content":{"rendered":"<div id=\"fb-root\"><\/div>\n\n<p>\u2022 Se asignaron plazas y centros de trabajo a mil 639 egresadas y egresados de las 11 escuelas normales de la entidad para garantizar la educaci\u00f3n a ni\u00f1as y ni\u00f1os<\/p>\n\n\n\n<p>Oaxaca de Ju\u00e1rez, Oax. 4 de septiembre de 2023.- La asignaci\u00f3n de plazas a mil 639 egresadas y egresados de las 11 Escuelas Normales de la entidad representa un acto de justicia social y la designaci\u00f3n de los centros de trabajo se decidi\u00f3 con base en las necesidades de servicio, sin preferencias ni favoritismos para garantizar la educaci\u00f3n a la ni\u00f1ez oaxaque\u00f1a, inform\u00f3 el director general del Instituto Estatal de Educaci\u00f3n P\u00fablica de Oaxaca (IEEPO), Emilio Montero P\u00e9rez.<\/p>\n\n\n\n<p>El funcionario indic\u00f3 que la asignaci\u00f3n de plazas se realiz\u00f3 como parte del proceso de Admisi\u00f3n en Educaci\u00f3n B\u00e1sica, Ciclo Escolar 2023-2024 y fue resultado de una gesti\u00f3n sin precedentes.<\/p>\n\n\n\n<p>Con ello el Gobierno de Salom\u00f3n Jara Cruz resolvi\u00f3 de ra\u00edz un problema que no se hab\u00eda atendido debidamente en anteriores administraciones gubernamentales y se logr\u00f3 dar certeza laboral y salarial a las y los nuevos docentes en los niveles de preescolar, primaria general, preescolar, primaria ind\u00edgena, educaci\u00f3n especial y educaci\u00f3n f\u00edsica.<\/p>\n\n\n\n<p>Explic\u00f3 que, previo estudio de los cuadros de necesidades de cada nivel educativo, se dictamin\u00f3 de forma bilateral la ubicaci\u00f3n del profesorado de nuevo ingreso; en tanto, las personas titulares de las Unidades Educativas emitieron la orden oficial de adscripci\u00f3n correspondiente en las escuelas de las localidades en donde hay vacancia y hacen falta los servicios docentes.<\/p>\n\n\n\n<p>El titular del IEEPO se\u00f1al\u00f3 que en la mayor\u00eda de los casos las y los egresados de la generaci\u00f3n 2018-2022, incluyendo rezagados desde el a\u00f1o 2015, fueron instalados en comunidades de media y alta marginaci\u00f3n, ya que, por derechos laborales adquiridos, muchos maestros y maestras participan en cadenas de cambios y sus espacios deben ser cubiertos.<\/p>\n\n\n\n<p>Con ello se reconocen los derechos laborales adquiridos por docentes que cumplieron varios a\u00f1os con su tarea educativa en comunidades alejadas y que aspiraban a un cambio de escuela con el prop\u00f3sito de mejorar sus condiciones de trabajo, acerc\u00e1ndose a sus lugares de origen.<\/p>\n\n\n\n<p>Indic\u00f3 que a las nuevas generaciones de docentes les corresponde tomar la estafeta para garantizar la educaci\u00f3n de la ni\u00f1ez en los rincones apartados del estado.<\/p>\n\n\n\n<p>La prioridad de la administraci\u00f3n estatal es garantizar la atenci\u00f3n del servicio educativo en los niveles de Educaci\u00f3n B\u00e1sica y Formadores de docentes en todo el territorio estatal, de tal manera que la incorporaci\u00f3n de las y los nuevos docentes ser\u00e1 factor importante para abatir el rezago educativo en materia de cobertura y atenci\u00f3n al alumnado.<\/p>\n\n\n\n<p>En los primeros meses de este Gobierno se ha logrado la regularizaci\u00f3n de m\u00f3dulos escolares asign\u00e1ndoles sus claves presupuestales y creando nuevos centros de trabajo para una mejor atenci\u00f3n de las ni\u00f1as, ni\u00f1os y adolescentes de las ocho regiones.<\/p>\n\n\n\n<p><\/p>\n\n\n\n<figure class=\"wp-block-image size-large\"><img fetchpriority=\"high\" decoding=\"async\" width=\"1024\" height=\"966\" src=\"https:\/\/contextoanalisisperiodistico.com\/wp-content\/uploads\/2023\/09\/img-20230904-wa00376994092040767996173-1024x966.jpg\" alt=\"\" class=\"wp-image-18297\" srcset=\"https:\/\/contextoanalisisperiodistico.com\/wp-content\/uploads\/2023\/09\/img-20230904-wa00376994092040767996173-1024x966.jpg 1024w, https:\/\/contextoanalisisperiodistico.com\/wp-content\/uploads\/2023\/09\/img-20230904-wa00376994092040767996173-300x283.jpg 300w, https:\/\/contextoanalisisperiodistico.com\/wp-content\/uploads\/2023\/09\/img-20230904-wa00376994092040767996173-768x725.jpg 768w, https:\/\/contextoanalisisperiodistico.com\/wp-content\/uploads\/2023\/09\/img-20230904-wa00376994092040767996173.jpg 1044w\" sizes=\"(max-width: 1024px) 100vw, 1024px\" \/><\/figure>\n","protected":false},"excerpt":{"rendered":"<p>\u2022 Se asignaron plazas y centros de trabajo a mil 639 egresadas y egresados de&#8230;<\/p>\n","protected":false},"author":4,"featured_media":18296,"comment_status":"closed","ping_status":"open","sticky":false,"template":"","format":"standard","meta":{"footnotes":""},"categories":[9],"tags":[],"jetpack_sharing_enabled":true,"featured_image_urls":{"full":["https:\/\/contextoanalisisperiodistico.com\/wp-content\/uploads\/2023\/09\/IMG-20230904-WA0036.jpg",1456,971,false],"thumbnail":["https:\/\/contextoanalisisperiodistico.com\/wp-content\/uploads\/2023\/09\/IMG-20230904-WA0036-150x150.jpg",150,150,true],"medium":["https:\/\/contextoanalisisperiodistico.com\/wp-content\/uploads\/2023\/09\/IMG-20230904-WA0036-300x200.jpg",300,200,true],"medium_large":["https:\/\/contextoanalisisperiodistico.com\/wp-content\/uploads\/2023\/09\/IMG-20230904-WA0036-768x512.jpg",640,427,true],"large":["https:\/\/contextoanalisisperiodistico.com\/wp-content\/uploads\/2023\/09\/IMG-20230904-WA0036-1024x683.jpg",640,427,true],"1536x1536":["https:\/\/contextoanalisisperiodistico.com\/wp-content\/uploads\/2023\/09\/IMG-20230904-WA0036.jpg",1456,971,false],"2048x2048":["https:\/\/contextoanalisisperiodistico.com\/wp-content\/uploads\/2023\/09\/IMG-20230904-WA0036.jpg",1456,971,false],"covernews-slider-full":["https:\/\/contextoanalisisperiodistico.com\/wp-content\/uploads\/2023\/09\/IMG-20230904-WA0036-1115x715.jpg",1115,715,true],"covernews-slider-center":["https:\/\/contextoanalisisperiodistico.com\/wp-content\/uploads\/2023\/09\/IMG-20230904-WA0036-800x500.jpg",800,500,true],"covernews-featured":["https:\/\/contextoanalisisperiodistico.com\/wp-content\/uploads\/2023\/09\/IMG-20230904-WA0036-1024x683.jpg",1024,683,true],"covernews-medium":["https:\/\/contextoanalisisperiodistico.com\/wp-content\/uploads\/2023\/09\/IMG-20230904-WA0036-540x340.jpg",540,340,true],"covernews-medium-square":["https:\/\/contextoanalisisperiodistico.com\/wp-content\/uploads\/2023\/09\/IMG-20230904-WA0036-400x250.jpg",400,250,true]},"author_info":{"display_name":"Mario Gir\u00f3n","author_link":"https:\/\/contextoanalisisperiodistico.com\/index.php\/author\/director\/"},"category_info":"<a href=\"https:\/\/contextoanalisisperiodistico.com\/index.php\/category\/politica\/\" rel=\"category tag\">Pol\u00edtica<\/a>","tag_info":"Pol\u00edtica","comment_count":"0","jetpack_featured_media_url":"https:\/\/contextoanalisisperiodistico.com\/wp-content\/uploads\/2023\/09\/IMG-20230904-WA0036.jpg","_links":{"self":[{"href":"https:\/\/contextoanalisisperiodistico.com\/index.php\/wp-json\/wp\/v2\/posts\/18293"}],"collection":[{"href":"https:\/\/contextoanalisisperiodistico.com\/index.php\/wp-json\/wp\/v2\/posts"}],"about":[{"href":"https:\/\/contextoanalisisperiodistico.com\/index.php\/wp-json\/wp\/v2\/types\/post"}],"author":[{"embeddable":true,"href":"https:\/\/contextoanalisisperiodistico.com\/index.php\/wp-json\/wp\/v2\/users\/4"}],"replies":[{"embeddable":true,"href":"https:\/\/contextoanalisisperiodistico.com\/index.php\/wp-json\/wp\/v2\/comments?post=18293"}],"version-history":[{"count":2,"href":"https:\/\/contextoanalisisperiodistico.com\/index.php\/wp-json\/wp\/v2\/posts\/18293\/revisions"}],"predecessor-version":[{"id":18298,"href":"https:\/\/contextoanalisisperiodistico.com\/index.php\/wp-json\/wp\/v2\/posts\/18293\/revisions\/18298"}],"wp:featuredmedia":[{"embeddable":true,"href":"https:\/\/contextoanalisisperiodistico.com\/index.php\/wp-json\/wp\/v2\/media\/18296"}],"wp:attachment":[{"href":"https:\/\/contextoanalisisperiodistico.com\/index.php\/wp-json\/wp\/v2\/media?parent=18293"}],"wp:term":[{"taxonomy":"category","embeddable":true,"href":"https:\/\/contextoanalisisperiodistico.com\/index.php\/wp-json\/wp\/v2\/categories?post=18293"},{"taxonomy":"post_tag","embeddable":true,"href":"https:\/\/contextoanalisisperiodistico.com\/index.php\/wp-json\/wp\/v2\/tags?post=18293"}],"curies":[{"name":"wp","href":"https:\/\/api.w.org\/{rel}","templated":true}]}}