{"id":18286,"date":"2023-09-03T19:24:45","date_gmt":"2023-09-04T01:24:45","guid":{"rendered":"https:\/\/contextoanalisisperiodistico.com\/?p=18286"},"modified":"2023-09-03T19:27:54","modified_gmt":"2023-09-04T01:27:54","slug":"convoca-luis-alfonso-silva-romo-a-luchar-por-conservar-los-derechos-obtenidos-durante-las-transformaciones-de-mexico","status":"publish","type":"post","link":"https:\/\/contextoanalisisperiodistico.com\/index.php\/2023\/09\/03\/convoca-luis-alfonso-silva-romo-a-luchar-por-conservar-los-derechos-obtenidos-durante-las-transformaciones-de-mexico\/","title":{"rendered":"Convoca Luis Alfonso Silva a luchar por conservar derechos obtenidos de las transformaciones de M\u00e9xico"},"content":{"rendered":"<div id=\"fb-root\"><\/div>\n\n<p>Oaxaca de Ju\u00e1rez, Oax. 2 de septiembre de 2023.- Luis Alfonso Silva Romo, presidente de la Junta de Coordinaci\u00f3n Pol\u00edtica (Jucopo) del Congreso de Oaxaca, presidi\u00f3 la segunda ceremonia de Izamiento de Bandera Nacional, en la Alameda de Le\u00f3n de la capital del estado.<\/p>\n\n\n\n<figure class=\"wp-block-image size-large\"><img fetchpriority=\"high\" decoding=\"async\" width=\"1024\" height=\"683\" src=\"https:\/\/contextoanalisisperiodistico.com\/wp-content\/uploads\/2023\/09\/foto3-convocaluisalfonsosilvaromoalucharporconservarlosderechosobtenidosdurantelastransformacionesdemC3A9xico1508161073782480602-1024x683.jpg\" alt=\"\" class=\"wp-image-18288\" srcset=\"https:\/\/contextoanalisisperiodistico.com\/wp-content\/uploads\/2023\/09\/foto3-convocaluisalfonsosilvaromoalucharporconservarlosderechosobtenidosdurantelastransformacionesdemC3A9xico1508161073782480602-1024x683.jpg 1024w, https:\/\/contextoanalisisperiodistico.com\/wp-content\/uploads\/2023\/09\/foto3-convocaluisalfonsosilvaromoalucharporconservarlosderechosobtenidosdurantelastransformacionesdemC3A9xico1508161073782480602-300x200.jpg 300w, https:\/\/contextoanalisisperiodistico.com\/wp-content\/uploads\/2023\/09\/foto3-convocaluisalfonsosilvaromoalucharporconservarlosderechosobtenidosdurantelastransformacionesdemC3A9xico1508161073782480602-768x512.jpg 768w, https:\/\/contextoanalisisperiodistico.com\/wp-content\/uploads\/2023\/09\/foto3-convocaluisalfonsosilvaromoalucharporconservarlosderechosobtenidosdurantelastransformacionesdemC3A9xico1508161073782480602.jpg 1383w\" sizes=\"(max-width: 1024px) 100vw, 1024px\" \/><\/figure>\n\n\n\n<figure class=\"wp-block-image\"><img decoding=\"async\" width=\"1024\" height=\"683\" src=\"https:\/\/contextoanalisisperiodistico.com\/wp-content\/uploads\/2023\/09\/foto4-convocaluisalfonsosilvaromoalucharporconservarlosderechosobtenidosdurantelastransformacionesdemC3A9xico1880575806290513825-1024x683.jpg\" alt=\"\" class=\"wp-image-18289\" srcset=\"https:\/\/contextoanalisisperiodistico.com\/wp-content\/uploads\/2023\/09\/foto4-convocaluisalfonsosilvaromoalucharporconservarlosderechosobtenidosdurantelastransformacionesdemC3A9xico1880575806290513825-1024x683.jpg 1024w, https:\/\/contextoanalisisperiodistico.com\/wp-content\/uploads\/2023\/09\/foto4-convocaluisalfonsosilvaromoalucharporconservarlosderechosobtenidosdurantelastransformacionesdemC3A9xico1880575806290513825-300x200.jpg 300w, https:\/\/contextoanalisisperiodistico.com\/wp-content\/uploads\/2023\/09\/foto4-convocaluisalfonsosilvaromoalucharporconservarlosderechosobtenidosdurantelastransformacionesdemC3A9xico1880575806290513825-768x512.jpg 768w, https:\/\/contextoanalisisperiodistico.com\/wp-content\/uploads\/2023\/09\/foto4-convocaluisalfonsosilvaromoalucharporconservarlosderechosobtenidosdurantelastransformacionesdemC3A9xico1880575806290513825.jpg 1342w\" sizes=\"(max-width: 1024px) 100vw, 1024px\" \/><\/figure>\n\n\n\n<figure class=\"wp-block-image\"><img decoding=\"async\" width=\"1024\" height=\"683\" src=\"https:\/\/contextoanalisisperiodistico.com\/wp-content\/uploads\/2023\/09\/foto2-convocaluisalfonsosilvaromoalucharporconservarlosderechosobtenidosdurantelastransformacionesdemC3A9xico3979195665762003442-1024x683.jpg\" alt=\"\" class=\"wp-image-18290\" srcset=\"https:\/\/contextoanalisisperiodistico.com\/wp-content\/uploads\/2023\/09\/foto2-convocaluisalfonsosilvaromoalucharporconservarlosderechosobtenidosdurantelastransformacionesdemC3A9xico3979195665762003442-1024x683.jpg 1024w, https:\/\/contextoanalisisperiodistico.com\/wp-content\/uploads\/2023\/09\/foto2-convocaluisalfonsosilvaromoalucharporconservarlosderechosobtenidosdurantelastransformacionesdemC3A9xico3979195665762003442-300x200.jpg 300w, https:\/\/contextoanalisisperiodistico.com\/wp-content\/uploads\/2023\/09\/foto2-convocaluisalfonsosilvaromoalucharporconservarlosderechosobtenidosdurantelastransformacionesdemC3A9xico3979195665762003442-768x512.jpg 768w, https:\/\/contextoanalisisperiodistico.com\/wp-content\/uploads\/2023\/09\/foto2-convocaluisalfonsosilvaromoalucharporconservarlosderechosobtenidosdurantelastransformacionesdemC3A9xico3979195665762003442-1536x1024.jpg 1536w, https:\/\/contextoanalisisperiodistico.com\/wp-content\/uploads\/2023\/09\/foto2-convocaluisalfonsosilvaromoalucharporconservarlosderechosobtenidosdurantelastransformacionesdemC3A9xico3979195665762003442.jpg 1600w\" sizes=\"(max-width: 1024px) 100vw, 1024px\" \/><\/figure>\n\n\n\n<p>En su mensaje, convoc\u00f3 a la ciudadan\u00eda y a las y los servidores p\u00fablicos a luchar por conservar los derechos obtenidos a lo largo de la historia del pa\u00eds, como es la soberan\u00eda.<\/p>\n\n\n\n<p>Acompa\u00f1ado de las diputadas y los diputados de la 65 Legislatura local, de la presidenta de la Mesa Directiva, Miriam de los \u00c1ngeles V\u00e1zquez Ruiz, Luis Alfonso Silva Romo record\u00f3 las transformaciones que ha tenido M\u00e9xico, la primera con la lucha para que el pa\u00eds se independizara de Espa\u00f1a, la segunda con la Guerra de Reforma de 1857, la tercera con la Revoluci\u00f3n Mexicana de 1910 y la cuarta transformaci\u00f3n, la que inici\u00f3 el presidente Andr\u00e9s Manuel L\u00f3pez Obrador desde el a\u00f1o 2018 a nivel nacional.<\/p>\n\n\n\n<p>\u00abPareciera que fue ayer cuando la primer transformaci\u00f3n de nuestro pa\u00eds tuvo lugar, precisamente a escasos metros de aqu\u00ed del Z\u00f3calo, es muy probable que hayan comenzado a redactarse los Sentimientos de la Naci\u00f3n, documento fundacional de nuestro pa\u00eds, esta primer gran transformaci\u00f3n de M\u00e9xico fue para que tuvi\u00e9ramos soberan\u00eda, para que nuestro propio pueblo se pudiera auto determinar, mucha sangre fue derramada, sangre de h\u00e9roes como Antonio de Le\u00f3n, Josefa Ortiz de Dom\u00ednguez, Jos\u00e9 Mar\u00eda Morelos y Pav\u00f3n, el cura Miguel Hidalgo Costilla, y mucha sangre m\u00e1s de h\u00e9roes an\u00f3nimos\u00bb, detall\u00f3.<\/p>\n\n\n\n<p>Por eso, dijo, este derecho de la soberan\u00eda como los sociales, el de libertad de pensamiento, y todos los dem\u00e1s obtenidos a lo largo de la historia de M\u00e9xico, deben de lucharse para conservarlos y llevarlos a cada uno de los rincones del estado y el pa\u00eds, motivo por el cual surgi\u00f3 la cuarta transformaci\u00f3n.<\/p>\n\n\n\n<p>\u00abLa cuarta transformaci\u00f3n que hoy nuestro pa\u00eds est\u00e1 viviendo, el pueblo organizado se dio a s\u00ed mismo, esta transformaci\u00f3n est\u00e1 encabezada por el presidente Andr\u00e9s Manuel L\u00f3pez Obrador, quien el viernes rindi\u00f3 su quinto informe de gobierno en Campeche, para mostrar que esta transformaci\u00f3n se trata de igualdad, justicia y de honestidad, destac\u00f3.<\/p>\n\n\n\n<p>Y en este sentido, llam\u00f3 a conservar estos derechos obtenidos, \u00abcada d\u00eda luchemos por hacer que la primera, la segunda y la tercera transformaci\u00f3n sean una realidad en nuestro M\u00e9xico, que nunca dejemos de luchar porque la soberan\u00eda nacional sea una realidad en nuestra patria. \u00a1Que viva nuestra independencia nacional! \u00a1Que viva M\u00e9xico y que viva Oaxaca\u00bb, expres\u00f3.<\/p>\n","protected":false},"excerpt":{"rendered":"<p>Oaxaca de Ju\u00e1rez, Oax. 2 de septiembre de 2023.- Luis Alfonso Silva Romo, presidente de&#8230;<\/p>\n","protected":false},"author":4,"featured_media":18287,"comment_status":"closed","ping_status":"open","sticky":false,"template":"","format":"standard","meta":{"footnotes":""},"categories":[9],"tags":[],"jetpack_sharing_enabled":true,"featured_image_urls":{"full":["https:\/\/contextoanalisisperiodistico.com\/wp-content\/uploads\/2023\/09\/FOTO1-ConvocaLuisAlfonsoSilvaRomoalucharporconservarlosderechosobtenidosdurantelastransformacionesdeMC3A9xico.jpeg",1290,860,false],"thumbnail":["https:\/\/contextoanalisisperiodistico.com\/wp-content\/uploads\/2023\/09\/FOTO1-ConvocaLuisAlfonsoSilvaRomoalucharporconservarlosderechosobtenidosdurantelastransformacionesdeMC3A9xico-150x150.jpeg",150,150,true],"medium":["https:\/\/contextoanalisisperiodistico.com\/wp-content\/uploads\/2023\/09\/FOTO1-ConvocaLuisAlfonsoSilvaRomoalucharporconservarlosderechosobtenidosdurantelastransformacionesdeMC3A9xico-300x200.jpeg",300,200,true],"medium_large":["https:\/\/contextoanalisisperiodistico.com\/wp-content\/uploads\/2023\/09\/FOTO1-ConvocaLuisAlfonsoSilvaRomoalucharporconservarlosderechosobtenidosdurantelastransformacionesdeMC3A9xico-768x512.jpeg",640,427,true],"large":["https:\/\/contextoanalisisperiodistico.com\/wp-content\/uploads\/2023\/09\/FOTO1-ConvocaLuisAlfonsoSilvaRomoalucharporconservarlosderechosobtenidosdurantelastransformacionesdeMC3A9xico-1024x683.jpeg",640,427,true],"1536x1536":["https:\/\/contextoanalisisperiodistico.com\/wp-content\/uploads\/2023\/09\/FOTO1-ConvocaLuisAlfonsoSilvaRomoalucharporconservarlosderechosobtenidosdurantelastransformacionesdeMC3A9xico.jpeg",1290,860,false],"2048x2048":["https:\/\/contextoanalisisperiodistico.com\/wp-content\/uploads\/2023\/09\/FOTO1-ConvocaLuisAlfonsoSilvaRomoalucharporconservarlosderechosobtenidosdurantelastransformacionesdeMC3A9xico.jpeg",1290,860,false],"covernews-slider-full":["https:\/\/contextoanalisisperiodistico.com\/wp-content\/uploads\/2023\/09\/FOTO1-ConvocaLuisAlfonsoSilvaRomoalucharporconservarlosderechosobtenidosdurantelastransformacionesdeMC3A9xico-1115x715.jpeg",1115,715,true],"covernews-slider-center":["https:\/\/contextoanalisisperiodistico.com\/wp-content\/uploads\/2023\/09\/FOTO1-ConvocaLuisAlfonsoSilvaRomoalucharporconservarlosderechosobtenidosdurantelastransformacionesdeMC3A9xico-800x500.jpeg",800,500,true],"covernews-featured":["https:\/\/contextoanalisisperiodistico.com\/wp-content\/uploads\/2023\/09\/FOTO1-ConvocaLuisAlfonsoSilvaRomoalucharporconservarlosderechosobtenidosdurantelastransformacionesdeMC3A9xico-1024x683.jpeg",1024,683,true],"covernews-medium":["https:\/\/contextoanalisisperiodistico.com\/wp-content\/uploads\/2023\/09\/FOTO1-ConvocaLuisAlfonsoSilvaRomoalucharporconservarlosderechosobtenidosdurantelastransformacionesdeMC3A9xico-540x340.jpeg",540,340,true],"covernews-medium-square":["https:\/\/contextoanalisisperiodistico.com\/wp-content\/uploads\/2023\/09\/FOTO1-ConvocaLuisAlfonsoSilvaRomoalucharporconservarlosderechosobtenidosdurantelastransformacionesdeMC3A9xico-400x250.jpeg",400,250,true]},"author_info":{"display_name":"Mario Gir\u00f3n","author_link":"https:\/\/contextoanalisisperiodistico.com\/index.php\/author\/director\/"},"category_info":"<a href=\"https:\/\/contextoanalisisperiodistico.com\/index.php\/category\/politica\/\" rel=\"category tag\">Pol\u00edtica<\/a>","tag_info":"Pol\u00edtica","comment_count":"0","jetpack_featured_media_url":"https:\/\/contextoanalisisperiodistico.com\/wp-content\/uploads\/2023\/09\/FOTO1-ConvocaLuisAlfonsoSilvaRomoalucharporconservarlosderechosobtenidosdurantelastransformacionesdeMC3A9xico.jpeg","_links":{"self":[{"href":"https:\/\/contextoanalisisperiodistico.com\/index.php\/wp-json\/wp\/v2\/posts\/18286"}],"collection":[{"href":"https:\/\/contextoanalisisperiodistico.com\/index.php\/wp-json\/wp\/v2\/posts"}],"about":[{"href":"https:\/\/contextoanalisisperiodistico.com\/index.php\/wp-json\/wp\/v2\/types\/post"}],"author":[{"embeddable":true,"href":"https:\/\/contextoanalisisperiodistico.com\/index.php\/wp-json\/wp\/v2\/users\/4"}],"replies":[{"embeddable":true,"href":"https:\/\/contextoanalisisperiodistico.com\/index.php\/wp-json\/wp\/v2\/comments?post=18286"}],"version-history":[{"count":2,"href":"https:\/\/contextoanalisisperiodistico.com\/index.php\/wp-json\/wp\/v2\/posts\/18286\/revisions"}],"predecessor-version":[{"id":18292,"href":"https:\/\/contextoanalisisperiodistico.com\/index.php\/wp-json\/wp\/v2\/posts\/18286\/revisions\/18292"}],"wp:featuredmedia":[{"embeddable":true,"href":"https:\/\/contextoanalisisperiodistico.com\/index.php\/wp-json\/wp\/v2\/media\/18287"}],"wp:attachment":[{"href":"https:\/\/contextoanalisisperiodistico.com\/index.php\/wp-json\/wp\/v2\/media?parent=18286"}],"wp:term":[{"taxonomy":"category","embeddable":true,"href":"https:\/\/contextoanalisisperiodistico.com\/index.php\/wp-json\/wp\/v2\/categories?post=18286"},{"taxonomy":"post_tag","embeddable":true,"href":"https:\/\/contextoanalisisperiodistico.com\/index.php\/wp-json\/wp\/v2\/tags?post=18286"}],"curies":[{"name":"wp","href":"https:\/\/api.w.org\/{rel}","templated":true}]}}