{"id":18285,"date":"2023-09-03T19:05:49","date_gmt":"2023-09-04T01:05:49","guid":{"rendered":"https:\/\/contextoanalisisperiodistico.com\/index.php\/2023\/09\/03\/con-servicios-de-salud-de-calidad-2-mil-pacientes-seran-atendidos-en-jornadas-medicas-quijotes-2023\/"},"modified":"2023-09-03T19:05:49","modified_gmt":"2023-09-04T01:05:49","slug":"con-servicios-de-salud-de-calidad-2-mil-pacientes-seran-atendidos-en-jornadas-medicas-quijotes-2023","status":"publish","type":"post","link":"https:\/\/contextoanalisisperiodistico.com\/index.php\/2023\/09\/03\/con-servicios-de-salud-de-calidad-2-mil-pacientes-seran-atendidos-en-jornadas-medicas-quijotes-2023\/","title":{"rendered":"Con servicios de salud de calidad, 2 mil pacientes ser\u00e1n atendidos en Jornadas M\u00e9dicas Quijotes 2023"},"content":{"rendered":"<div id=\"fb-root\"><\/div>\n\n<p>\u2022 M\u00e9dicos, tanto de Texas como de Oaxaca, unir\u00e1n fuerzas para atender a partir de ma\u00f1ana y capitalinos y de municipios conurbados con necesidad de atenci\u00f3n especializada de manera gratuita<br><br><br>Oaxaca de Ju\u00e1rez, 03 de septiembre de 2023.-Para mejorar la salud de calidad y el bienestar de los habitantes de Oaxaca de Ju\u00e1rez y alrededores, el municipio de Oaxaca de Ju\u00e1rez en coordinaci\u00f3n con el\u00a0 Comit\u00e9 Municipal del DIF-Oaxaca ultiman detalles para arrancar las Jornadas M\u00e9dicas Quijotes 2023, que se llevar\u00e1n a cabo en las instalaciones del CADI -CDC, ubicado en prolongaci\u00f3n de Nu\u00f1o del Mercado, n\u00famero 601.<\/p>\n\n\n\n<p><br>Dichas jornadas\u00a0 est\u00e1n programadas a partir de ma\u00f1ana al 8 de septiembre las cuales prometen brindar atenci\u00f3n m\u00e9dica de calidad a la ciudadan\u00eda.<\/p>\n\n\n\n<p><br>Cabe destacar que este evento reunir\u00e1 a m\u00e9dicos tanto de Texas como de Oaxaca, quienes unir\u00e1n fuerzas para atender a m\u00e1s de 2,000 pacientes del municipio de Oaxaca de Ju\u00e1rez y municipios conurbados. La colaboraci\u00f3n entre profesionales de la salud de diferentes pa\u00edses promete ser un hito en la atenci\u00f3n m\u00e9dica.<\/p>\n\n\n\n<p><br>Se ofrecer\u00e1 amplia variedad de servicios m\u00e9dicos para satisfacer las necesidades de la comunidad. Estos servicios incluir\u00e1n odontolog\u00eda, optometr\u00eda, ginecolog\u00eda, medicina interna y familiar, terapia f\u00edsica y rehabilitaci\u00f3n, as\u00ed como la donaci\u00f3n de anteojos y la elaboraci\u00f3n de dentaduras, entre otros.<\/p>\n\n\n\n<p><br>Es importante destacar que los pases de acceso a estas jornadas m\u00e9dicas fueron entregados previamente en la oficina de la Presidencia del DIF Municipal, ubicada en el interior del palacio municipal. Esta medida garantiza un acceso ordenado y eficiente a los servicios m\u00e9dicos disponibles.<\/p>\n\n\n\n<p><br>Las Jornadas M\u00e9dicas Quijotes 2023 representan un esfuerzo conjunto por parte de la comunidad m\u00e9dica local e internacional y el gobierno municipal para mejorar la salud y el bienestar de los habitantes de Oaxaca de Ju\u00e1rez y sus alrededores Este evento refleja el compromiso de brindar atenci\u00f3n m\u00e9dica de calidad y fortalecer los lazos entre las comunidades m\u00e9dicas.<\/p>\n\n\n\n<figure class=\"wp-block-image size-large\"><img fetchpriority=\"high\" decoding=\"async\" width=\"1024\" height=\"682\" src=\"https:\/\/contextoanalisisperiodistico.com\/wp-content\/uploads\/2023\/09\/img-20230903-wa01067477593889383063944-1024x682.jpg\" alt=\"\" class=\"wp-image-18284\" srcset=\"https:\/\/contextoanalisisperiodistico.com\/wp-content\/uploads\/2023\/09\/img-20230903-wa01067477593889383063944-1024x682.jpg 1024w, https:\/\/contextoanalisisperiodistico.com\/wp-content\/uploads\/2023\/09\/img-20230903-wa01067477593889383063944-300x200.jpg 300w, https:\/\/contextoanalisisperiodistico.com\/wp-content\/uploads\/2023\/09\/img-20230903-wa01067477593889383063944-768x512.jpg 768w, https:\/\/contextoanalisisperiodistico.com\/wp-content\/uploads\/2023\/09\/img-20230903-wa01067477593889383063944-1536x1023.jpg 1536w, https:\/\/contextoanalisisperiodistico.com\/wp-content\/uploads\/2023\/09\/img-20230903-wa01067477593889383063944.jpg 1600w\" sizes=\"(max-width: 1024px) 100vw, 1024px\" \/><\/figure>\n\n\n\n<figure class=\"wp-block-image\"><img decoding=\"async\" width=\"1024\" height=\"682\" src=\"https:\/\/contextoanalisisperiodistico.com\/wp-content\/uploads\/2023\/09\/img-20230903-wa01084862137754493698319-1024x682.jpg\" alt=\"\" class=\"wp-image-18283\" srcset=\"https:\/\/contextoanalisisperiodistico.com\/wp-content\/uploads\/2023\/09\/img-20230903-wa01084862137754493698319-1024x682.jpg 1024w, https:\/\/contextoanalisisperiodistico.com\/wp-content\/uploads\/2023\/09\/img-20230903-wa01084862137754493698319-300x200.jpg 300w, https:\/\/contextoanalisisperiodistico.com\/wp-content\/uploads\/2023\/09\/img-20230903-wa01084862137754493698319-768x512.jpg 768w, https:\/\/contextoanalisisperiodistico.com\/wp-content\/uploads\/2023\/09\/img-20230903-wa01084862137754493698319-1536x1023.jpg 1536w, https:\/\/contextoanalisisperiodistico.com\/wp-content\/uploads\/2023\/09\/img-20230903-wa01084862137754493698319.jpg 1600w\" sizes=\"(max-width: 1024px) 100vw, 1024px\" \/><\/figure>\n","protected":false},"excerpt":{"rendered":"<p>\u2022 M\u00e9dicos, tanto de Texas como de Oaxaca, unir\u00e1n fuerzas para atender a partir de&#8230;<\/p>\n","protected":false},"author":4,"featured_media":18282,"comment_status":"","ping_status":"open","sticky":false,"template":"","format":"standard","meta":{"footnotes":""},"categories":[9],"tags":[],"jetpack_sharing_enabled":true,"featured_image_urls":{"full":["https:\/\/contextoanalisisperiodistico.com\/wp-content\/uploads\/2023\/09\/IMG-20230903-WA0107.jpg",1600,1066,false],"thumbnail":["https:\/\/contextoanalisisperiodistico.com\/wp-content\/uploads\/2023\/09\/IMG-20230903-WA0107-150x150.jpg",150,150,true],"medium":["https:\/\/contextoanalisisperiodistico.com\/wp-content\/uploads\/2023\/09\/IMG-20230903-WA0107-300x200.jpg",300,200,true],"medium_large":["https:\/\/contextoanalisisperiodistico.com\/wp-content\/uploads\/2023\/09\/IMG-20230903-WA0107-768x512.jpg",640,427,true],"large":["https:\/\/contextoanalisisperiodistico.com\/wp-content\/uploads\/2023\/09\/IMG-20230903-WA0107-1024x682.jpg",640,426,true],"1536x1536":["https:\/\/contextoanalisisperiodistico.com\/wp-content\/uploads\/2023\/09\/IMG-20230903-WA0107-1536x1023.jpg",1536,1023,true],"2048x2048":["https:\/\/contextoanalisisperiodistico.com\/wp-content\/uploads\/2023\/09\/IMG-20230903-WA0107.jpg",1600,1066,false],"covernews-slider-full":["https:\/\/contextoanalisisperiodistico.com\/wp-content\/uploads\/2023\/09\/IMG-20230903-WA0107-1115x715.jpg",1115,715,true],"covernews-slider-center":["https:\/\/contextoanalisisperiodistico.com\/wp-content\/uploads\/2023\/09\/IMG-20230903-WA0107-800x500.jpg",800,500,true],"covernews-featured":["https:\/\/contextoanalisisperiodistico.com\/wp-content\/uploads\/2023\/09\/IMG-20230903-WA0107-1024x682.jpg",1024,682,true],"covernews-medium":["https:\/\/contextoanalisisperiodistico.com\/wp-content\/uploads\/2023\/09\/IMG-20230903-WA0107-540x340.jpg",540,340,true],"covernews-medium-square":["https:\/\/contextoanalisisperiodistico.com\/wp-content\/uploads\/2023\/09\/IMG-20230903-WA0107-400x250.jpg",400,250,true]},"author_info":{"display_name":"Mario Gir\u00f3n","author_link":"https:\/\/contextoanalisisperiodistico.com\/index.php\/author\/director\/"},"category_info":"<a href=\"https:\/\/contextoanalisisperiodistico.com\/index.php\/category\/politica\/\" rel=\"category tag\">Pol\u00edtica<\/a>","tag_info":"Pol\u00edtica","comment_count":"0","jetpack_featured_media_url":"https:\/\/contextoanalisisperiodistico.com\/wp-content\/uploads\/2023\/09\/IMG-20230903-WA0107.jpg","_links":{"self":[{"href":"https:\/\/contextoanalisisperiodistico.com\/index.php\/wp-json\/wp\/v2\/posts\/18285"}],"collection":[{"href":"https:\/\/contextoanalisisperiodistico.com\/index.php\/wp-json\/wp\/v2\/posts"}],"about":[{"href":"https:\/\/contextoanalisisperiodistico.com\/index.php\/wp-json\/wp\/v2\/types\/post"}],"author":[{"embeddable":true,"href":"https:\/\/contextoanalisisperiodistico.com\/index.php\/wp-json\/wp\/v2\/users\/4"}],"replies":[{"embeddable":true,"href":"https:\/\/contextoanalisisperiodistico.com\/index.php\/wp-json\/wp\/v2\/comments?post=18285"}],"version-history":[{"count":0,"href":"https:\/\/contextoanalisisperiodistico.com\/index.php\/wp-json\/wp\/v2\/posts\/18285\/revisions"}],"wp:featuredmedia":[{"embeddable":true,"href":"https:\/\/contextoanalisisperiodistico.com\/index.php\/wp-json\/wp\/v2\/media\/18282"}],"wp:attachment":[{"href":"https:\/\/contextoanalisisperiodistico.com\/index.php\/wp-json\/wp\/v2\/media?parent=18285"}],"wp:term":[{"taxonomy":"category","embeddable":true,"href":"https:\/\/contextoanalisisperiodistico.com\/index.php\/wp-json\/wp\/v2\/categories?post=18285"},{"taxonomy":"post_tag","embeddable":true,"href":"https:\/\/contextoanalisisperiodistico.com\/index.php\/wp-json\/wp\/v2\/tags?post=18285"}],"curies":[{"name":"wp","href":"https:\/\/api.w.org\/{rel}","templated":true}]}}