{"id":18268,"date":"2023-09-03T17:14:25","date_gmt":"2023-09-03T23:14:25","guid":{"rendered":"https:\/\/contextoanalisisperiodistico.com\/?p=18268"},"modified":"2023-09-03T17:15:06","modified_gmt":"2023-09-03T23:15:06","slug":"en-san-pedro-cajonos-ofrece-salomon-jara-un-buen-gobierno-que-trabaje-de-la-mano-con-los-municipios-de-oaxaca","status":"publish","type":"post","link":"https:\/\/contextoanalisisperiodistico.com\/index.php\/2023\/09\/03\/en-san-pedro-cajonos-ofrece-salomon-jara-un-buen-gobierno-que-trabaje-de-la-mano-con-los-municipios-de-oaxaca\/","title":{"rendered":"<em>En San Pedro Cajonos ofrece Salom\u00f3n Jara un buen Gobierno que trabaje de la mano con los municipios de Oaxaca<\/em>"},"content":{"rendered":"<div id=\"fb-root\"><\/div>\n\n<p>\u2022 Se invertir\u00e1n 5 millones de pesos para diversos rubros en esta comunidad de la Sierra de Ju\u00e1rez que destaca por la producci\u00f3n de gusanos de seda<\/p>\n\n\n\n<figure class=\"wp-block-image size-large\"><img fetchpriority=\"high\" decoding=\"async\" width=\"1024\" height=\"682\" src=\"https:\/\/contextoanalisisperiodistico.com\/wp-content\/uploads\/2023\/09\/img-20230903-wa00789142478471076405726-1024x682.jpg\" alt=\"\" class=\"wp-image-18270\" srcset=\"https:\/\/contextoanalisisperiodistico.com\/wp-content\/uploads\/2023\/09\/img-20230903-wa00789142478471076405726-1024x682.jpg 1024w, https:\/\/contextoanalisisperiodistico.com\/wp-content\/uploads\/2023\/09\/img-20230903-wa00789142478471076405726-300x200.jpg 300w, https:\/\/contextoanalisisperiodistico.com\/wp-content\/uploads\/2023\/09\/img-20230903-wa00789142478471076405726-768x512.jpg 768w, https:\/\/contextoanalisisperiodistico.com\/wp-content\/uploads\/2023\/09\/img-20230903-wa00789142478471076405726-1536x1023.jpg 1536w, https:\/\/contextoanalisisperiodistico.com\/wp-content\/uploads\/2023\/09\/img-20230903-wa00789142478471076405726.jpg 1600w\" sizes=\"(max-width: 1024px) 100vw, 1024px\" \/><\/figure>\n\n\n\n<figure class=\"wp-block-image\"><img decoding=\"async\" width=\"1024\" height=\"713\" src=\"https:\/\/contextoanalisisperiodistico.com\/wp-content\/uploads\/2023\/09\/img-20230903-wa00813235315353076874894-1024x713.jpg\" alt=\"\" class=\"wp-image-18271\" srcset=\"https:\/\/contextoanalisisperiodistico.com\/wp-content\/uploads\/2023\/09\/img-20230903-wa00813235315353076874894-1024x713.jpg 1024w, https:\/\/contextoanalisisperiodistico.com\/wp-content\/uploads\/2023\/09\/img-20230903-wa00813235315353076874894-300x209.jpg 300w, https:\/\/contextoanalisisperiodistico.com\/wp-content\/uploads\/2023\/09\/img-20230903-wa00813235315353076874894-768x535.jpg 768w, https:\/\/contextoanalisisperiodistico.com\/wp-content\/uploads\/2023\/09\/img-20230903-wa00813235315353076874894-1536x1069.jpg 1536w, https:\/\/contextoanalisisperiodistico.com\/wp-content\/uploads\/2023\/09\/img-20230903-wa00813235315353076874894.jpg 1600w\" sizes=\"(max-width: 1024px) 100vw, 1024px\" \/><\/figure>\n\n\n\n<figure class=\"wp-block-image\"><img decoding=\"async\" width=\"1024\" height=\"683\" src=\"https:\/\/contextoanalisisperiodistico.com\/wp-content\/uploads\/2023\/09\/img-20230903-wa00773828547618307174971-1024x683.jpg\" alt=\"\" class=\"wp-image-18272\" srcset=\"https:\/\/contextoanalisisperiodistico.com\/wp-content\/uploads\/2023\/09\/img-20230903-wa00773828547618307174971-1024x683.jpg 1024w, https:\/\/contextoanalisisperiodistico.com\/wp-content\/uploads\/2023\/09\/img-20230903-wa00773828547618307174971-300x200.jpg 300w, https:\/\/contextoanalisisperiodistico.com\/wp-content\/uploads\/2023\/09\/img-20230903-wa00773828547618307174971-768x512.jpg 768w, https:\/\/contextoanalisisperiodistico.com\/wp-content\/uploads\/2023\/09\/img-20230903-wa00773828547618307174971.jpg 1429w\" sizes=\"(max-width: 1024px) 100vw, 1024px\" \/><\/figure>\n\n\n\n<figure class=\"wp-block-image\"><img loading=\"lazy\" decoding=\"async\" width=\"1024\" height=\"584\" src=\"https:\/\/contextoanalisisperiodistico.com\/wp-content\/uploads\/2023\/09\/img-20230903-wa00792616065063851951080-1024x584.jpg\" alt=\"\" class=\"wp-image-18273\" srcset=\"https:\/\/contextoanalisisperiodistico.com\/wp-content\/uploads\/2023\/09\/img-20230903-wa00792616065063851951080-1024x584.jpg 1024w, https:\/\/contextoanalisisperiodistico.com\/wp-content\/uploads\/2023\/09\/img-20230903-wa00792616065063851951080-300x171.jpg 300w, https:\/\/contextoanalisisperiodistico.com\/wp-content\/uploads\/2023\/09\/img-20230903-wa00792616065063851951080-768x438.jpg 768w, https:\/\/contextoanalisisperiodistico.com\/wp-content\/uploads\/2023\/09\/img-20230903-wa00792616065063851951080.jpg 1500w\" sizes=\"(max-width: 1024px) 100vw, 1024px\" \/><\/figure>\n\n\n\n<p>San Pedro Cajonos, Oax. 3 de septiembre de 2023.- Hacer frente al abandono, a la desigualdad y a las carencias en las comunidades y pueblos de la entidad, representa la base para un futuro con bienestar impulsado desde el Gobierno del Estado, encabezado por el Mandatario oaxaque\u00f1o, Salom\u00f3n Jara Cruz.<\/p>\n\n\n\n<p>En su visita a esta localidad, antes llamada Ixtlantepec, el Titular del Ejecutivo estatal dijo que en esta regi\u00f3n los caminos est\u00e1n abandonados, al igual que en el resto de las regiones.<\/p>\n\n\n\n<p>\u201cNo podemos aceptar que estamos en los \u00faltimos lugares de pobreza, si no es Guerrero, es Chiapas o Oaxaca, pareciera que ese es nuestro destino; los que siempre quisieron que fu\u00e9ramos pobres han sido los gobiernos saqueadores del pasado\u201d, coment\u00f3 Salom\u00f3n Jara junto al presidente municipal de San Pedro Cajonos, Ezequiel Blas Velasco.<\/p>\n\n\n\n<p>Al anunciar que mediante la estrategia Trabajo que Transforma Tu Municipio se invertir\u00e1n 5 millones de pesos en esta comunidad ubicada en la Sierra de Ju\u00e1rez y que destaca por su tradici\u00f3n artesanal en la crianza del gusano de seda y el te\u00f1ido de prendas, el Mandatario agreg\u00f3 que, \u201ctenemos todo para ser grandes, mujeres y hombres trabajadores, muchas personas han destacado incluso fuera de la entidad\u201d.<\/p>\n\n\n\n<p>Las y los pobladores conocieron que a trav\u00e9s de la Secretar\u00eda de Fomento Agroalimentario y Desarrollo Rural (Sefader) se pondr\u00e1 en marcha el programa de Autosuficiencia Alimentaria para impulsar la producci\u00f3n de gusano de seda, con una inversi\u00f3n de 406 mil 624 pesos.<\/p>\n\n\n\n<p>Jara Cruz tambi\u00e9n inform\u00f3 que a trav\u00e9s de los Servicios de Salud de Oaxaca se aplicar\u00e1 una inversi\u00f3n de 703 mil 227 pesos para insumos y medicamentos, con el objetivo de atender el rezago de estos recursos en la poblaci\u00f3n.<\/p>\n\n\n\n<p>Para atender grupos prioritarios, en este caso, ni\u00f1as y ni\u00f1os, el Sistema para el Desarrollo Integral de la Familia (DIF) Oaxaca a trav\u00e9s del Programa de Alimentaci\u00f3n Escolar beneficia a la poblaci\u00f3n estudiantil con una inversi\u00f3n de 189 mil 196 pesos.<\/p>\n\n\n\n<p>Mediante la Secretar\u00eda de Finanzas, dio a conocer que al municipio se le depositaron 34 mil 11 pesos, como parte del Fondo Compensatorio.<\/p>\n\n\n\n<p>Para trabajos de restauraci\u00f3n y preservaci\u00f3n del templo cat\u00f3lico de San Pedro Cajonos, el Instituto del Patrimonio Cultural del Estado de Oaxaca (Inpac) destinar\u00e1 1 mill\u00f3n 439 mil 300 pesos.<\/p>\n\n\n\n<p><\/p>\n","protected":false},"excerpt":{"rendered":"<p>\u2022 Se invertir\u00e1n 5 millones de pesos para diversos rubros en esta comunidad de la&#8230;<\/p>\n","protected":false},"author":4,"featured_media":18269,"comment_status":"closed","ping_status":"open","sticky":false,"template":"","format":"standard","meta":{"footnotes":""},"categories":[9],"tags":[],"jetpack_sharing_enabled":true,"featured_image_urls":{"full":["https:\/\/contextoanalisisperiodistico.com\/wp-content\/uploads\/2023\/09\/IMG-20230903-WA0080.jpg",1600,1066,false],"thumbnail":["https:\/\/contextoanalisisperiodistico.com\/wp-content\/uploads\/2023\/09\/IMG-20230903-WA0080-150x150.jpg",150,150,true],"medium":["https:\/\/contextoanalisisperiodistico.com\/wp-content\/uploads\/2023\/09\/IMG-20230903-WA0080-300x200.jpg",300,200,true],"medium_large":["https:\/\/contextoanalisisperiodistico.com\/wp-content\/uploads\/2023\/09\/IMG-20230903-WA0080-768x512.jpg",640,427,true],"large":["https:\/\/contextoanalisisperiodistico.com\/wp-content\/uploads\/2023\/09\/IMG-20230903-WA0080-1024x682.jpg",640,426,true],"1536x1536":["https:\/\/contextoanalisisperiodistico.com\/wp-content\/uploads\/2023\/09\/IMG-20230903-WA0080-1536x1023.jpg",1536,1023,true],"2048x2048":["https:\/\/contextoanalisisperiodistico.com\/wp-content\/uploads\/2023\/09\/IMG-20230903-WA0080.jpg",1600,1066,false],"covernews-slider-full":["https:\/\/contextoanalisisperiodistico.com\/wp-content\/uploads\/2023\/09\/IMG-20230903-WA0080-1115x715.jpg",1115,715,true],"covernews-slider-center":["https:\/\/contextoanalisisperiodistico.com\/wp-content\/uploads\/2023\/09\/IMG-20230903-WA0080-800x500.jpg",800,500,true],"covernews-featured":["https:\/\/contextoanalisisperiodistico.com\/wp-content\/uploads\/2023\/09\/IMG-20230903-WA0080-1024x682.jpg",1024,682,true],"covernews-medium":["https:\/\/contextoanalisisperiodistico.com\/wp-content\/uploads\/2023\/09\/IMG-20230903-WA0080-540x340.jpg",540,340,true],"covernews-medium-square":["https:\/\/contextoanalisisperiodistico.com\/wp-content\/uploads\/2023\/09\/IMG-20230903-WA0080-400x250.jpg",400,250,true]},"author_info":{"display_name":"Mario Gir\u00f3n","author_link":"https:\/\/contextoanalisisperiodistico.com\/index.php\/author\/director\/"},"category_info":"<a href=\"https:\/\/contextoanalisisperiodistico.com\/index.php\/category\/politica\/\" rel=\"category tag\">Pol\u00edtica<\/a>","tag_info":"Pol\u00edtica","comment_count":"0","jetpack_featured_media_url":"https:\/\/contextoanalisisperiodistico.com\/wp-content\/uploads\/2023\/09\/IMG-20230903-WA0080.jpg","_links":{"self":[{"href":"https:\/\/contextoanalisisperiodistico.com\/index.php\/wp-json\/wp\/v2\/posts\/18268"}],"collection":[{"href":"https:\/\/contextoanalisisperiodistico.com\/index.php\/wp-json\/wp\/v2\/posts"}],"about":[{"href":"https:\/\/contextoanalisisperiodistico.com\/index.php\/wp-json\/wp\/v2\/types\/post"}],"author":[{"embeddable":true,"href":"https:\/\/contextoanalisisperiodistico.com\/index.php\/wp-json\/wp\/v2\/users\/4"}],"replies":[{"embeddable":true,"href":"https:\/\/contextoanalisisperiodistico.com\/index.php\/wp-json\/wp\/v2\/comments?post=18268"}],"version-history":[{"count":1,"href":"https:\/\/contextoanalisisperiodistico.com\/index.php\/wp-json\/wp\/v2\/posts\/18268\/revisions"}],"predecessor-version":[{"id":18274,"href":"https:\/\/contextoanalisisperiodistico.com\/index.php\/wp-json\/wp\/v2\/posts\/18268\/revisions\/18274"}],"wp:featuredmedia":[{"embeddable":true,"href":"https:\/\/contextoanalisisperiodistico.com\/index.php\/wp-json\/wp\/v2\/media\/18269"}],"wp:attachment":[{"href":"https:\/\/contextoanalisisperiodistico.com\/index.php\/wp-json\/wp\/v2\/media?parent=18268"}],"wp:term":[{"taxonomy":"category","embeddable":true,"href":"https:\/\/contextoanalisisperiodistico.com\/index.php\/wp-json\/wp\/v2\/categories?post=18268"},{"taxonomy":"post_tag","embeddable":true,"href":"https:\/\/contextoanalisisperiodistico.com\/index.php\/wp-json\/wp\/v2\/tags?post=18268"}],"curies":[{"name":"wp","href":"https:\/\/api.w.org\/{rel}","templated":true}]}}