{"id":18261,"date":"2023-09-03T13:43:14","date_gmt":"2023-09-03T19:43:14","guid":{"rendered":"https:\/\/contextoanalisisperiodistico.com\/index.php\/2023\/09\/03\/trabajo-directo-sin-intermediarios-entre-municipios-nuevo-modelo-de-gobierno-destaca-salomon-jara-en-santo-domingo-xagacia\/"},"modified":"2023-09-03T13:43:14","modified_gmt":"2023-09-03T19:43:14","slug":"trabajo-directo-sin-intermediarios-entre-municipios-nuevo-modelo-de-gobierno-destaca-salomon-jara-en-santo-domingo-xagacia","status":"publish","type":"post","link":"https:\/\/contextoanalisisperiodistico.com\/index.php\/2023\/09\/03\/trabajo-directo-sin-intermediarios-entre-municipios-nuevo-modelo-de-gobierno-destaca-salomon-jara-en-santo-domingo-xagacia\/","title":{"rendered":"Trabajo directo, sin intermediarios entre municipios, nuevo modelo de Gobierno, destaca Salom\u00f3n Jara en Santo Domingo Xagac\u00eda"},"content":{"rendered":"<div id=\"fb-root\"><\/div>\n\n<p>\u2022 El Gobierno del Estado destina 4 millones 472 mil pesos para este municipio<\/p>\n\n\n\n<p>Santo Domingo Xagac\u00eda, Oax. 3 de septiembre de 2023.- Con el sonido caracter\u00edstico de la banda de viento de la Sierra de Ju\u00e1rez, mujeres y hombres de esta comunidad recibieron al Gobernador de Oaxaca Salom\u00f3n Jara Cruz, quien este domingo arrib\u00f3 a Xagac\u00eda a presentar la estrategia Trabajo que Transforma tu Municipio, con la que se anunciaron importantes proyectos que detonar\u00e1n el desarrollo en esta zona.<\/p>\n\n\n\n<p>\u201cLos gobiernos anteriores abandonaron Oaxaca, ah\u00ed est\u00e1n los caminos, los centros de salud, el campo, totalmente abandonados, por eso son culpables del abandono\u201d asever\u00f3 Jara Cruz ante la comunidad.<\/p>\n\n\n\n<p>En esta ocasi\u00f3n, junto al presidente municipal, Isa\u00edas Dionisio Flores, el Mandatario oaxaque\u00f1o rememor\u00f3 cuando visit\u00f3 este municipio al lado del hoy Presidente de M\u00e9xico, Andr\u00e9s Manuel L\u00f3pez Obrador.<\/p>\n\n\n\n<p>Reiter\u00f3 que los dos helic\u00f3pteros que tiene el Gobierno, son ocupados como ambulancias a\u00e9reas y para combatir incendios.<\/p>\n\n\n\n<p>Para atender el rezago en materia de salud, los Servicios de Salud de Oaxaca (SSO) destinar\u00e1 703 mil pesos en medicamentos e insumos.<\/p>\n\n\n\n<p>El Instituto Oaxaque\u00f1o Constructor de Infraestructura Educativa (Iocied) realizar\u00e1 una inversi\u00f3n para atender dos escuelas con dos lotes de mobiliario, con un monto total de 259 mil pesos. En tanto, el Instituto Estatal de Educaci\u00f3n P\u00fablica de Oaxaca anunci\u00f3 que entregar\u00e1 equipos de c\u00f3mputo.<\/p>\n\n\n\n<p>Para beneficiar a los sectores prioritarios de la localidad, el Sistema para el Desarrollo Integral de la familia (DIF) Oaxaca inform\u00f3 que se entregar\u00e1n lentes y aparatos auditivos.<\/p>\n\n\n\n<p>La Secretar\u00eda de Bienestar, Tequio e Inclusi\u00f3n (Sebienti) brindar\u00e1 el apoyo de la Tarjeta Margarita Maza que dotar\u00e1 de dos mil pesos bimestrales a mujeres jefas de familia en pobreza extrema, as\u00ed como las Caravanas Bienestar con diversos servicios.<\/p>\n\n\n\n<p>Para coadyuvar en la erradicaci\u00f3n de la carencia alimentaria, la Secretar\u00eda de Desarrollo Agroalimentario y Desarrollo Rural (Sefader) trabaja con 81 familias, para lo cual destin\u00f3 655 mil 704 pesos.<\/p>\n\n\n\n<p>En materia de infraestructura, la Secretar\u00eda de las Infraestructuras y Comunicaciones anunci\u00f3 que apoyar\u00e1 por solicitud del presidente municipal la ampliaci\u00f3n de la electrificaci\u00f3n con celdas solares, adem\u00e1s que ya se realiza el reencarpetamiento de la carretera que conduce a esta comunidad.<\/p>\n\n\n\n<p>En el tema de seguridad, el Secretariado Ejecutivo del Sistema Estatal de Seguridad P\u00fablica (SESESP) ofreci\u00f3 capacitaci\u00f3n a topiles de la comunidad.<\/p>\n\n\n\n<p>Por otra parte, la Comisi\u00f3n Estatal Forestal (Coesfo), trabaja en Reforesta Oaxaca, por lo que se invit\u00f3 a la poblaci\u00f3n a sumarse a esta acci\u00f3n en beneficio de los recursos naturales de la regi\u00f3n.<\/p>\n\n\n\n<p>La Secretar\u00eda de Finanzas (Sefin) inform\u00f3 que se depositan recursos al municipio como parte del Fondo Compensatorio, el cual asciende a los 39 mil pesos mensuales hasta el mes de diciembre.<\/p>\n\n\n\n<p>En total, el monto destinado por el Gobierno del Estado de Oaxaca para Santo Domingo Xagac\u00eda es de 4 millones 472 mil pesos.<\/p>\n\n\n\n<figure class=\"wp-block-image size-large\"><img fetchpriority=\"high\" decoding=\"async\" width=\"1024\" height=\"892\" src=\"https:\/\/contextoanalisisperiodistico.com\/wp-content\/uploads\/2023\/09\/img-20230903-wa00471274369118172279082-1024x892.jpg\" alt=\"\" class=\"wp-image-18258\" srcset=\"https:\/\/contextoanalisisperiodistico.com\/wp-content\/uploads\/2023\/09\/img-20230903-wa00471274369118172279082-1024x892.jpg 1024w, https:\/\/contextoanalisisperiodistico.com\/wp-content\/uploads\/2023\/09\/img-20230903-wa00471274369118172279082-300x261.jpg 300w, https:\/\/contextoanalisisperiodistico.com\/wp-content\/uploads\/2023\/09\/img-20230903-wa00471274369118172279082-768x669.jpg 768w, https:\/\/contextoanalisisperiodistico.com\/wp-content\/uploads\/2023\/09\/img-20230903-wa00471274369118172279082-1536x1337.jpg 1536w, https:\/\/contextoanalisisperiodistico.com\/wp-content\/uploads\/2023\/09\/img-20230903-wa00471274369118172279082.jpg 1600w\" sizes=\"(max-width: 1024px) 100vw, 1024px\" \/><\/figure>\n\n\n\n<figure class=\"wp-block-image\"><img decoding=\"async\" width=\"1024\" height=\"519\" src=\"https:\/\/contextoanalisisperiodistico.com\/wp-content\/uploads\/2023\/09\/img-20230903-wa0048123376107793273399-1024x519.jpg\" alt=\"\" class=\"wp-image-18257\" srcset=\"https:\/\/contextoanalisisperiodistico.com\/wp-content\/uploads\/2023\/09\/img-20230903-wa0048123376107793273399-1024x519.jpg 1024w, https:\/\/contextoanalisisperiodistico.com\/wp-content\/uploads\/2023\/09\/img-20230903-wa0048123376107793273399-300x152.jpg 300w, https:\/\/contextoanalisisperiodistico.com\/wp-content\/uploads\/2023\/09\/img-20230903-wa0048123376107793273399-768x390.jpg 768w, https:\/\/contextoanalisisperiodistico.com\/wp-content\/uploads\/2023\/09\/img-20230903-wa0048123376107793273399.jpg 1447w\" sizes=\"(max-width: 1024px) 100vw, 1024px\" \/><\/figure>\n\n\n\n<figure class=\"wp-block-image\"><img decoding=\"async\" width=\"1024\" height=\"683\" src=\"https:\/\/contextoanalisisperiodistico.com\/wp-content\/uploads\/2023\/09\/img-20230903-wa00443201440114038353420-1024x683.jpg\" alt=\"\" class=\"wp-image-18259\" srcset=\"https:\/\/contextoanalisisperiodistico.com\/wp-content\/uploads\/2023\/09\/img-20230903-wa00443201440114038353420-1024x683.jpg 1024w, https:\/\/contextoanalisisperiodistico.com\/wp-content\/uploads\/2023\/09\/img-20230903-wa00443201440114038353420-300x200.jpg 300w, https:\/\/contextoanalisisperiodistico.com\/wp-content\/uploads\/2023\/09\/img-20230903-wa00443201440114038353420-768x512.jpg 768w, https:\/\/contextoanalisisperiodistico.com\/wp-content\/uploads\/2023\/09\/img-20230903-wa00443201440114038353420-1536x1024.jpg 1536w, https:\/\/contextoanalisisperiodistico.com\/wp-content\/uploads\/2023\/09\/img-20230903-wa00443201440114038353420.jpg 1600w\" sizes=\"(max-width: 1024px) 100vw, 1024px\" \/><\/figure>\n\n\n","protected":false},"excerpt":{"rendered":"<p>\u2022 El Gobierno del Estado destina 4 millones 472 mil pesos para este municipio Santo&#8230;<\/p>\n","protected":false},"author":4,"featured_media":18256,"comment_status":"","ping_status":"open","sticky":false,"template":"","format":"standard","meta":{"footnotes":""},"categories":[9],"tags":[],"jetpack_sharing_enabled":true,"featured_image_urls":{"full":["https:\/\/contextoanalisisperiodistico.com\/wp-content\/uploads\/2023\/09\/IMG-20230903-WA0045.jpg",1600,1031,false],"thumbnail":["https:\/\/contextoanalisisperiodistico.com\/wp-content\/uploads\/2023\/09\/IMG-20230903-WA0045-150x150.jpg",150,150,true],"medium":["https:\/\/contextoanalisisperiodistico.com\/wp-content\/uploads\/2023\/09\/IMG-20230903-WA0045-300x193.jpg",300,193,true],"medium_large":["https:\/\/contextoanalisisperiodistico.com\/wp-content\/uploads\/2023\/09\/IMG-20230903-WA0045-768x495.jpg",640,413,true],"large":["https:\/\/contextoanalisisperiodistico.com\/wp-content\/uploads\/2023\/09\/IMG-20230903-WA0045-1024x660.jpg",640,413,true],"1536x1536":["https:\/\/contextoanalisisperiodistico.com\/wp-content\/uploads\/2023\/09\/IMG-20230903-WA0045-1536x990.jpg",1536,990,true],"2048x2048":["https:\/\/contextoanalisisperiodistico.com\/wp-content\/uploads\/2023\/09\/IMG-20230903-WA0045.jpg",1600,1031,false],"covernews-slider-full":["https:\/\/contextoanalisisperiodistico.com\/wp-content\/uploads\/2023\/09\/IMG-20230903-WA0045-1115x715.jpg",1115,715,true],"covernews-slider-center":["https:\/\/contextoanalisisperiodistico.com\/wp-content\/uploads\/2023\/09\/IMG-20230903-WA0045-800x500.jpg",800,500,true],"covernews-featured":["https:\/\/contextoanalisisperiodistico.com\/wp-content\/uploads\/2023\/09\/IMG-20230903-WA0045-1024x660.jpg",1024,660,true],"covernews-medium":["https:\/\/contextoanalisisperiodistico.com\/wp-content\/uploads\/2023\/09\/IMG-20230903-WA0045-540x340.jpg",540,340,true],"covernews-medium-square":["https:\/\/contextoanalisisperiodistico.com\/wp-content\/uploads\/2023\/09\/IMG-20230903-WA0045-400x250.jpg",400,250,true]},"author_info":{"display_name":"Mario Gir\u00f3n","author_link":"https:\/\/contextoanalisisperiodistico.com\/index.php\/author\/director\/"},"category_info":"<a href=\"https:\/\/contextoanalisisperiodistico.com\/index.php\/category\/politica\/\" rel=\"category tag\">Pol\u00edtica<\/a>","tag_info":"Pol\u00edtica","comment_count":"0","jetpack_featured_media_url":"https:\/\/contextoanalisisperiodistico.com\/wp-content\/uploads\/2023\/09\/IMG-20230903-WA0045.jpg","_links":{"self":[{"href":"https:\/\/contextoanalisisperiodistico.com\/index.php\/wp-json\/wp\/v2\/posts\/18261"}],"collection":[{"href":"https:\/\/contextoanalisisperiodistico.com\/index.php\/wp-json\/wp\/v2\/posts"}],"about":[{"href":"https:\/\/contextoanalisisperiodistico.com\/index.php\/wp-json\/wp\/v2\/types\/post"}],"author":[{"embeddable":true,"href":"https:\/\/contextoanalisisperiodistico.com\/index.php\/wp-json\/wp\/v2\/users\/4"}],"replies":[{"embeddable":true,"href":"https:\/\/contextoanalisisperiodistico.com\/index.php\/wp-json\/wp\/v2\/comments?post=18261"}],"version-history":[{"count":0,"href":"https:\/\/contextoanalisisperiodistico.com\/index.php\/wp-json\/wp\/v2\/posts\/18261\/revisions"}],"wp:featuredmedia":[{"embeddable":true,"href":"https:\/\/contextoanalisisperiodistico.com\/index.php\/wp-json\/wp\/v2\/media\/18256"}],"wp:attachment":[{"href":"https:\/\/contextoanalisisperiodistico.com\/index.php\/wp-json\/wp\/v2\/media?parent=18261"}],"wp:term":[{"taxonomy":"category","embeddable":true,"href":"https:\/\/contextoanalisisperiodistico.com\/index.php\/wp-json\/wp\/v2\/categories?post=18261"},{"taxonomy":"post_tag","embeddable":true,"href":"https:\/\/contextoanalisisperiodistico.com\/index.php\/wp-json\/wp\/v2\/tags?post=18261"}],"curies":[{"name":"wp","href":"https:\/\/api.w.org\/{rel}","templated":true}]}}