{"id":18245,"date":"2023-09-03T13:14:55","date_gmt":"2023-09-03T19:14:55","guid":{"rendered":"https:\/\/contextoanalisisperiodistico.com\/?p=18245"},"modified":"2023-09-03T13:15:34","modified_gmt":"2023-09-03T19:15:34","slug":"transita-san-pedro-ixtlahuaca-hacia-el-desarrollo-en-materia-de-salud-infraestructura-y-seguridad","status":"publish","type":"post","link":"https:\/\/contextoanalisisperiodistico.com\/index.php\/2023\/09\/03\/transita-san-pedro-ixtlahuaca-hacia-el-desarrollo-en-materia-de-salud-infraestructura-y-seguridad\/","title":{"rendered":"<em>Transita San Pedro Ixtlahuaca hacia el desarrollo en materia de salud, infraestructura y seguridad<\/em>"},"content":{"rendered":"<div id=\"fb-root\"><\/div>\n\n<p>\u25cfEn este municipio, aproximadamente mil 500 personas fueron testigos del compromiso que el Gobernador del Estado Salom\u00f3n Jara realiz\u00f3 con la poblaci\u00f3n oaxaque\u00f1a al destinar m\u00e1s de 17 mdp que detonar\u00e1n el bienestar com\u00fan<\/p>\n\n\n\n<figure class=\"wp-block-image size-large\"><img fetchpriority=\"high\" decoding=\"async\" width=\"1024\" height=\"524\" src=\"https:\/\/contextoanalisisperiodistico.com\/wp-content\/uploads\/2023\/09\/img-20230903-wa00377171322031988273637-1024x524.jpg\" alt=\"\" class=\"wp-image-18247\" srcset=\"https:\/\/contextoanalisisperiodistico.com\/wp-content\/uploads\/2023\/09\/img-20230903-wa00377171322031988273637-1024x524.jpg 1024w, https:\/\/contextoanalisisperiodistico.com\/wp-content\/uploads\/2023\/09\/img-20230903-wa00377171322031988273637-300x154.jpg 300w, https:\/\/contextoanalisisperiodistico.com\/wp-content\/uploads\/2023\/09\/img-20230903-wa00377171322031988273637-768x393.jpg 768w, https:\/\/contextoanalisisperiodistico.com\/wp-content\/uploads\/2023\/09\/img-20230903-wa00377171322031988273637-1536x786.jpg 1536w, https:\/\/contextoanalisisperiodistico.com\/wp-content\/uploads\/2023\/09\/img-20230903-wa00377171322031988273637.jpg 1600w\" sizes=\"(max-width: 1024px) 100vw, 1024px\" \/><\/figure>\n\n\n\n<figure class=\"wp-block-image\"><img decoding=\"async\" width=\"1024\" height=\"682\" src=\"https:\/\/contextoanalisisperiodistico.com\/wp-content\/uploads\/2023\/09\/img-20230903-wa00418434835051547264172-1024x682.jpg\" alt=\"\" class=\"wp-image-18250\" srcset=\"https:\/\/contextoanalisisperiodistico.com\/wp-content\/uploads\/2023\/09\/img-20230903-wa00418434835051547264172-1024x682.jpg 1024w, https:\/\/contextoanalisisperiodistico.com\/wp-content\/uploads\/2023\/09\/img-20230903-wa00418434835051547264172-300x200.jpg 300w, https:\/\/contextoanalisisperiodistico.com\/wp-content\/uploads\/2023\/09\/img-20230903-wa00418434835051547264172-768x512.jpg 768w, https:\/\/contextoanalisisperiodistico.com\/wp-content\/uploads\/2023\/09\/img-20230903-wa00418434835051547264172-1536x1023.jpg 1536w, https:\/\/contextoanalisisperiodistico.com\/wp-content\/uploads\/2023\/09\/img-20230903-wa00418434835051547264172.jpg 1600w\" sizes=\"(max-width: 1024px) 100vw, 1024px\" \/><\/figure>\n\n\n\n<figure class=\"wp-block-image\"><img decoding=\"async\" width=\"1024\" height=\"683\" src=\"https:\/\/contextoanalisisperiodistico.com\/wp-content\/uploads\/2023\/09\/img-20230903-wa00422493210237739999474-1024x683.jpg\" alt=\"\" class=\"wp-image-18248\" srcset=\"https:\/\/contextoanalisisperiodistico.com\/wp-content\/uploads\/2023\/09\/img-20230903-wa00422493210237739999474-1024x683.jpg 1024w, https:\/\/contextoanalisisperiodistico.com\/wp-content\/uploads\/2023\/09\/img-20230903-wa00422493210237739999474-300x200.jpg 300w, https:\/\/contextoanalisisperiodistico.com\/wp-content\/uploads\/2023\/09\/img-20230903-wa00422493210237739999474-768x512.jpg 768w, https:\/\/contextoanalisisperiodistico.com\/wp-content\/uploads\/2023\/09\/img-20230903-wa00422493210237739999474-1536x1024.jpg 1536w, https:\/\/contextoanalisisperiodistico.com\/wp-content\/uploads\/2023\/09\/img-20230903-wa00422493210237739999474.jpg 1600w\" sizes=\"(max-width: 1024px) 100vw, 1024px\" \/><\/figure>\n\n\n\n<figure class=\"wp-block-image\"><img loading=\"lazy\" decoding=\"async\" width=\"1024\" height=\"530\" src=\"https:\/\/contextoanalisisperiodistico.com\/wp-content\/uploads\/2023\/09\/img-20230903-wa00407906213614443307015-1024x530.jpg\" alt=\"\" class=\"wp-image-18249\" srcset=\"https:\/\/contextoanalisisperiodistico.com\/wp-content\/uploads\/2023\/09\/img-20230903-wa00407906213614443307015-1024x530.jpg 1024w, https:\/\/contextoanalisisperiodistico.com\/wp-content\/uploads\/2023\/09\/img-20230903-wa00407906213614443307015-300x155.jpg 300w, https:\/\/contextoanalisisperiodistico.com\/wp-content\/uploads\/2023\/09\/img-20230903-wa00407906213614443307015-768x397.jpg 768w, https:\/\/contextoanalisisperiodistico.com\/wp-content\/uploads\/2023\/09\/img-20230903-wa00407906213614443307015-1536x795.jpg 1536w, https:\/\/contextoanalisisperiodistico.com\/wp-content\/uploads\/2023\/09\/img-20230903-wa00407906213614443307015.jpg 1600w\" sizes=\"(max-width: 1024px) 100vw, 1024px\" \/><\/figure>\n\n\n\n<p>San Pedro Ixtlahuaca, Oax. 3 de septiembre de 2023.- En el marco de su gira de trabajo por esta regi\u00f3n de los Valles Centrales, el Gobernador Salom\u00f3n Jara Cruz explic\u00f3 ante aproximadamente mil 500 personas el nuevo modelo de trabajo que impulsa la administraci\u00f3n actual.<\/p>\n\n\n\n<p>Destac\u00f3 en su mensaje que un gobernante tiene que caminar al lado del pueblo, ya que solo as\u00ed se sacar\u00e1 adelante a Oaxaca y saldr\u00e1 de los \u00faltimos lugares en educaci\u00f3n, salud e infraestructura.<\/p>\n\n\n\n<p>\u201cUn gobierno cercano al pueblo, comunidades, agencias, autoridades, un gobierno que trabaje con honestidad, sencillez y humildad\u201d destac\u00f3 el Mandatario Estatal.<\/p>\n\n\n\n<p>En su arribo a esta comunidad donde fue recibido por el presidente municipal Roberto Camerino P\u00e9rez Delgado, el Gobernador anunci\u00f3 una inversi\u00f3n de 17 millones 661 mil 217 pesos como parte de la estrategia Trabajo que Transforma tu Municipio, de los cuales, 931 mil pesos ya han sido utilizados para 100 familias beneficiadas a trav\u00e9s del programa Autosuficiencia alimentaria de la Secretar\u00eda de Fomento Agroalimentario y Desarrollo Rural (Sefader).<\/p>\n\n\n\n<p>Para el mejoramiento de los hogares de quienes lo necesiten se entregar\u00e1 un mill\u00f3n 450 mil pesos por parte de Viviendas Bienestar.<\/p>\n\n\n\n<p>Otra de las necesidades de San Pedro Ixtlahuaca es la deuda hist\u00f3rica con las mujeres madres de familia que se encuentran en pobreza, por ello a trav\u00e9s de la Secretar\u00eda de Bienestar, Tequio e Inclusi\u00f3n (Sebienti) se anunci\u00f3 que mediante la Tarjeta Margarita Maza este sector de la poblaci\u00f3n recibir\u00e1 dos mil pesos bimestrales.<\/p>\n\n\n\n<p>Por medio de los Servicios de Salud (SSO) se dispersar\u00e1n 767 mil 476 pesos para el abasto de medicamentos.<\/p>\n\n\n\n<p>A trav\u00e9s del Sistema Estatal para el Desarrollo Integral de la Familia (DIF) Oaxaca se destinar\u00e1 un mill\u00f3n 138 mil 7 pesos en sus diversos programas alimentarios que beneficiar\u00e1n a habitantes de San Pedro Ixtlahuaca.<\/p>\n\n\n\n<p>Por parte del Fondo de Compensaciones, la Secretar\u00eda de Finanzas inform\u00f3 que el municipio ya recibi\u00f3 el dep\u00f3sito de 790 mil 734 pesos.<\/p>\n\n\n\n<p>Asimismo, el Instituto Oaxaque\u00f1o Constructor de Infraestructura Educativa (Iocied) realizar\u00e1 la construcci\u00f3n de tres aulas en beneficio de la educaci\u00f3n nivel preescolar, primaria y secundaria con un monto de un mill\u00f3n 920 mil pesos. Adem\u00e1s de la construcci\u00f3n de dos aulas m\u00e1s para el Instituto de Estudios de Bachillerato del Estado (IEBO) a fin de disminuir el rezago educativo por falta de infraestructura.<\/p>\n\n\n\n<p>Caminos Bienestar (Cabien) realizar\u00e1 una inversi\u00f3n de cinco millones de pesos para llevar a cabo el programa de Pavimentaci\u00f3n de Caminos a Agencias Municipales en el camino de la agencia Loma Grande a la de Buena Vista.<\/p>\n\n\n\n<p>Por otro lado, se inform\u00f3 que el Secretariado Ejecutivo del Sistema Estatal de Seguridad P\u00fablica (SESESP) trabajar\u00e1 en la certificaci\u00f3n de polic\u00edas y capacitaci\u00f3n de topiles, lo cual se fortalecer\u00e1 con uniformes nuevos para el personal y una patrulla para la poblaci\u00f3n.<\/p>\n\n\n\n<p>En su oportunidad, el presidente municipal de San Pedro Ixtlahuaca agradeci\u00f3 el respaldo del Gobierno del Estado que con ayuda de sus dependencias har\u00e1 realidad la ruta hacia la transformaci\u00f3n de este municipio.<\/p>\n\n\n\n<p><\/p>\n","protected":false},"excerpt":{"rendered":"<p>\u25cfEn este municipio, aproximadamente mil 500 personas fueron testigos del compromiso que el Gobernador del&#8230;<\/p>\n","protected":false},"author":4,"featured_media":18246,"comment_status":"closed","ping_status":"open","sticky":false,"template":"","format":"standard","meta":{"footnotes":""},"categories":[9],"tags":[],"jetpack_sharing_enabled":true,"featured_image_urls":{"full":["https:\/\/contextoanalisisperiodistico.com\/wp-content\/uploads\/2023\/09\/IMG-20230903-WA0039.jpg",1600,880,false],"thumbnail":["https:\/\/contextoanalisisperiodistico.com\/wp-content\/uploads\/2023\/09\/IMG-20230903-WA0039-150x150.jpg",150,150,true],"medium":["https:\/\/contextoanalisisperiodistico.com\/wp-content\/uploads\/2023\/09\/IMG-20230903-WA0039-300x165.jpg",300,165,true],"medium_large":["https:\/\/contextoanalisisperiodistico.com\/wp-content\/uploads\/2023\/09\/IMG-20230903-WA0039-768x422.jpg",640,352,true],"large":["https:\/\/contextoanalisisperiodistico.com\/wp-content\/uploads\/2023\/09\/IMG-20230903-WA0039-1024x563.jpg",640,352,true],"1536x1536":["https:\/\/contextoanalisisperiodistico.com\/wp-content\/uploads\/2023\/09\/IMG-20230903-WA0039-1536x845.jpg",1536,845,true],"2048x2048":["https:\/\/contextoanalisisperiodistico.com\/wp-content\/uploads\/2023\/09\/IMG-20230903-WA0039.jpg",1600,880,false],"covernews-slider-full":["https:\/\/contextoanalisisperiodistico.com\/wp-content\/uploads\/2023\/09\/IMG-20230903-WA0039-1115x715.jpg",1115,715,true],"covernews-slider-center":["https:\/\/contextoanalisisperiodistico.com\/wp-content\/uploads\/2023\/09\/IMG-20230903-WA0039-800x500.jpg",800,500,true],"covernews-featured":["https:\/\/contextoanalisisperiodistico.com\/wp-content\/uploads\/2023\/09\/IMG-20230903-WA0039-1024x563.jpg",1024,563,true],"covernews-medium":["https:\/\/contextoanalisisperiodistico.com\/wp-content\/uploads\/2023\/09\/IMG-20230903-WA0039-540x340.jpg",540,340,true],"covernews-medium-square":["https:\/\/contextoanalisisperiodistico.com\/wp-content\/uploads\/2023\/09\/IMG-20230903-WA0039-400x250.jpg",400,250,true]},"author_info":{"display_name":"Mario Gir\u00f3n","author_link":"https:\/\/contextoanalisisperiodistico.com\/index.php\/author\/director\/"},"category_info":"<a href=\"https:\/\/contextoanalisisperiodistico.com\/index.php\/category\/politica\/\" rel=\"category tag\">Pol\u00edtica<\/a>","tag_info":"Pol\u00edtica","comment_count":"0","jetpack_featured_media_url":"https:\/\/contextoanalisisperiodistico.com\/wp-content\/uploads\/2023\/09\/IMG-20230903-WA0039.jpg","_links":{"self":[{"href":"https:\/\/contextoanalisisperiodistico.com\/index.php\/wp-json\/wp\/v2\/posts\/18245"}],"collection":[{"href":"https:\/\/contextoanalisisperiodistico.com\/index.php\/wp-json\/wp\/v2\/posts"}],"about":[{"href":"https:\/\/contextoanalisisperiodistico.com\/index.php\/wp-json\/wp\/v2\/types\/post"}],"author":[{"embeddable":true,"href":"https:\/\/contextoanalisisperiodistico.com\/index.php\/wp-json\/wp\/v2\/users\/4"}],"replies":[{"embeddable":true,"href":"https:\/\/contextoanalisisperiodistico.com\/index.php\/wp-json\/wp\/v2\/comments?post=18245"}],"version-history":[{"count":1,"href":"https:\/\/contextoanalisisperiodistico.com\/index.php\/wp-json\/wp\/v2\/posts\/18245\/revisions"}],"predecessor-version":[{"id":18251,"href":"https:\/\/contextoanalisisperiodistico.com\/index.php\/wp-json\/wp\/v2\/posts\/18245\/revisions\/18251"}],"wp:featuredmedia":[{"embeddable":true,"href":"https:\/\/contextoanalisisperiodistico.com\/index.php\/wp-json\/wp\/v2\/media\/18246"}],"wp:attachment":[{"href":"https:\/\/contextoanalisisperiodistico.com\/index.php\/wp-json\/wp\/v2\/media?parent=18245"}],"wp:term":[{"taxonomy":"category","embeddable":true,"href":"https:\/\/contextoanalisisperiodistico.com\/index.php\/wp-json\/wp\/v2\/categories?post=18245"},{"taxonomy":"post_tag","embeddable":true,"href":"https:\/\/contextoanalisisperiodistico.com\/index.php\/wp-json\/wp\/v2\/tags?post=18245"}],"curies":[{"name":"wp","href":"https:\/\/api.w.org\/{rel}","templated":true}]}}