{"id":1823,"date":"2022-04-02T17:27:43","date_gmt":"2022-04-02T23:27:43","guid":{"rendered":"http:\/\/contextoanalisisperiodistico.com.mx\/2022\/04\/02\/damnificados-del-segundo-censo-realizaran-proximamente-el-cierre-de-carretera-en-el-caracol\/"},"modified":"2022-04-02T17:27:43","modified_gmt":"2022-04-02T23:27:43","slug":"damnificados-del-segundo-censo-realizaran-proximamente-el-cierre-de-carretera-en-el-caracol","status":"publish","type":"post","link":"https:\/\/contextoanalisisperiodistico.com\/index.php\/2022\/04\/02\/damnificados-del-segundo-censo-realizaran-proximamente-el-cierre-de-carretera-en-el-caracol\/","title":{"rendered":"Damnificados del segundo censo, realizar\u00e1n pr\u00f3ximamente el cierre de carretera en \u00abEl Caracol\u00bb"},"content":{"rendered":"<div id=\"fb-root\"><\/div>\n\n<p>Juchit\u00e1n Oaxaca. Abril 2 del 2022\/ La asamblea de damnificados de los sismos del 2017 acordaron llevar a cabo un cierre de carretera pr\u00f3ximamente, para que el gobierno del estado solucione exigencias de las familias que no han recibido los apoyos del segundo censo. El bloqueo ser\u00eda en el lugar conocido como El Caracol.<\/p>\n\n\n\n<p>El representante del Comit\u00e9 de Vecinos del Segundo Censo, Armando Pineda, dijo que la asamblea acord\u00f3 esta medida ante el incumplimiento del gobernador Alejandro Murat para cubrir los apoyos a los damnificados del segundo censo.<\/p>\n\n\n\n<p>Ante esto apunt\u00f3 el dirigente, se ha solicitado la intervenci\u00f3n del Presidente Andr\u00e9s Manuel L\u00f3pez Obrador para hacer que el gobierno cumpla con su responsabilidad hacia los damnificados. \u00abNo nos dejan otro camino que la presi\u00f3n, para recibir atenci\u00f3n a nuestras demandas\u00bb, subray\u00f3 al final.<\/p>\n","protected":false},"excerpt":{"rendered":"<p>Juchit\u00e1n Oaxaca. Abril 2 del 2022\/ La asamblea de damnificados de los sismos del 2017&#8230;<\/p>\n","protected":false},"author":2,"featured_media":1822,"comment_status":"open","ping_status":"open","sticky":false,"template":"","format":"standard","meta":{"footnotes":""},"categories":[7,9],"tags":[],"jetpack_sharing_enabled":true,"featured_image_urls":{"full":"","thumbnail":"","medium":"","medium_large":"","large":"","1536x1536":"","2048x2048":"","covernews-slider-full":"","covernews-slider-center":"","covernews-featured":"","covernews-medium":"","covernews-medium-square":""},"author_info":{"display_name":"Miguel","author_link":"https:\/\/contextoanalisisperiodistico.com\/index.php\/author\/editor\/"},"category_info":"<a href=\"https:\/\/contextoanalisisperiodistico.com\/index.php\/category\/municipios\/\" rel=\"category tag\">Municipios<\/a> <a href=\"https:\/\/contextoanalisisperiodistico.com\/index.php\/category\/politica\/\" rel=\"category tag\">Pol\u00edtica<\/a>","tag_info":"Pol\u00edtica","comment_count":"0","jetpack_featured_media_url":"","_links":{"self":[{"href":"https:\/\/contextoanalisisperiodistico.com\/index.php\/wp-json\/wp\/v2\/posts\/1823"}],"collection":[{"href":"https:\/\/contextoanalisisperiodistico.com\/index.php\/wp-json\/wp\/v2\/posts"}],"about":[{"href":"https:\/\/contextoanalisisperiodistico.com\/index.php\/wp-json\/wp\/v2\/types\/post"}],"author":[{"embeddable":true,"href":"https:\/\/contextoanalisisperiodistico.com\/index.php\/wp-json\/wp\/v2\/users\/2"}],"replies":[{"embeddable":true,"href":"https:\/\/contextoanalisisperiodistico.com\/index.php\/wp-json\/wp\/v2\/comments?post=1823"}],"version-history":[{"count":0,"href":"https:\/\/contextoanalisisperiodistico.com\/index.php\/wp-json\/wp\/v2\/posts\/1823\/revisions"}],"wp:featuredmedia":[{"embeddable":true,"href":"https:\/\/contextoanalisisperiodistico.com\/index.php\/wp-json\/"}],"wp:attachment":[{"href":"https:\/\/contextoanalisisperiodistico.com\/index.php\/wp-json\/wp\/v2\/media?parent=1823"}],"wp:term":[{"taxonomy":"category","embeddable":true,"href":"https:\/\/contextoanalisisperiodistico.com\/index.php\/wp-json\/wp\/v2\/categories?post=1823"},{"taxonomy":"post_tag","embeddable":true,"href":"https:\/\/contextoanalisisperiodistico.com\/index.php\/wp-json\/wp\/v2\/tags?post=1823"}],"curies":[{"name":"wp","href":"https:\/\/api.w.org\/{rel}","templated":true}]}}