{"id":18218,"date":"2023-09-02T13:10:42","date_gmt":"2023-09-02T19:10:42","guid":{"rendered":"https:\/\/contextoanalisisperiodistico.com\/?p=18218"},"modified":"2023-09-02T13:11:23","modified_gmt":"2023-09-02T19:11:23","slug":"llega-la-transformacion-a-villa-diaz-ordaz-con-inversion-en-caminos-salud-alimentacion-cultura-y-mas","status":"publish","type":"post","link":"https:\/\/contextoanalisisperiodistico.com\/index.php\/2023\/09\/02\/llega-la-transformacion-a-villa-diaz-ordaz-con-inversion-en-caminos-salud-alimentacion-cultura-y-mas\/","title":{"rendered":"<em>Llega la transformaci\u00f3n a Villa D\u00edaz Ordaz con inversi\u00f3n en caminos, salud, alimentaci\u00f3n, cultura y m\u00e1s<\/em>"},"content":{"rendered":"<div id=\"fb-root\"><\/div>\n\n<p>\u2022 El Gobierno del Estado aplicar\u00e1 11 millones 640 mil pesos<\/p>\n\n\n\n<p><br>Villa D\u00edaz Ordaz, Oax., 2 de septiembre de 2023.- La estrategia Trabajo que Transforma tu Municipio lleg\u00f3 a esta localidad del valle de Tlacolula, el cual beneficiar\u00e1 a distintos sectores de su poblaci\u00f3n mediante acciones de mejoramiento de camino, educaci\u00f3n, salud, cultura entre otros con un presupuesto mayor a los 11 millones de pesos.<\/p>\n\n\n\n<p>Al arribar al municipio de Villa D\u00edaz Ordaz, el Gobernador de Oaxaca Salom\u00f3n Jara Cruz afirm\u00f3 que el combate a la corrupci\u00f3n y la austeridad implementada como parte de la sensibilidad de la administraci\u00f3n estatal, han permitido que el recurso del pueblo llegu\u00e9 de manera directa a las comunidades para saldar deudas hist\u00f3ricas que se tienen con la gente.<\/p>\n\n\n\n<p>\u201cNosotros conocemos la realidad de Oaxaca, qui\u00e9nes son sus habitantes y qu\u00e9 requieren para alcanzar el grado de desarrollo que les permita tener una vida digna. Antes, unos cuantos se repart\u00edan los recursos, viv\u00edan c\u00f3modamente, usaban los helic\u00f3pteros del gobierno para moverse sin conocer los caminos de la entidad; pero ahora no, ahora son usados para traslados m\u00e9dicos a\u00e9reos\u201d, enfatiz\u00f3 el titular de la Gubernatura.<\/p>\n\n\n\n<p>El campo en esta municipalidad ahora tiene un impulso como nunca antes se hab\u00eda dado, por ello las personas productoras son beneficiadas con la producci\u00f3n de ma\u00edz y hortalizas, con m\u00e1s de 400 mil pesos.<\/p>\n\n\n\n<p>El Sistema Estatal para el Desarrollo Integral de la Familia (DIF Oaxaca) beneficiar\u00e1 a grupos prioritarios con 442 mil pesos mediante programas alimentarios en diversos rubros que ayudar\u00e1n a mejorar la alimentaci\u00f3n a ni\u00f1os, ni\u00f1as, adolescentes y personas vulnerables.<\/p>\n\n\n\n<p>En un hecho hist\u00f3rico, las autoridades y habitantes del lugar conocieron que se invertir\u00e1n 3 millones de pesos para trabajos de rehabilitaci\u00f3n de la carretera de Tlacolula de Matamoros a Villa D\u00edaz Ordaz.<\/p>\n\n\n\n<p>En materia de interculturalidad, el Gobierno del Estado coordinar\u00e1 esfuerzos con la administraci\u00f3n municipal para que la Banda Filarm\u00f3nica de D\u00edaz Ordaz cuente con un maestro de m\u00fasica que les comparta y transmita conocimientos en esta manifestaci\u00f3n art\u00edstica.<\/p>\n\n\n\n<p>Esta poblaci\u00f3n ser\u00e1 beneficiada en su templo con acciones de reparaci\u00f3n y conservaci\u00f3n del patrimonio hist\u00f3rico y cultural del estado, por lo que recibir\u00e1 una inversi\u00f3n de 2 millones 691 mil pesos.<\/p>\n\n\n\n<p>J\u00f3venes bachilleres tendr\u00e1n la oportunidad de contar con espacios dignos para recibir su preparaci\u00f3n acad\u00e9mica, por lo que en infraestructura la administraci\u00f3n estatal realizar\u00e1 el equipamiento para el Telebachillerato comunitario con 50 mil 132 pesos.<\/p>\n\n\n\n<p>Una demanda hist\u00f3rica para este municipio es la salud, misma que ha sido escuchada por el Gobierno de Oaxaca, por ello se tendr\u00e1 una dispersi\u00f3n de 3 millones 678 mil pesos en especie para el Centro de Salud de la cabecera municipal y en medicamentos para las unidades m\u00e9dicas.<\/p>\n\n\n\n<p>Asimismo, se anunci\u00f3 a la poblaci\u00f3n que el gobierno municipal recibi\u00f3 un monto de 586 mil 401 pesos como parte del Fondo Compensatorio, cuya ejecuci\u00f3n es an\u00e1logo al Ramo 28 que recibe.<\/p>\n\n\n\n<p>En cuanto a seguridad p\u00fablica, esta localidad fue beneficiada con un est\u00edmulo fiscal superior a los 400 mil pesos para la certificaci\u00f3n de seis polic\u00edas municipales, un proceso que al concluir dar\u00e1 al municipio la posibilidad de recibir una patrulla para el reforzamiento de la seguridad y paz de la ciudadan\u00eda.<\/p>\n\n\n\n<p>Por \u00faltimo, el Gobernador Salom\u00f3n Jara anunci\u00f3 que a petici\u00f3n de la autoridad municipal se buscar\u00e1 ante las instancias correspondientes trabajar para cumplir con los requisitos que permitan contar con los estudios para el proyecto de un relleno sanitario para esta poblaci\u00f3n.<\/p>\n\n\n\n<figure class=\"wp-block-image size-large\"><img fetchpriority=\"high\" decoding=\"async\" width=\"1024\" height=\"682\" src=\"https:\/\/contextoanalisisperiodistico.com\/wp-content\/uploads\/2023\/09\/img-20230902-wa00224429810809496314624-1024x682.jpg\" alt=\"\" class=\"wp-image-18222\" srcset=\"https:\/\/contextoanalisisperiodistico.com\/wp-content\/uploads\/2023\/09\/img-20230902-wa00224429810809496314624-1024x682.jpg 1024w, https:\/\/contextoanalisisperiodistico.com\/wp-content\/uploads\/2023\/09\/img-20230902-wa00224429810809496314624-300x200.jpg 300w, https:\/\/contextoanalisisperiodistico.com\/wp-content\/uploads\/2023\/09\/img-20230902-wa00224429810809496314624-768x512.jpg 768w, https:\/\/contextoanalisisperiodistico.com\/wp-content\/uploads\/2023\/09\/img-20230902-wa00224429810809496314624-1536x1023.jpg 1536w, https:\/\/contextoanalisisperiodistico.com\/wp-content\/uploads\/2023\/09\/img-20230902-wa00224429810809496314624.jpg 1600w\" sizes=\"(max-width: 1024px) 100vw, 1024px\" \/><\/figure>\n\n\n\n<figure class=\"wp-block-image\"><img decoding=\"async\" width=\"1024\" height=\"656\" src=\"https:\/\/contextoanalisisperiodistico.com\/wp-content\/uploads\/2023\/09\/img-20230902-wa00273587688516441644698-1024x656.jpg\" alt=\"\" class=\"wp-image-18223\" srcset=\"https:\/\/contextoanalisisperiodistico.com\/wp-content\/uploads\/2023\/09\/img-20230902-wa00273587688516441644698-1024x656.jpg 1024w, https:\/\/contextoanalisisperiodistico.com\/wp-content\/uploads\/2023\/09\/img-20230902-wa00273587688516441644698-300x192.jpg 300w, https:\/\/contextoanalisisperiodistico.com\/wp-content\/uploads\/2023\/09\/img-20230902-wa00273587688516441644698-768x492.jpg 768w, https:\/\/contextoanalisisperiodistico.com\/wp-content\/uploads\/2023\/09\/img-20230902-wa00273587688516441644698-1115x715.jpg 1115w, https:\/\/contextoanalisisperiodistico.com\/wp-content\/uploads\/2023\/09\/img-20230902-wa00273587688516441644698.jpg 1435w\" sizes=\"(max-width: 1024px) 100vw, 1024px\" \/><\/figure>\n\n\n\n<figure class=\"wp-block-image\"><img decoding=\"async\" width=\"1024\" height=\"616\" src=\"https:\/\/contextoanalisisperiodistico.com\/wp-content\/uploads\/2023\/09\/img-20230902-wa00269032186023330716632-1024x616.jpg\" alt=\"\" class=\"wp-image-18220\" srcset=\"https:\/\/contextoanalisisperiodistico.com\/wp-content\/uploads\/2023\/09\/img-20230902-wa00269032186023330716632-1024x616.jpg 1024w, https:\/\/contextoanalisisperiodistico.com\/wp-content\/uploads\/2023\/09\/img-20230902-wa00269032186023330716632-300x181.jpg 300w, https:\/\/contextoanalisisperiodistico.com\/wp-content\/uploads\/2023\/09\/img-20230902-wa00269032186023330716632-768x462.jpg 768w, https:\/\/contextoanalisisperiodistico.com\/wp-content\/uploads\/2023\/09\/img-20230902-wa00269032186023330716632.jpg 1482w\" sizes=\"(max-width: 1024px) 100vw, 1024px\" \/><\/figure>\n\n\n\n<figure class=\"wp-block-image\"><img loading=\"lazy\" decoding=\"async\" width=\"1024\" height=\"774\" src=\"https:\/\/contextoanalisisperiodistico.com\/wp-content\/uploads\/2023\/09\/img-20230902-wa00251870402195423003568-1024x774.jpg\" alt=\"\" class=\"wp-image-18221\" srcset=\"https:\/\/contextoanalisisperiodistico.com\/wp-content\/uploads\/2023\/09\/img-20230902-wa00251870402195423003568-1024x774.jpg 1024w, https:\/\/contextoanalisisperiodistico.com\/wp-content\/uploads\/2023\/09\/img-20230902-wa00251870402195423003568-300x227.jpg 300w, https:\/\/contextoanalisisperiodistico.com\/wp-content\/uploads\/2023\/09\/img-20230902-wa00251870402195423003568-768x581.jpg 768w, https:\/\/contextoanalisisperiodistico.com\/wp-content\/uploads\/2023\/09\/img-20230902-wa00251870402195423003568.jpg 1197w\" sizes=\"(max-width: 1024px) 100vw, 1024px\" \/><\/figure>\n","protected":false},"excerpt":{"rendered":"<p>\u2022 El Gobierno del Estado aplicar\u00e1 11 millones 640 mil pesos Villa D\u00edaz Ordaz, Oax.,&#8230;<\/p>\n","protected":false},"author":4,"featured_media":18219,"comment_status":"closed","ping_status":"open","sticky":false,"template":"","format":"standard","meta":{"footnotes":""},"categories":[9],"tags":[],"jetpack_sharing_enabled":true,"featured_image_urls":{"full":["https:\/\/contextoanalisisperiodistico.com\/wp-content\/uploads\/2023\/09\/IMG-20230902-WA0023.jpg",1366,951,false],"thumbnail":["https:\/\/contextoanalisisperiodistico.com\/wp-content\/uploads\/2023\/09\/IMG-20230902-WA0023-150x150.jpg",150,150,true],"medium":["https:\/\/contextoanalisisperiodistico.com\/wp-content\/uploads\/2023\/09\/IMG-20230902-WA0023-300x209.jpg",300,209,true],"medium_large":["https:\/\/contextoanalisisperiodistico.com\/wp-content\/uploads\/2023\/09\/IMG-20230902-WA0023-768x535.jpg",640,446,true],"large":["https:\/\/contextoanalisisperiodistico.com\/wp-content\/uploads\/2023\/09\/IMG-20230902-WA0023-1024x713.jpg",640,446,true],"1536x1536":["https:\/\/contextoanalisisperiodistico.com\/wp-content\/uploads\/2023\/09\/IMG-20230902-WA0023.jpg",1366,951,false],"2048x2048":["https:\/\/contextoanalisisperiodistico.com\/wp-content\/uploads\/2023\/09\/IMG-20230902-WA0023.jpg",1366,951,false],"covernews-slider-full":["https:\/\/contextoanalisisperiodistico.com\/wp-content\/uploads\/2023\/09\/IMG-20230902-WA0023-1115x715.jpg",1115,715,true],"covernews-slider-center":["https:\/\/contextoanalisisperiodistico.com\/wp-content\/uploads\/2023\/09\/IMG-20230902-WA0023-800x500.jpg",800,500,true],"covernews-featured":["https:\/\/contextoanalisisperiodistico.com\/wp-content\/uploads\/2023\/09\/IMG-20230902-WA0023-1024x713.jpg",1024,713,true],"covernews-medium":["https:\/\/contextoanalisisperiodistico.com\/wp-content\/uploads\/2023\/09\/IMG-20230902-WA0023-540x340.jpg",540,340,true],"covernews-medium-square":["https:\/\/contextoanalisisperiodistico.com\/wp-content\/uploads\/2023\/09\/IMG-20230902-WA0023-400x250.jpg",400,250,true]},"author_info":{"display_name":"Mario Gir\u00f3n","author_link":"https:\/\/contextoanalisisperiodistico.com\/index.php\/author\/director\/"},"category_info":"<a href=\"https:\/\/contextoanalisisperiodistico.com\/index.php\/category\/politica\/\" rel=\"category tag\">Pol\u00edtica<\/a>","tag_info":"Pol\u00edtica","comment_count":"0","jetpack_featured_media_url":"https:\/\/contextoanalisisperiodistico.com\/wp-content\/uploads\/2023\/09\/IMG-20230902-WA0023.jpg","_links":{"self":[{"href":"https:\/\/contextoanalisisperiodistico.com\/index.php\/wp-json\/wp\/v2\/posts\/18218"}],"collection":[{"href":"https:\/\/contextoanalisisperiodistico.com\/index.php\/wp-json\/wp\/v2\/posts"}],"about":[{"href":"https:\/\/contextoanalisisperiodistico.com\/index.php\/wp-json\/wp\/v2\/types\/post"}],"author":[{"embeddable":true,"href":"https:\/\/contextoanalisisperiodistico.com\/index.php\/wp-json\/wp\/v2\/users\/4"}],"replies":[{"embeddable":true,"href":"https:\/\/contextoanalisisperiodistico.com\/index.php\/wp-json\/wp\/v2\/comments?post=18218"}],"version-history":[{"count":1,"href":"https:\/\/contextoanalisisperiodistico.com\/index.php\/wp-json\/wp\/v2\/posts\/18218\/revisions"}],"predecessor-version":[{"id":18224,"href":"https:\/\/contextoanalisisperiodistico.com\/index.php\/wp-json\/wp\/v2\/posts\/18218\/revisions\/18224"}],"wp:featuredmedia":[{"embeddable":true,"href":"https:\/\/contextoanalisisperiodistico.com\/index.php\/wp-json\/wp\/v2\/media\/18219"}],"wp:attachment":[{"href":"https:\/\/contextoanalisisperiodistico.com\/index.php\/wp-json\/wp\/v2\/media?parent=18218"}],"wp:term":[{"taxonomy":"category","embeddable":true,"href":"https:\/\/contextoanalisisperiodistico.com\/index.php\/wp-json\/wp\/v2\/categories?post=18218"},{"taxonomy":"post_tag","embeddable":true,"href":"https:\/\/contextoanalisisperiodistico.com\/index.php\/wp-json\/wp\/v2\/tags?post=18218"}],"curies":[{"name":"wp","href":"https:\/\/api.w.org\/{rel}","templated":true}]}}