{"id":18198,"date":"2023-09-01T18:25:51","date_gmt":"2023-09-02T00:25:51","guid":{"rendered":"https:\/\/contextoanalisisperiodistico.com\/?p=18198"},"modified":"2023-09-01T18:26:21","modified_gmt":"2023-09-02T00:26:21","slug":"septiembre-mes-de-la-concientizacion-del-cancer-infantil","status":"publish","type":"post","link":"https:\/\/contextoanalisisperiodistico.com\/index.php\/2023\/09\/01\/septiembre-mes-de-la-concientizacion-del-cancer-infantil\/","title":{"rendered":"Septiembre, mes de la concientizaci\u00f3n del c\u00e1ncer infantil"},"content":{"rendered":"<div id=\"fb-root\"><\/div>\n\n<p>\u2022 En Oaxaca cada a\u00f1o se registran en promedio 100 casos de c\u00e1ncer en menores<\/p>\n\n\n\n<p><br>\u2022 Llama SSO a estar pendientes de los signos de alarma que pueden observar en las y los menores de edad, para una detecci\u00f3n oportuna de neoplasias malignas<\/p>\n\n\n\n<figure class=\"wp-block-image size-large\"><img fetchpriority=\"high\" decoding=\"async\" width=\"1024\" height=\"747\" src=\"https:\/\/contextoanalisisperiodistico.com\/wp-content\/uploads\/2023\/09\/img-20230901-wa0093878465812909600322-1024x747.jpg\" alt=\"\" class=\"wp-image-18202\" srcset=\"https:\/\/contextoanalisisperiodistico.com\/wp-content\/uploads\/2023\/09\/img-20230901-wa0093878465812909600322-1024x747.jpg 1024w, https:\/\/contextoanalisisperiodistico.com\/wp-content\/uploads\/2023\/09\/img-20230901-wa0093878465812909600322-300x219.jpg 300w, https:\/\/contextoanalisisperiodistico.com\/wp-content\/uploads\/2023\/09\/img-20230901-wa0093878465812909600322-768x560.jpg 768w, https:\/\/contextoanalisisperiodistico.com\/wp-content\/uploads\/2023\/09\/img-20230901-wa0093878465812909600322.jpg 1480w\" sizes=\"(max-width: 1024px) 100vw, 1024px\" \/><\/figure>\n\n\n\n<figure class=\"wp-block-image\"><img decoding=\"async\" width=\"300\" height=\"169\" src=\"https:\/\/contextoanalisisperiodistico.com\/wp-content\/uploads\/2023\/09\/img-20230901-wa0095218384029825955632-300x169.jpg\" alt=\"\" class=\"wp-image-18201\" srcset=\"https:\/\/contextoanalisisperiodistico.com\/wp-content\/uploads\/2023\/09\/img-20230901-wa0095218384029825955632-300x169.jpg 300w, https:\/\/contextoanalisisperiodistico.com\/wp-content\/uploads\/2023\/09\/img-20230901-wa0095218384029825955632-768x432.jpg 768w, https:\/\/contextoanalisisperiodistico.com\/wp-content\/uploads\/2023\/09\/img-20230901-wa0095218384029825955632.jpg 1024w\" sizes=\"(max-width: 300px) 100vw, 300px\" \/><\/figure>\n\n\n\n<figure class=\"wp-block-image\"><img decoding=\"async\" width=\"300\" height=\"169\" src=\"https:\/\/contextoanalisisperiodistico.com\/wp-content\/uploads\/2023\/09\/img-20230901-wa00972348546915041938058-300x169.jpg\" alt=\"\" class=\"wp-image-18200\" srcset=\"https:\/\/contextoanalisisperiodistico.com\/wp-content\/uploads\/2023\/09\/img-20230901-wa00972348546915041938058-300x169.jpg 300w, https:\/\/contextoanalisisperiodistico.com\/wp-content\/uploads\/2023\/09\/img-20230901-wa00972348546915041938058-768x432.jpg 768w, https:\/\/contextoanalisisperiodistico.com\/wp-content\/uploads\/2023\/09\/img-20230901-wa00972348546915041938058.jpg 1024w\" sizes=\"(max-width: 300px) 100vw, 300px\" \/><\/figure>\n\n\n\n<p>Oaxaca de Ju\u00e1rez, Oax. 1 de septiembre de 2023.- En el marco de Septiembre, Mes de la Concientizaci\u00f3n del C\u00e1ncer Infantil, los Servicios de Salud de Oaxaca (SSO) llaman a padres y madres de familia, tutores, as\u00ed como personal educativo a conocer los signos y s\u00edntomas de neoplasia m\u00e1s frecuentes en menores de edad, para que puedan identificar cualquier caso sospechoso y poder tomar decisiones asertivas que permitan su detecci\u00f3n y la atenci\u00f3n oportuna.<\/p>\n\n\n\n<p>La secretaria de Salud, Alma Lilia Velasco Hern\u00e1ndez, dio a conocer que en el territorio oaxaque\u00f1o al a\u00f1o se detectan en promedio 100 casos nuevos de carcinomas malignos en ni\u00f1as y ni\u00f1os, cifra que coloca a la entidad en el cuarto lugar a nivel nacional.<\/p>\n\n\n\n<p>Destac\u00f3 que las evaluaciones m\u00e9dicas oportunas son la herramienta m\u00e1s importante para reducir la morbilidad y mortalidad por esta causa, \u201caumentar la supervivencia, y mejorar la calidad de vida de estos pacientes al permitir remisiones que van desde el 30 hasta el 90 por ciento de los casos, seg\u00fan el tipo de tumor\u201d, dijo.<\/p>\n\n\n\n<p>Por lo que siete de cada 10 pacientes con c\u00e1ncer sobreviven si se les diagnostica en forma temprana y se les ofrece un tratamiento integral; y es que en menores de 18 a\u00f1os, la leucemia es la enfermedad m\u00e1s frecuente, la cual representa aproximadamente el 50 por ciento de todos los casos diagnosticados en este grupo de edad.<\/p>\n\n\n\n<p>En este sentido, reiter\u00f3 la importancia de estar pendientes de signos como: cansancio, falta de apetito, dolor de cabeza o hueso de manera persistente, as\u00ed como v\u00f3mitos (especialmente en las ma\u00f1anas o que empeoran con los d\u00edas).<\/p>\n\n\n\n<p>Estar alertas ante la presencia de una mancha blanca en el ojo, estrabismo de nueva aparici\u00f3n, p\u00e9rdida visual, hematomas o hinchaz\u00f3n alrededor de los ojos, palidez, moretones o sangrado, mareos, p\u00e9rdida del equilibrio o de coordinaci\u00f3n; bultos o hinchaz\u00f3n, especialmente en el cuello, axilas, ingle, o zona abdominal, p\u00e9rdida de peso inexplicable o fiebre.<\/p>\n\n\n\n<p>Ante ello exhort\u00f3 a las madres y padres de familia para que acudan al centro de salud al detectar alg\u00fan signo, en caso de que el personal m\u00e9dico tenga sospecha de esta patolog\u00eda, el o la paciente ser\u00e1 referida al Hospital de la Ni\u00f1ez Oaxaque\u00f1a Doctor Guillermo Z\u00e1rate Mijangos, que es el centro especializado para la atenci\u00f3n de C\u00e1ncer Infantil en la entidad, para su estudio y tratamiento correspondiente.<\/p>\n\n\n\n<p>La referida unidad m\u00e9dica cuenta con la acreditaci\u00f3n en la atenci\u00f3n integral y gratuita en m\u00e1s de 22 tipos de carcinoma, entre los que se destacan: del Sistema nervioso central, Astrocitoma, Ependimoma, Meduloblastoma, Neuroblastoma, Tumor de Wilms, Enfermedad de o linfoma de Hodgkin, Retinoblastoma, Leucemia linfobl\u00e1stica Aguda, Cr\u00f3nica, S\u00edndrome mielodispl\u00e1sico, por mencionar algunos.<\/p>\n\n\n\n<p><\/p>\n","protected":false},"excerpt":{"rendered":"<p>\u2022 En Oaxaca cada a\u00f1o se registran en promedio 100 casos de c\u00e1ncer en menores&#8230;<\/p>\n","protected":false},"author":4,"featured_media":18199,"comment_status":"closed","ping_status":"open","sticky":false,"template":"","format":"standard","meta":{"footnotes":""},"categories":[92],"tags":[],"jetpack_sharing_enabled":true,"featured_image_urls":{"full":["https:\/\/contextoanalisisperiodistico.com\/wp-content\/uploads\/2023\/09\/IMG-20230901-WA0094.jpg",1024,576,false],"thumbnail":["https:\/\/contextoanalisisperiodistico.com\/wp-content\/uploads\/2023\/09\/IMG-20230901-WA0094-150x150.jpg",150,150,true],"medium":["https:\/\/contextoanalisisperiodistico.com\/wp-content\/uploads\/2023\/09\/IMG-20230901-WA0094-300x169.jpg",300,169,true],"medium_large":["https:\/\/contextoanalisisperiodistico.com\/wp-content\/uploads\/2023\/09\/IMG-20230901-WA0094-768x432.jpg",640,360,true],"large":["https:\/\/contextoanalisisperiodistico.com\/wp-content\/uploads\/2023\/09\/IMG-20230901-WA0094.jpg",640,360,false],"1536x1536":["https:\/\/contextoanalisisperiodistico.com\/wp-content\/uploads\/2023\/09\/IMG-20230901-WA0094.jpg",1024,576,false],"2048x2048":["https:\/\/contextoanalisisperiodistico.com\/wp-content\/uploads\/2023\/09\/IMG-20230901-WA0094.jpg",1024,576,false],"covernews-slider-full":["https:\/\/contextoanalisisperiodistico.com\/wp-content\/uploads\/2023\/09\/IMG-20230901-WA0094.jpg",1024,576,false],"covernews-slider-center":["https:\/\/contextoanalisisperiodistico.com\/wp-content\/uploads\/2023\/09\/IMG-20230901-WA0094-800x500.jpg",800,500,true],"covernews-featured":["https:\/\/contextoanalisisperiodistico.com\/wp-content\/uploads\/2023\/09\/IMG-20230901-WA0094.jpg",1024,576,false],"covernews-medium":["https:\/\/contextoanalisisperiodistico.com\/wp-content\/uploads\/2023\/09\/IMG-20230901-WA0094-540x340.jpg",540,340,true],"covernews-medium-square":["https:\/\/contextoanalisisperiodistico.com\/wp-content\/uploads\/2023\/09\/IMG-20230901-WA0094-400x250.jpg",400,250,true]},"author_info":{"display_name":"Mario Gir\u00f3n","author_link":"https:\/\/contextoanalisisperiodistico.com\/index.php\/author\/director\/"},"category_info":"<a href=\"https:\/\/contextoanalisisperiodistico.com\/index.php\/category\/salud\/\" rel=\"category tag\">Salud<\/a>","tag_info":"Salud","comment_count":"0","jetpack_featured_media_url":"https:\/\/contextoanalisisperiodistico.com\/wp-content\/uploads\/2023\/09\/IMG-20230901-WA0094.jpg","_links":{"self":[{"href":"https:\/\/contextoanalisisperiodistico.com\/index.php\/wp-json\/wp\/v2\/posts\/18198"}],"collection":[{"href":"https:\/\/contextoanalisisperiodistico.com\/index.php\/wp-json\/wp\/v2\/posts"}],"about":[{"href":"https:\/\/contextoanalisisperiodistico.com\/index.php\/wp-json\/wp\/v2\/types\/post"}],"author":[{"embeddable":true,"href":"https:\/\/contextoanalisisperiodistico.com\/index.php\/wp-json\/wp\/v2\/users\/4"}],"replies":[{"embeddable":true,"href":"https:\/\/contextoanalisisperiodistico.com\/index.php\/wp-json\/wp\/v2\/comments?post=18198"}],"version-history":[{"count":1,"href":"https:\/\/contextoanalisisperiodistico.com\/index.php\/wp-json\/wp\/v2\/posts\/18198\/revisions"}],"predecessor-version":[{"id":18203,"href":"https:\/\/contextoanalisisperiodistico.com\/index.php\/wp-json\/wp\/v2\/posts\/18198\/revisions\/18203"}],"wp:featuredmedia":[{"embeddable":true,"href":"https:\/\/contextoanalisisperiodistico.com\/index.php\/wp-json\/wp\/v2\/media\/18199"}],"wp:attachment":[{"href":"https:\/\/contextoanalisisperiodistico.com\/index.php\/wp-json\/wp\/v2\/media?parent=18198"}],"wp:term":[{"taxonomy":"category","embeddable":true,"href":"https:\/\/contextoanalisisperiodistico.com\/index.php\/wp-json\/wp\/v2\/categories?post=18198"},{"taxonomy":"post_tag","embeddable":true,"href":"https:\/\/contextoanalisisperiodistico.com\/index.php\/wp-json\/wp\/v2\/tags?post=18198"}],"curies":[{"name":"wp","href":"https:\/\/api.w.org\/{rel}","templated":true}]}}