{"id":18120,"date":"2023-08-31T10:35:14","date_gmt":"2023-08-31T16:35:14","guid":{"rendered":"https:\/\/contextoanalisisperiodistico.com\/?p=18120"},"modified":"2023-08-31T10:35:42","modified_gmt":"2023-08-31T16:35:42","slug":"fuerza-por-mexico-oaxaca-muestra-fortaleza-en-oaxaca","status":"publish","type":"post","link":"https:\/\/contextoanalisisperiodistico.com\/index.php\/2023\/08\/31\/fuerza-por-mexico-oaxaca-muestra-fortaleza-en-oaxaca\/","title":{"rendered":"Fuerza por M\u00e9xico Oaxaca muestra fortaleza en Oaxaca"},"content":{"rendered":"<div id=\"fb-root\"><\/div>\n\n<p>*Designan a nueva dirigencia para hacer frente a los comicios del 2024<\/p>\n\n\n\n\n\n<p>\u201cEstoy muy contenta de la participaci\u00f3n que hoy las mujeres tienen en la vida pol\u00edtica de nuestro estado, pero sobre todo en nuestro partido\u201d, manifest\u00f3 Salom\u00e9 Mart\u00ednez Salazar luego de la toma de protesta como presidenta del Comit\u00e9 Directivo Estatal de Fuerza por M\u00e9xico Oaxaca (FXMO).<\/p>\n\n\n\n<p>En un ambiente de optimismo y entusiasmo, las nuevas y los nuevos integrantes del Comit\u00e9 Estatal, refrendaron el compromiso con la militancia y la ciudadan\u00eda para mantener el proceso de transformaci\u00f3n que vive Oaxaca.<\/p>\n\n\n\n<p>Mart\u00ednez Salazar resalt\u00f3 la fortaleza que le brinda al instituto pol\u00edtico estatal sumar cuadros j\u00f3venes y de experiencia, quienes sin duda fortalecer\u00e1n el partido pol\u00edtico que enfrentar\u00e1 los comicios del 2024.<\/p>\n\n\n\n<p>En el actual CDE son cinco mujeres de los siete cargos partidarios del proyecto rosa, haciendo posible una de las m\u00e1ximas de este movimiento; la apertura de puertas para las oaxaque\u00f1as en la vida pol\u00edtica de nuestro estado.<\/p>\n\n\n\n<p>La nueva dirigencia har\u00e1 frente a la pr\u00f3xima jornada electoral que est\u00e1 a punto de comenzar, y en la cual, buscar\u00e1 seguir fortaleciendo el proyecto partidario que Salom\u00e9 Mart\u00ednez encabeza como un movimiento en donde caben todos.<\/p>\n\n\n\n<p>La dirigencia estatal<\/p>\n\n\n\n<ul>\n<li>Salom\u00e9 Mart\u00ednez. Presidenta.<\/li>\n\n\n\n<li>Mariela Ram\u00edrez. Secretaria General.<\/li>\n\n\n\n<li>Shantal Bello. Secretaria de Organizaci\u00f3n.<\/li>\n\n\n\n<li>Jos\u00e9 Luis Pantoja. Secretario de Elecciones.<\/li>\n\n\n\n<li>Emiliano Reyes. Secretario de Administraci\u00f3n.<\/li>\n\n\n\n<li>Sara Canseco. Secretaria de la Mujer, Juventud y Vinculaci\u00f3n.<\/li>\n\n\n\n<li>Ana Cervantes. Secretaria de Asuntos Jur\u00eddicos.<\/li>\n<\/ul>\n","protected":false},"excerpt":{"rendered":"<p>*Designan a nueva dirigencia para hacer frente a los comicios del 2024 \u201cEstoy muy contenta&#8230;<\/p>\n","protected":false},"author":4,"featured_media":18121,"comment_status":"closed","ping_status":"open","sticky":false,"template":"","format":"standard","meta":{"footnotes":""},"categories":[9],"tags":[],"jetpack_sharing_enabled":true,"featured_image_urls":{"full":["https:\/\/contextoanalisisperiodistico.com\/wp-content\/uploads\/2023\/08\/IMG-20230831-WA0033.jpg",1024,683,false],"thumbnail":["https:\/\/contextoanalisisperiodistico.com\/wp-content\/uploads\/2023\/08\/IMG-20230831-WA0033-150x150.jpg",150,150,true],"medium":["https:\/\/contextoanalisisperiodistico.com\/wp-content\/uploads\/2023\/08\/IMG-20230831-WA0033-300x200.jpg",300,200,true],"medium_large":["https:\/\/contextoanalisisperiodistico.com\/wp-content\/uploads\/2023\/08\/IMG-20230831-WA0033-768x512.jpg",640,427,true],"large":["https:\/\/contextoanalisisperiodistico.com\/wp-content\/uploads\/2023\/08\/IMG-20230831-WA0033.jpg",640,427,false],"1536x1536":["https:\/\/contextoanalisisperiodistico.com\/wp-content\/uploads\/2023\/08\/IMG-20230831-WA0033.jpg",1024,683,false],"2048x2048":["https:\/\/contextoanalisisperiodistico.com\/wp-content\/uploads\/2023\/08\/IMG-20230831-WA0033.jpg",1024,683,false],"covernews-slider-full":["https:\/\/contextoanalisisperiodistico.com\/wp-content\/uploads\/2023\/08\/IMG-20230831-WA0033.jpg",1024,683,false],"covernews-slider-center":["https:\/\/contextoanalisisperiodistico.com\/wp-content\/uploads\/2023\/08\/IMG-20230831-WA0033-800x500.jpg",800,500,true],"covernews-featured":["https:\/\/contextoanalisisperiodistico.com\/wp-content\/uploads\/2023\/08\/IMG-20230831-WA0033.jpg",1024,683,false],"covernews-medium":["https:\/\/contextoanalisisperiodistico.com\/wp-content\/uploads\/2023\/08\/IMG-20230831-WA0033-540x340.jpg",540,340,true],"covernews-medium-square":["https:\/\/contextoanalisisperiodistico.com\/wp-content\/uploads\/2023\/08\/IMG-20230831-WA0033-400x250.jpg",400,250,true]},"author_info":{"display_name":"Mario Gir\u00f3n","author_link":"https:\/\/contextoanalisisperiodistico.com\/index.php\/author\/director\/"},"category_info":"<a href=\"https:\/\/contextoanalisisperiodistico.com\/index.php\/category\/politica\/\" rel=\"category tag\">Pol\u00edtica<\/a>","tag_info":"Pol\u00edtica","comment_count":"0","jetpack_featured_media_url":"https:\/\/contextoanalisisperiodistico.com\/wp-content\/uploads\/2023\/08\/IMG-20230831-WA0033.jpg","_links":{"self":[{"href":"https:\/\/contextoanalisisperiodistico.com\/index.php\/wp-json\/wp\/v2\/posts\/18120"}],"collection":[{"href":"https:\/\/contextoanalisisperiodistico.com\/index.php\/wp-json\/wp\/v2\/posts"}],"about":[{"href":"https:\/\/contextoanalisisperiodistico.com\/index.php\/wp-json\/wp\/v2\/types\/post"}],"author":[{"embeddable":true,"href":"https:\/\/contextoanalisisperiodistico.com\/index.php\/wp-json\/wp\/v2\/users\/4"}],"replies":[{"embeddable":true,"href":"https:\/\/contextoanalisisperiodistico.com\/index.php\/wp-json\/wp\/v2\/comments?post=18120"}],"version-history":[{"count":1,"href":"https:\/\/contextoanalisisperiodistico.com\/index.php\/wp-json\/wp\/v2\/posts\/18120\/revisions"}],"predecessor-version":[{"id":18122,"href":"https:\/\/contextoanalisisperiodistico.com\/index.php\/wp-json\/wp\/v2\/posts\/18120\/revisions\/18122"}],"wp:featuredmedia":[{"embeddable":true,"href":"https:\/\/contextoanalisisperiodistico.com\/index.php\/wp-json\/wp\/v2\/media\/18121"}],"wp:attachment":[{"href":"https:\/\/contextoanalisisperiodistico.com\/index.php\/wp-json\/wp\/v2\/media?parent=18120"}],"wp:term":[{"taxonomy":"category","embeddable":true,"href":"https:\/\/contextoanalisisperiodistico.com\/index.php\/wp-json\/wp\/v2\/categories?post=18120"},{"taxonomy":"post_tag","embeddable":true,"href":"https:\/\/contextoanalisisperiodistico.com\/index.php\/wp-json\/wp\/v2\/tags?post=18120"}],"curies":[{"name":"wp","href":"https:\/\/api.w.org\/{rel}","templated":true}]}}