{"id":18117,"date":"2023-08-31T09:34:59","date_gmt":"2023-08-31T15:34:59","guid":{"rendered":"https:\/\/contextoanalisisperiodistico.com\/?p=18117"},"modified":"2023-08-31T09:35:40","modified_gmt":"2023-08-31T15:35:40","slug":"con-exposicion-pictorica-mostrara-casa-de-la-cultura-oaxaquena-esencia-de-la-villa-de-zaachila","status":"publish","type":"post","link":"https:\/\/contextoanalisisperiodistico.com\/index.php\/2023\/08\/31\/con-exposicion-pictorica-mostrara-casa-de-la-cultura-oaxaquena-esencia-de-la-villa-de-zaachila\/","title":{"rendered":"Con exposici\u00f3n pict\u00f3rica, mostrar\u00e1 Casa de la Cultura Oaxaque\u00f1a esencia de la Villa de Zaachila"},"content":{"rendered":"<div id=\"fb-root\"><\/div>\n\n<p>\u2022 El pr\u00f3ximo 4 de septiembre en la galer\u00eda Atanacio Garc\u00eda Tapia se expondr\u00e1 el trabajo de 12 artistas oaxaque\u00f1os<\/p>\n\n\n\n<p><br>Oaxaca de Ju\u00e1rez, Oax. 31 de agosto de 2023.- La Casa de la Cultura Oaxaque\u00f1a (CCO) inaugurar\u00e1 el pr\u00f3ximo 4 de septiembre a las 18:00 horas, la exposici\u00f3n pict\u00f3rica Conversaciones a trav\u00e9s del tiempo, a cargo de una comunidad art\u00edstica conformada por 12 personas, y que tendr\u00e1 lugar en la galer\u00eda Atanacio Garc\u00eda Tapia.<\/p>\n\n\n\n<p>La directora de la CCO, Sara Orozco Mart\u00ednez, se\u00f1al\u00f3 que esta exhibici\u00f3n se realiza en coordinaci\u00f3n con el Ayuntamiento de la Villa de Zaachila a trav\u00e9s de la Regidur\u00eda de Educaci\u00f3n y la Direcci\u00f3n de Educaci\u00f3n, Cultura y Deportes del citado municipio.<\/p>\n\n\n\n<p>\u201cConversaciones a trav\u00e9s del tiempo\u201d refleja la esencia de la Villa de Zaachila mediante el trabajo de Gretel Torres Cabrera, Marley Gabriel Rojas, Milagro de los \u00c1ngeles Arriaga, Isidro Diego Aguilar, Jorge Iv\u00e1n Mart\u00ednez Vargas, C\u00e9sar L\u00f3pez Aguilar, Nicko Foster, Mois\u00e9s Cerero Arellano, Roberto Navarro Laredo, Fernando Ju\u00e1rez, Andr\u00e9s Sulik Garc\u00eda y Uziel Cuevas Mac\u00e9s.<\/p>\n\n\n\n<p>Sara Orozco a\u00f1adi\u00f3 que esta muestra pict\u00f3rica se compondr\u00e1 de varias obras de artistas pl\u00e1sticos, quienes adem\u00e1s presentar\u00e1n su nuevo material, el cual incluye pinturas, grabados y esculturas que se inspiran en el amor, la cultura y tradiciones de Oaxaca, pero en especial de su comunidad de origen, Zaachila.<\/p>\n\n\n\n<p>Esta exposici\u00f3n se suma a las seis m\u00e1s que ha realizado la CCO, en las que destacan Tierra y Patrimonio del artista pl\u00e1stico Luis Mijangos y la de Sof\u00eda Carolina Mart\u00ednez, en la galer\u00eda Rufino Tamayo.<\/p>\n\n\n\n<p>La dependencia cultural invita a la comunidad art\u00edstica interesada en mostrar su trabajo, a enviar una solicitud de espacio dirigida a la directora de la CCO Sara Orozco Mart\u00ednez al correo electr\u00f3nico casaculturaoaxaquena@gmail.com o presentarla en las instalaciones ubicadas en calle Jes\u00fas Gonz\u00e1lez Ortega n\u00famero 403, en el Centro Hist\u00f3rico de Oaxaca de Ju\u00e1rez.<\/p>\n\n\n\n<p><\/p>\n","protected":false},"excerpt":{"rendered":"<p>\u2022 El pr\u00f3ximo 4 de septiembre en la galer\u00eda Atanacio Garc\u00eda Tapia se expondr\u00e1 el&#8230;<\/p>\n","protected":false},"author":4,"featured_media":18118,"comment_status":"closed","ping_status":"open","sticky":false,"template":"","format":"standard","meta":{"footnotes":""},"categories":[9],"tags":[],"jetpack_sharing_enabled":true,"featured_image_urls":{"full":["https:\/\/contextoanalisisperiodistico.com\/wp-content\/uploads\/2023\/08\/IMG-20230831-WA0021.jpg",526,875,false],"thumbnail":["https:\/\/contextoanalisisperiodistico.com\/wp-content\/uploads\/2023\/08\/IMG-20230831-WA0021-150x150.jpg",150,150,true],"medium":["https:\/\/contextoanalisisperiodistico.com\/wp-content\/uploads\/2023\/08\/IMG-20230831-WA0021-180x300.jpg",180,300,true],"medium_large":["https:\/\/contextoanalisisperiodistico.com\/wp-content\/uploads\/2023\/08\/IMG-20230831-WA0021.jpg",526,875,false],"large":["https:\/\/contextoanalisisperiodistico.com\/wp-content\/uploads\/2023\/08\/IMG-20230831-WA0021.jpg",526,875,false],"1536x1536":["https:\/\/contextoanalisisperiodistico.com\/wp-content\/uploads\/2023\/08\/IMG-20230831-WA0021.jpg",526,875,false],"2048x2048":["https:\/\/contextoanalisisperiodistico.com\/wp-content\/uploads\/2023\/08\/IMG-20230831-WA0021.jpg",526,875,false],"covernews-slider-full":["https:\/\/contextoanalisisperiodistico.com\/wp-content\/uploads\/2023\/08\/IMG-20230831-WA0021-526x715.jpg",526,715,true],"covernews-slider-center":["https:\/\/contextoanalisisperiodistico.com\/wp-content\/uploads\/2023\/08\/IMG-20230831-WA0021-526x500.jpg",526,500,true],"covernews-featured":["https:\/\/contextoanalisisperiodistico.com\/wp-content\/uploads\/2023\/08\/IMG-20230831-WA0021.jpg",526,875,false],"covernews-medium":["https:\/\/contextoanalisisperiodistico.com\/wp-content\/uploads\/2023\/08\/IMG-20230831-WA0021-526x340.jpg",526,340,true],"covernews-medium-square":["https:\/\/contextoanalisisperiodistico.com\/wp-content\/uploads\/2023\/08\/IMG-20230831-WA0021-400x250.jpg",400,250,true]},"author_info":{"display_name":"Mario Gir\u00f3n","author_link":"https:\/\/contextoanalisisperiodistico.com\/index.php\/author\/director\/"},"category_info":"<a href=\"https:\/\/contextoanalisisperiodistico.com\/index.php\/category\/politica\/\" rel=\"category tag\">Pol\u00edtica<\/a>","tag_info":"Pol\u00edtica","comment_count":"0","jetpack_featured_media_url":"https:\/\/contextoanalisisperiodistico.com\/wp-content\/uploads\/2023\/08\/IMG-20230831-WA0021.jpg","_links":{"self":[{"href":"https:\/\/contextoanalisisperiodistico.com\/index.php\/wp-json\/wp\/v2\/posts\/18117"}],"collection":[{"href":"https:\/\/contextoanalisisperiodistico.com\/index.php\/wp-json\/wp\/v2\/posts"}],"about":[{"href":"https:\/\/contextoanalisisperiodistico.com\/index.php\/wp-json\/wp\/v2\/types\/post"}],"author":[{"embeddable":true,"href":"https:\/\/contextoanalisisperiodistico.com\/index.php\/wp-json\/wp\/v2\/users\/4"}],"replies":[{"embeddable":true,"href":"https:\/\/contextoanalisisperiodistico.com\/index.php\/wp-json\/wp\/v2\/comments?post=18117"}],"version-history":[{"count":1,"href":"https:\/\/contextoanalisisperiodistico.com\/index.php\/wp-json\/wp\/v2\/posts\/18117\/revisions"}],"predecessor-version":[{"id":18119,"href":"https:\/\/contextoanalisisperiodistico.com\/index.php\/wp-json\/wp\/v2\/posts\/18117\/revisions\/18119"}],"wp:featuredmedia":[{"embeddable":true,"href":"https:\/\/contextoanalisisperiodistico.com\/index.php\/wp-json\/wp\/v2\/media\/18118"}],"wp:attachment":[{"href":"https:\/\/contextoanalisisperiodistico.com\/index.php\/wp-json\/wp\/v2\/media?parent=18117"}],"wp:term":[{"taxonomy":"category","embeddable":true,"href":"https:\/\/contextoanalisisperiodistico.com\/index.php\/wp-json\/wp\/v2\/categories?post=18117"},{"taxonomy":"post_tag","embeddable":true,"href":"https:\/\/contextoanalisisperiodistico.com\/index.php\/wp-json\/wp\/v2\/tags?post=18117"}],"curies":[{"name":"wp","href":"https:\/\/api.w.org\/{rel}","templated":true}]}}