{"id":18113,"date":"2023-08-30T20:56:34","date_gmt":"2023-08-31T02:56:34","guid":{"rendered":"https:\/\/contextoanalisisperiodistico.com\/?p=18113"},"modified":"2023-08-30T20:57:20","modified_gmt":"2023-08-31T02:57:20","slug":"garantiza-ieepo-pago-a-607-personas-normalistas-egresadas-que-se-encontraban-bajo-contrato-temporal-2","status":"publish","type":"post","link":"https:\/\/contextoanalisisperiodistico.com\/index.php\/2023\/08\/30\/garantiza-ieepo-pago-a-607-personas-normalistas-egresadas-que-se-encontraban-bajo-contrato-temporal-2\/","title":{"rendered":"Garantiza IEEPO pago a 607 personas normalistas egresadas que se encontraban bajo contrato temporal"},"content":{"rendered":"<div id=\"fb-root\"><\/div>\n\n<p>\u2022 Ser\u00e1n basificadas como resultado del trabajo conjunto entre el Gobierno del Estado, la SEP y la dirigencia magisterial<\/p>\n\n\n\n<p>Oaxaca de Ju\u00e1rez, Oax., 30 de agosto de 2023.- Las y los 607 egresados normalistas que fueron contratados temporalmente el pasado ciclo escolar, recibir\u00e1n el pago puntual de sus salarios en la quincena 17 de 2023, con retroactivo a la quincena 16, debido a ajustes de car\u00e1cter administrativo, inform\u00f3 el Instituto Estatal de Educaci\u00f3n P\u00fablica de Oaxaca (IEEPO).<\/p>\n\n\n\n<p>La dependencia indic\u00f3 que este n\u00famero de maestras y maestros ser\u00e1n basificados como resultado del logro conjunto entre el Gobierno del Estado, la Secretar\u00eda de Educaci\u00f3n P\u00fablica (SEP), a nivel federal y la dirigencia magisterial, en el compromiso de brindarles certeza laboral y salarial, en lo que representa un hecho hist\u00f3rico para el estado.<\/p>\n\n\n\n<p>Derivado del proceso de Admisi\u00f3n de Educaci\u00f3n B\u00e1sica, que no hab\u00eda ocurrido en administraciones anteriores, se atendi\u00f3 la incidencia laboral de quienes fueron sujetos solo de un contrato temporal; demostrando la voluntad y el \u00e1nimo pol\u00edtico de la administraci\u00f3n estatal de resolver los planteamientos por la v\u00eda del di\u00e1logo y la construcci\u00f3n de acuerdos.<\/p>\n\n\n\n<p>En su compromiso con el sector educativo y derivado de la comunicaci\u00f3n respetuosa entre el Gobierno de M\u00e9xico y la administraci\u00f3n estatal, en Oaxaca la n\u00f3mina magisterial est\u00e1 garantizada al 100 por ciento, y a trav\u00e9s del IEEPO se cumple con las obligaciones de pago salarial a trabajadoras y trabajadores de la educaci\u00f3n.<\/p>\n\n\n\n<p>El IEEPO refrenda la disposici\u00f3n y apertura para atender las peticiones de la comunidad normalista y egresada, con base al di\u00e1logo respetuoso y puentes de comunicaci\u00f3n establecidos y a trav\u00e9s del cual se han logrado acuerdos sin precedentes.<\/p>\n\n\n\n<p><\/p>\n","protected":false},"excerpt":{"rendered":"<p>\u2022 Ser\u00e1n basificadas como resultado del trabajo conjunto entre el Gobierno del Estado, la SEP&#8230;<\/p>\n","protected":false},"author":4,"featured_media":18114,"comment_status":"closed","ping_status":"open","sticky":false,"template":"","format":"standard","meta":{"footnotes":""},"categories":[9],"tags":[],"jetpack_sharing_enabled":true,"featured_image_urls":{"full":["https:\/\/contextoanalisisperiodistico.com\/wp-content\/uploads\/2023\/08\/IMG-20230830-WA0104-1.jpg",1600,1600,false],"thumbnail":["https:\/\/contextoanalisisperiodistico.com\/wp-content\/uploads\/2023\/08\/IMG-20230830-WA0104-1-150x150.jpg",150,150,true],"medium":["https:\/\/contextoanalisisperiodistico.com\/wp-content\/uploads\/2023\/08\/IMG-20230830-WA0104-1-300x300.jpg",300,300,true],"medium_large":["https:\/\/contextoanalisisperiodistico.com\/wp-content\/uploads\/2023\/08\/IMG-20230830-WA0104-1-768x768.jpg",640,640,true],"large":["https:\/\/contextoanalisisperiodistico.com\/wp-content\/uploads\/2023\/08\/IMG-20230830-WA0104-1-1024x1024.jpg",640,640,true],"1536x1536":["https:\/\/contextoanalisisperiodistico.com\/wp-content\/uploads\/2023\/08\/IMG-20230830-WA0104-1-1536x1536.jpg",1536,1536,true],"2048x2048":["https:\/\/contextoanalisisperiodistico.com\/wp-content\/uploads\/2023\/08\/IMG-20230830-WA0104-1.jpg",1600,1600,false],"covernews-slider-full":["https:\/\/contextoanalisisperiodistico.com\/wp-content\/uploads\/2023\/08\/IMG-20230830-WA0104-1-1115x715.jpg",1115,715,true],"covernews-slider-center":["https:\/\/contextoanalisisperiodistico.com\/wp-content\/uploads\/2023\/08\/IMG-20230830-WA0104-1-800x500.jpg",800,500,true],"covernews-featured":["https:\/\/contextoanalisisperiodistico.com\/wp-content\/uploads\/2023\/08\/IMG-20230830-WA0104-1-1024x1024.jpg",1024,1024,true],"covernews-medium":["https:\/\/contextoanalisisperiodistico.com\/wp-content\/uploads\/2023\/08\/IMG-20230830-WA0104-1-540x340.jpg",540,340,true],"covernews-medium-square":["https:\/\/contextoanalisisperiodistico.com\/wp-content\/uploads\/2023\/08\/IMG-20230830-WA0104-1-400x250.jpg",400,250,true]},"author_info":{"display_name":"Mario Gir\u00f3n","author_link":"https:\/\/contextoanalisisperiodistico.com\/index.php\/author\/director\/"},"category_info":"<a href=\"https:\/\/contextoanalisisperiodistico.com\/index.php\/category\/politica\/\" rel=\"category tag\">Pol\u00edtica<\/a>","tag_info":"Pol\u00edtica","comment_count":"0","jetpack_featured_media_url":"https:\/\/contextoanalisisperiodistico.com\/wp-content\/uploads\/2023\/08\/IMG-20230830-WA0104-1.jpg","_links":{"self":[{"href":"https:\/\/contextoanalisisperiodistico.com\/index.php\/wp-json\/wp\/v2\/posts\/18113"}],"collection":[{"href":"https:\/\/contextoanalisisperiodistico.com\/index.php\/wp-json\/wp\/v2\/posts"}],"about":[{"href":"https:\/\/contextoanalisisperiodistico.com\/index.php\/wp-json\/wp\/v2\/types\/post"}],"author":[{"embeddable":true,"href":"https:\/\/contextoanalisisperiodistico.com\/index.php\/wp-json\/wp\/v2\/users\/4"}],"replies":[{"embeddable":true,"href":"https:\/\/contextoanalisisperiodistico.com\/index.php\/wp-json\/wp\/v2\/comments?post=18113"}],"version-history":[{"count":1,"href":"https:\/\/contextoanalisisperiodistico.com\/index.php\/wp-json\/wp\/v2\/posts\/18113\/revisions"}],"predecessor-version":[{"id":18115,"href":"https:\/\/contextoanalisisperiodistico.com\/index.php\/wp-json\/wp\/v2\/posts\/18113\/revisions\/18115"}],"wp:featuredmedia":[{"embeddable":true,"href":"https:\/\/contextoanalisisperiodistico.com\/index.php\/wp-json\/wp\/v2\/media\/18114"}],"wp:attachment":[{"href":"https:\/\/contextoanalisisperiodistico.com\/index.php\/wp-json\/wp\/v2\/media?parent=18113"}],"wp:term":[{"taxonomy":"category","embeddable":true,"href":"https:\/\/contextoanalisisperiodistico.com\/index.php\/wp-json\/wp\/v2\/categories?post=18113"},{"taxonomy":"post_tag","embeddable":true,"href":"https:\/\/contextoanalisisperiodistico.com\/index.php\/wp-json\/wp\/v2\/tags?post=18113"}],"curies":[{"name":"wp","href":"https:\/\/api.w.org\/{rel}","templated":true}]}}