{"id":18108,"date":"2023-08-30T20:47:21","date_gmt":"2023-08-31T02:47:21","guid":{"rendered":"https:\/\/contextoanalisisperiodistico.com\/?p=18108"},"modified":"2023-08-30T20:47:50","modified_gmt":"2023-08-31T02:47:50","slug":"anuncia-fundacion-nino-y-comite-organizador-sexta-edicion-del-trail-la-raya","status":"publish","type":"post","link":"https:\/\/contextoanalisisperiodistico.com\/index.php\/2023\/08\/30\/anuncia-fundacion-nino-y-comite-organizador-sexta-edicion-del-trail-la-raya\/","title":{"rendered":"Anuncia Fundaci\u00f3n Nino y Comit\u00e9 Organizador Sexta Edici\u00f3n del Trail La Raya"},"content":{"rendered":"<div id=\"fb-root\"><\/div>\n\n<p>*En 21 kil\u00f3metros los premios son en efectivo y en 6 y 12 kil\u00f3metros, son en especie, tambi\u00e9n se tiene contemplado un premio volante en los 21 kil\u00f3metros para ambas ramas<\/p>\n\n\n\n<figure class=\"wp-block-image size-large\"><img fetchpriority=\"high\" decoding=\"async\" width=\"1024\" height=\"682\" src=\"https:\/\/contextoanalisisperiodistico.com\/wp-content\/uploads\/2023\/08\/img-20230830-wa00793720954825346757732-1024x682.jpg\" alt=\"\" class=\"wp-image-18110\" srcset=\"https:\/\/contextoanalisisperiodistico.com\/wp-content\/uploads\/2023\/08\/img-20230830-wa00793720954825346757732-1024x682.jpg 1024w, https:\/\/contextoanalisisperiodistico.com\/wp-content\/uploads\/2023\/08\/img-20230830-wa00793720954825346757732-300x200.jpg 300w, https:\/\/contextoanalisisperiodistico.com\/wp-content\/uploads\/2023\/08\/img-20230830-wa00793720954825346757732-768x512.jpg 768w, https:\/\/contextoanalisisperiodistico.com\/wp-content\/uploads\/2023\/08\/img-20230830-wa00793720954825346757732-1536x1023.jpg 1536w, https:\/\/contextoanalisisperiodistico.com\/wp-content\/uploads\/2023\/08\/img-20230830-wa00793720954825346757732.jpg 1600w\" sizes=\"(max-width: 1024px) 100vw, 1024px\" \/><\/figure>\n\n\n\n<figure class=\"wp-block-image\"><img decoding=\"async\" width=\"1024\" height=\"682\" src=\"https:\/\/contextoanalisisperiodistico.com\/wp-content\/uploads\/2023\/08\/img-20230830-wa00787633185147513723155-1024x682.jpg\" alt=\"\" class=\"wp-image-18111\" srcset=\"https:\/\/contextoanalisisperiodistico.com\/wp-content\/uploads\/2023\/08\/img-20230830-wa00787633185147513723155-1024x682.jpg 1024w, https:\/\/contextoanalisisperiodistico.com\/wp-content\/uploads\/2023\/08\/img-20230830-wa00787633185147513723155-300x200.jpg 300w, https:\/\/contextoanalisisperiodistico.com\/wp-content\/uploads\/2023\/08\/img-20230830-wa00787633185147513723155-768x512.jpg 768w, https:\/\/contextoanalisisperiodistico.com\/wp-content\/uploads\/2023\/08\/img-20230830-wa00787633185147513723155-1536x1023.jpg 1536w, https:\/\/contextoanalisisperiodistico.com\/wp-content\/uploads\/2023\/08\/img-20230830-wa00787633185147513723155.jpg 1600w\" sizes=\"(max-width: 1024px) 100vw, 1024px\" \/><\/figure>\n\n\n\n<p>Oaxaca de Ju\u00e1rez, Oax 30 de Agosto de 2023.- La Fundaci\u00f3n Nino, &#8211; como uno de los patrocinadores oficiales del evento deportivo, &#8211; anunci\u00f3 la realizaci\u00f3n de la Sexta Edici\u00f3n del Trail La Raya que se llevar\u00e1 a cabo, este domingo 3 de septiembre en La Raya Zimatl\u00e1n de \u00c1lvarez.<\/p>\n\n\n\n<p>En conferencia de prensa, Said Tanos, coordinador estatal de la Fundaci\u00f3n Nino y Rosalino Meneses L\u00f3pez, presidente del Comit\u00e9 Organizador del Trail La Raya Zimatl\u00e1n, destacaron el gran inter\u00e9s de la comunidad deportiva hacia esta actividad, en donde participar\u00e1n m\u00e1s de 300 atletas.<\/p>\n\n\n\n<p>Said Tanos, se\u00f1al\u00f3 que la Fundaci\u00f3n Nino, est\u00e1 comprometido con apoyar causas nobles y deportivas de la entidad, motivo por el cual, sin dudarlo, patrocina la Sexta Edici\u00f3n del Trail, ya que representa impulsar el deporte en comunidades de Oaxaca.<\/p>\n\n\n\n<p>Acompa\u00f1ados de Jorge Aurelio Jim\u00e9nez Garc\u00eda, destacado maratonista, Tanos, indic\u00f3 que las inscripciones siguen abiertas con n\u00famero y medalla en los 21 kil\u00f3metros.<\/p>\n\n\n\n<p>De su parte, Rosalino Meneses L\u00f3pez, presidente del Comit\u00e9 Organizador del Trail la Raya Zimatl\u00e1n, dio a conocer que en 21 kil\u00f3metros los premios son en efectivo y en 6 y 12 kil\u00f3metros, son en especie y se\u00f1al\u00f3 que se tiene contemplado un premio volante en los 21 kil\u00f3metros para ambas ramas, (varonil y femenil).<\/p>\n\n\n\n<p>En tanto, el maratonista Jorge Aurelio Jim\u00e9nez Garc\u00eda, indic\u00f3 que la entrega de kits del Trail se llevar\u00e1 a cabo este primero de septiembre en<br \/>CITFRO Centro de Terapia F\u00edsica y Rehabilitaci\u00f3n de Oaxaca.<\/p>\n\n\n\n<p>Como uno de los patrocinadores, la Fundaci\u00f3n Nino, te invita a formar parte de la 6a. Edici\u00f3n del Trail que se realizar\u00e1 este 03 de Septiembre, en la poblaci\u00f3n de La Raya Zimatl\u00e1n, las \u00faltimas inscripciones disponibles en CITFRO Terapia F\u00edsica ubicado en Ni\u00f1os H\u00e9roes n\u00famero 414 colonia Ex Marquezado. Mayores informes<br \/>951 170 22 75 y 951 113 10 87.<\/p>\n","protected":false},"excerpt":{"rendered":"<p>*En 21 kil\u00f3metros los premios son en efectivo y en 6 y 12 kil\u00f3metros, son&#8230;<\/p>\n","protected":false},"author":4,"featured_media":18109,"comment_status":"closed","ping_status":"open","sticky":false,"template":"","format":"standard","meta":{"footnotes":""},"categories":[9],"tags":[],"jetpack_sharing_enabled":true,"featured_image_urls":{"full":["https:\/\/contextoanalisisperiodistico.com\/wp-content\/uploads\/2023\/08\/IMG-20230830-WA0081.jpg",1600,1066,false],"thumbnail":["https:\/\/contextoanalisisperiodistico.com\/wp-content\/uploads\/2023\/08\/IMG-20230830-WA0081-150x150.jpg",150,150,true],"medium":["https:\/\/contextoanalisisperiodistico.com\/wp-content\/uploads\/2023\/08\/IMG-20230830-WA0081-300x200.jpg",300,200,true],"medium_large":["https:\/\/contextoanalisisperiodistico.com\/wp-content\/uploads\/2023\/08\/IMG-20230830-WA0081-768x512.jpg",640,427,true],"large":["https:\/\/contextoanalisisperiodistico.com\/wp-content\/uploads\/2023\/08\/IMG-20230830-WA0081-1024x682.jpg",640,426,true],"1536x1536":["https:\/\/contextoanalisisperiodistico.com\/wp-content\/uploads\/2023\/08\/IMG-20230830-WA0081-1536x1023.jpg",1536,1023,true],"2048x2048":["https:\/\/contextoanalisisperiodistico.com\/wp-content\/uploads\/2023\/08\/IMG-20230830-WA0081.jpg",1600,1066,false],"covernews-slider-full":["https:\/\/contextoanalisisperiodistico.com\/wp-content\/uploads\/2023\/08\/IMG-20230830-WA0081-1115x715.jpg",1115,715,true],"covernews-slider-center":["https:\/\/contextoanalisisperiodistico.com\/wp-content\/uploads\/2023\/08\/IMG-20230830-WA0081-800x500.jpg",800,500,true],"covernews-featured":["https:\/\/contextoanalisisperiodistico.com\/wp-content\/uploads\/2023\/08\/IMG-20230830-WA0081-1024x682.jpg",1024,682,true],"covernews-medium":["https:\/\/contextoanalisisperiodistico.com\/wp-content\/uploads\/2023\/08\/IMG-20230830-WA0081-540x340.jpg",540,340,true],"covernews-medium-square":["https:\/\/contextoanalisisperiodistico.com\/wp-content\/uploads\/2023\/08\/IMG-20230830-WA0081-400x250.jpg",400,250,true]},"author_info":{"display_name":"Mario Gir\u00f3n","author_link":"https:\/\/contextoanalisisperiodistico.com\/index.php\/author\/director\/"},"category_info":"<a href=\"https:\/\/contextoanalisisperiodistico.com\/index.php\/category\/politica\/\" rel=\"category tag\">Pol\u00edtica<\/a>","tag_info":"Pol\u00edtica","comment_count":"0","jetpack_featured_media_url":"https:\/\/contextoanalisisperiodistico.com\/wp-content\/uploads\/2023\/08\/IMG-20230830-WA0081.jpg","_links":{"self":[{"href":"https:\/\/contextoanalisisperiodistico.com\/index.php\/wp-json\/wp\/v2\/posts\/18108"}],"collection":[{"href":"https:\/\/contextoanalisisperiodistico.com\/index.php\/wp-json\/wp\/v2\/posts"}],"about":[{"href":"https:\/\/contextoanalisisperiodistico.com\/index.php\/wp-json\/wp\/v2\/types\/post"}],"author":[{"embeddable":true,"href":"https:\/\/contextoanalisisperiodistico.com\/index.php\/wp-json\/wp\/v2\/users\/4"}],"replies":[{"embeddable":true,"href":"https:\/\/contextoanalisisperiodistico.com\/index.php\/wp-json\/wp\/v2\/comments?post=18108"}],"version-history":[{"count":1,"href":"https:\/\/contextoanalisisperiodistico.com\/index.php\/wp-json\/wp\/v2\/posts\/18108\/revisions"}],"predecessor-version":[{"id":18112,"href":"https:\/\/contextoanalisisperiodistico.com\/index.php\/wp-json\/wp\/v2\/posts\/18108\/revisions\/18112"}],"wp:featuredmedia":[{"embeddable":true,"href":"https:\/\/contextoanalisisperiodistico.com\/index.php\/wp-json\/wp\/v2\/media\/18109"}],"wp:attachment":[{"href":"https:\/\/contextoanalisisperiodistico.com\/index.php\/wp-json\/wp\/v2\/media?parent=18108"}],"wp:term":[{"taxonomy":"category","embeddable":true,"href":"https:\/\/contextoanalisisperiodistico.com\/index.php\/wp-json\/wp\/v2\/categories?post=18108"},{"taxonomy":"post_tag","embeddable":true,"href":"https:\/\/contextoanalisisperiodistico.com\/index.php\/wp-json\/wp\/v2\/tags?post=18108"}],"curies":[{"name":"wp","href":"https:\/\/api.w.org\/{rel}","templated":true}]}}