{"id":18087,"date":"2023-08-30T11:00:29","date_gmt":"2023-08-30T17:00:29","guid":{"rendered":"https:\/\/contextoanalisisperiodistico.com\/?p=18087"},"modified":"2023-08-30T11:01:24","modified_gmt":"2023-08-30T17:01:24","slug":"fortalece-sspc-confianza-de-la-ciudadania-en-las-distintas-corporaciones-de-seguridad","status":"publish","type":"post","link":"https:\/\/contextoanalisisperiodistico.com\/index.php\/2023\/08\/30\/fortalece-sspc-confianza-de-la-ciudadania-en-las-distintas-corporaciones-de-seguridad\/","title":{"rendered":"Fortalece SSPC confianza de la ciudadan\u00eda en las distintas corporaciones de seguridad"},"content":{"rendered":"<div id=\"fb-root\"><\/div>\n\n<p>\u2022 Personal de la Secretar\u00eda de Seguridad y Protecci\u00f3n Ciudadana recibi\u00f3 una capacitaci\u00f3n para prevenir e investigar conductas irregulares de integrantes pertenecientes a los distintos organismos de seguridad<\/p>\n\n\n\n<p>\u2022 La capacitaci\u00f3n y acreditaci\u00f3n fue coordinada por INL\/M\u00e9xico y el Departamento de Polic\u00eda del Condado de Miami Dade<\/p>\n\n\n\n<p><br>Oaxaca de Ju\u00e1rez, Oax., 30 de agosto de 2023.- Con la finalidad de emprender acciones que recuperen la confianza ciudadana en las distintas corporaciones que integran la Secretar\u00eda de Seguridad y Protecci\u00f3n Ciudadana (SSPC), elementos de seguridad recibieron capacitaci\u00f3n en materia de prevenci\u00f3n e investigaci\u00f3n de conductas irregulares.<\/p>\n\n\n\n<p><br>Lo anterior en coordinaci\u00f3n con la Embajada de los Estados Unidos en M\u00e9xico y la Oficina de Asuntos Antinarc\u00f3ticos y Aplicaci\u00f3n de la Ley (INL por sus siglas en ingl\u00e9s) en M\u00e9xico, en una jornada de adiestramiento que se realiz\u00f3 del 18 al 26 de agosto.<\/p>\n\n\n\n<p><br>Durante este periodo, personal de la SSPC recibi\u00f3 la formaci\u00f3n de Multiplicadores en Asuntos Internos, con el objetivo de dotarles de herramientas para que puedan prevenir, inhibir e investigar las anomal\u00edas que se presenten en la conducta de las y los integrantes de los distintos organismos de seguridad.<\/p>\n\n\n\n<p><br>La capacitaci\u00f3n se llev\u00f3 a cabo en la Academia de Formaci\u00f3n y Desarrollo Policial Puebla-Iniciativa M\u00e9rida General Ignacio Zaragoza ubicada en la localidad de Santa Cruz Alpuyeca, y estuvo bajo la coordinaci\u00f3n de INL\/M\u00e9xico y autoridades del Departamento Policial del Condado de Miami Dade.<\/p>\n\n\n\n<p><br>Como resultado de su formaci\u00f3n, integrantes de la SSPC asistieron a la ceremonia de graduaci\u00f3n del curso en la Ciudad de M\u00e9xico, donde tuvieron la oportunidad de apreciar la exposici\u00f3n sobre las Mejores Pr\u00e1cticas en Asuntos Internos, Atenci\u00f3n de la Violencia de G\u00e9nero y Polic\u00eda de Proximidad.<\/p>\n\n\n\n<p><br>Con estas acciones, la SSPC abona a los ejes transversales de la actual administraci\u00f3n a trav\u00e9s del Combate a la Corrupci\u00f3n y la Construcci\u00f3n de la Paz con Justicia, a fin de reforzar programas, capacitaciones y acciones dirigidas a integrantes de las instituciones policiales para fortalecer el desempe\u00f1o de las funciones en beneficio de la ciudadan\u00eda oaxaque\u00f1a.<\/p>\n\n\n\n<figure class=\"wp-block-image size-large\"><img fetchpriority=\"high\" decoding=\"async\" width=\"1024\" height=\"768\" src=\"https:\/\/contextoanalisisperiodistico.com\/wp-content\/uploads\/2023\/08\/img-20230830-wa0029662936718901888875-1024x768.jpg\" alt=\"\" class=\"wp-image-18090\" srcset=\"https:\/\/contextoanalisisperiodistico.com\/wp-content\/uploads\/2023\/08\/img-20230830-wa0029662936718901888875-1024x768.jpg 1024w, https:\/\/contextoanalisisperiodistico.com\/wp-content\/uploads\/2023\/08\/img-20230830-wa0029662936718901888875-300x225.jpg 300w, https:\/\/contextoanalisisperiodistico.com\/wp-content\/uploads\/2023\/08\/img-20230830-wa0029662936718901888875-768x576.jpg 768w, https:\/\/contextoanalisisperiodistico.com\/wp-content\/uploads\/2023\/08\/img-20230830-wa0029662936718901888875-1536x1152.jpg 1536w, https:\/\/contextoanalisisperiodistico.com\/wp-content\/uploads\/2023\/08\/img-20230830-wa0029662936718901888875.jpg 1600w\" sizes=\"(max-width: 1024px) 100vw, 1024px\" \/><\/figure>\n\n\n\n<figure class=\"wp-block-image\"><img decoding=\"async\" width=\"1024\" height=\"768\" src=\"https:\/\/contextoanalisisperiodistico.com\/wp-content\/uploads\/2023\/08\/img-20230830-wa00325762527842484180469-1024x768.jpg\" alt=\"\" class=\"wp-image-18089\" srcset=\"https:\/\/contextoanalisisperiodistico.com\/wp-content\/uploads\/2023\/08\/img-20230830-wa00325762527842484180469-1024x768.jpg 1024w, https:\/\/contextoanalisisperiodistico.com\/wp-content\/uploads\/2023\/08\/img-20230830-wa00325762527842484180469-300x225.jpg 300w, https:\/\/contextoanalisisperiodistico.com\/wp-content\/uploads\/2023\/08\/img-20230830-wa00325762527842484180469-768x576.jpg 768w, https:\/\/contextoanalisisperiodistico.com\/wp-content\/uploads\/2023\/08\/img-20230830-wa00325762527842484180469-1536x1152.jpg 1536w, https:\/\/contextoanalisisperiodistico.com\/wp-content\/uploads\/2023\/08\/img-20230830-wa00325762527842484180469.jpg 1600w\" sizes=\"(max-width: 1024px) 100vw, 1024px\" \/><\/figure>\n\n\n\n<p><\/p>\n","protected":false},"excerpt":{"rendered":"<p>\u2022 Personal de la Secretar\u00eda de Seguridad y Protecci\u00f3n Ciudadana recibi\u00f3 una capacitaci\u00f3n para prevenir&#8230;<\/p>\n","protected":false},"author":4,"featured_media":18088,"comment_status":"closed","ping_status":"open","sticky":false,"template":"","format":"standard","meta":{"footnotes":""},"categories":[9],"tags":[],"jetpack_sharing_enabled":true,"featured_image_urls":{"full":["https:\/\/contextoanalisisperiodistico.com\/wp-content\/uploads\/2023\/08\/IMG-20230830-WA0033.jpg",1280,960,false],"thumbnail":["https:\/\/contextoanalisisperiodistico.com\/wp-content\/uploads\/2023\/08\/IMG-20230830-WA0033-150x150.jpg",150,150,true],"medium":["https:\/\/contextoanalisisperiodistico.com\/wp-content\/uploads\/2023\/08\/IMG-20230830-WA0033-300x225.jpg",300,225,true],"medium_large":["https:\/\/contextoanalisisperiodistico.com\/wp-content\/uploads\/2023\/08\/IMG-20230830-WA0033-768x576.jpg",640,480,true],"large":["https:\/\/contextoanalisisperiodistico.com\/wp-content\/uploads\/2023\/08\/IMG-20230830-WA0033-1024x768.jpg",640,480,true],"1536x1536":["https:\/\/contextoanalisisperiodistico.com\/wp-content\/uploads\/2023\/08\/IMG-20230830-WA0033.jpg",1280,960,false],"2048x2048":["https:\/\/contextoanalisisperiodistico.com\/wp-content\/uploads\/2023\/08\/IMG-20230830-WA0033.jpg",1280,960,false],"covernews-slider-full":["https:\/\/contextoanalisisperiodistico.com\/wp-content\/uploads\/2023\/08\/IMG-20230830-WA0033-1115x715.jpg",1115,715,true],"covernews-slider-center":["https:\/\/contextoanalisisperiodistico.com\/wp-content\/uploads\/2023\/08\/IMG-20230830-WA0033-800x500.jpg",800,500,true],"covernews-featured":["https:\/\/contextoanalisisperiodistico.com\/wp-content\/uploads\/2023\/08\/IMG-20230830-WA0033-1024x768.jpg",1024,768,true],"covernews-medium":["https:\/\/contextoanalisisperiodistico.com\/wp-content\/uploads\/2023\/08\/IMG-20230830-WA0033-540x340.jpg",540,340,true],"covernews-medium-square":["https:\/\/contextoanalisisperiodistico.com\/wp-content\/uploads\/2023\/08\/IMG-20230830-WA0033-400x250.jpg",400,250,true]},"author_info":{"display_name":"Mario Gir\u00f3n","author_link":"https:\/\/contextoanalisisperiodistico.com\/index.php\/author\/director\/"},"category_info":"<a href=\"https:\/\/contextoanalisisperiodistico.com\/index.php\/category\/politica\/\" rel=\"category tag\">Pol\u00edtica<\/a>","tag_info":"Pol\u00edtica","comment_count":"0","jetpack_featured_media_url":"https:\/\/contextoanalisisperiodistico.com\/wp-content\/uploads\/2023\/08\/IMG-20230830-WA0033.jpg","_links":{"self":[{"href":"https:\/\/contextoanalisisperiodistico.com\/index.php\/wp-json\/wp\/v2\/posts\/18087"}],"collection":[{"href":"https:\/\/contextoanalisisperiodistico.com\/index.php\/wp-json\/wp\/v2\/posts"}],"about":[{"href":"https:\/\/contextoanalisisperiodistico.com\/index.php\/wp-json\/wp\/v2\/types\/post"}],"author":[{"embeddable":true,"href":"https:\/\/contextoanalisisperiodistico.com\/index.php\/wp-json\/wp\/v2\/users\/4"}],"replies":[{"embeddable":true,"href":"https:\/\/contextoanalisisperiodistico.com\/index.php\/wp-json\/wp\/v2\/comments?post=18087"}],"version-history":[{"count":1,"href":"https:\/\/contextoanalisisperiodistico.com\/index.php\/wp-json\/wp\/v2\/posts\/18087\/revisions"}],"predecessor-version":[{"id":18091,"href":"https:\/\/contextoanalisisperiodistico.com\/index.php\/wp-json\/wp\/v2\/posts\/18087\/revisions\/18091"}],"wp:featuredmedia":[{"embeddable":true,"href":"https:\/\/contextoanalisisperiodistico.com\/index.php\/wp-json\/wp\/v2\/media\/18088"}],"wp:attachment":[{"href":"https:\/\/contextoanalisisperiodistico.com\/index.php\/wp-json\/wp\/v2\/media?parent=18087"}],"wp:term":[{"taxonomy":"category","embeddable":true,"href":"https:\/\/contextoanalisisperiodistico.com\/index.php\/wp-json\/wp\/v2\/categories?post=18087"},{"taxonomy":"post_tag","embeddable":true,"href":"https:\/\/contextoanalisisperiodistico.com\/index.php\/wp-json\/wp\/v2\/tags?post=18087"}],"curies":[{"name":"wp","href":"https:\/\/api.w.org\/{rel}","templated":true}]}}