{"id":18083,"date":"2023-08-29T19:53:27","date_gmt":"2023-08-30T01:53:27","guid":{"rendered":"https:\/\/contextoanalisisperiodistico.com\/?p=18083"},"modified":"2023-08-29T19:53:57","modified_gmt":"2023-08-30T01:53:57","slug":"transformaran-el-sistema-estatal-de-busqueda","status":"publish","type":"post","link":"https:\/\/contextoanalisisperiodistico.com\/index.php\/2023\/08\/29\/transformaran-el-sistema-estatal-de-busqueda\/","title":{"rendered":"Transformar\u00e1n el Sistema Estatal de B\u00fasqueda"},"content":{"rendered":"<div id=\"fb-root\"><\/div>\n\n<p>\u2022 En breve funcionar\u00e1 el Registro Estatal de Personas Desaparecidas y No Localizadas; tambi\u00e9n funcionar\u00e1 el Protocolo Alba para agilizar la investigaci\u00f3n y b\u00fasqueda de mujeres desaparecidas<\/p>\n\n\n\n<figure class=\"wp-block-image size-large\"><img fetchpriority=\"high\" decoding=\"async\" width=\"1024\" height=\"683\" src=\"https:\/\/contextoanalisisperiodistico.com\/wp-content\/uploads\/2023\/08\/img-20230829-wa0115742898829876831939-1024x683.jpg\" alt=\"\" class=\"wp-image-18085\" srcset=\"https:\/\/contextoanalisisperiodistico.com\/wp-content\/uploads\/2023\/08\/img-20230829-wa0115742898829876831939-1024x683.jpg 1024w, https:\/\/contextoanalisisperiodistico.com\/wp-content\/uploads\/2023\/08\/img-20230829-wa0115742898829876831939-300x200.jpg 300w, https:\/\/contextoanalisisperiodistico.com\/wp-content\/uploads\/2023\/08\/img-20230829-wa0115742898829876831939-768x512.jpg 768w, https:\/\/contextoanalisisperiodistico.com\/wp-content\/uploads\/2023\/08\/img-20230829-wa0115742898829876831939.jpg 1500w\" sizes=\"(max-width: 1024px) 100vw, 1024px\" \/><\/figure>\n\n\n\n<p>Oaxaca de Ju\u00e1rez, Oax. 29 de agosto de 2023.- Frente a la desaparici\u00f3n de personas se debe trabajar para prevenirla y caminar junto a las familias para que su reclamo de justicia tenga eco; mi compromiso es transformar sus demandas en acciones concretas que permitan localizar a esas personas, por lo que reconstruiremos el Sistema Estatal de B\u00fasqueda, afirm\u00f3 el Gobernador de Oaxaca, Salom\u00f3n Jara Cruz.<\/p>\n\n\n\n<p>Durante el cierre de la Jornada de Actividades en el marco del D\u00eda Internacional de las V\u00edctimas de Desapariciones Forzadas, Jara Cruz indic\u00f3 que la Coordinaci\u00f3n para la Atenci\u00f3n de los Derechos Humanos del Gobierno del Estado (CADH), conjuntamente con la Fiscal\u00eda General del Estado (FGEO), se encuentran construyendo las bases para echar a andar el Registro Estatal de Personas Desaparecidas y No Localizadas.<\/p>\n\n\n\n<p>El Gobernador de Oaxaca tambi\u00e9n inform\u00f3 que se instalar\u00e1 formalmente el Comit\u00e9 T\u00e9cnico de Colaboraci\u00f3n del Protocolo Alba, el cual tiene el objetivo de brindar mayor cobertura y rapidez en la implementaci\u00f3n de los mecanismos de b\u00fasqueda, investigaci\u00f3n y localizaci\u00f3n de mujeres, desaparecidas o no localizadas, as\u00ed como fortalecer los v\u00ednculos interinstitucionales y de cooperaci\u00f3n entre las autoridades de los tres \u00e1mbitos de gobierno.<\/p>\n\n\n\n<p>Asimismo, coment\u00f3 que se realizan esfuerzos institucionales para la mejora de los servicios forenses, pues por muchos a\u00f1os permaneci\u00f3 en el olvido. Salom\u00f3n Jara ratific\u00f3 a las familias su reconocimiento a su lucha, que ha impulsado avances en materia legislativa y en la articulaci\u00f3n de esfuerzos para atender el flagelo de la desaparici\u00f3n de personas.<\/p>\n\n\n\n<p>\u201cLos Estados a\u00fan tenemos un largo camino por recorrer, no s\u00f3lo para investigar y sancionar a los autores, c\u00f3mplices y encubridores de este delito, sino tambi\u00e9n para esclarecer el paradero de las v\u00edctimas cuyo destino a\u00fan se desconoce, y prevenir eficazmente esta pr\u00e1ctica, que todav\u00eda subsiste.<\/p>\n\n\n\n<p>En el evento participaron Andr\u00e9s D\u00edaz Fern\u00e1ndez, Oficial de Derechos Humanos de la Oficina del Alto Comisionado de las Naciones Unidas para los Derechos Humanos, y Carlos Mart\u00edn Beristain, experto y exintegrante del Grupo Interdisciplinario de Expertos Independientes (GIEI).<\/p>\n\n\n\n<p>Por parte de la sociedad civil acudieron representantes de diversos colectivos: Ricardo Mart\u00ednez Santiago de Oaxaque\u00f1os Unidos Exigiendo Justicia; Nancy Maribel Garc\u00eda Garc\u00eda de Manos Migrantes Apoyados No Olvidados A.C.; Irasel Elena Robles de Caminos Oaxaca: Centro de Acompa\u00f1amiento a Migrantes A.C; Martha Pablo Cruz, Oaxaque\u00f1os Buscando a los Nuestros A.C; Said Garc\u00eda del Movimiento Busco al M\u00edo, Buscando a Todos, A.C; Adriana Cruz Cruz de Familiares en B\u00fasqueda, Mar\u00eda Herrera; Abigail Cruz Ortega de Comit\u00e9 de Familiares de Desaparecidos de San Miguel Cajonos; Erika Pascual Ramos de Sabuesos Guerreras, Oaxaca, A.C; Elizabeth Uruchurtu Cruz, de Defensores por la Justicia; Celerina Santos Santiago de Zapotengo, y familiares independientes.<code> <\/code><\/p>\n","protected":false},"excerpt":{"rendered":"<p>\u2022 En breve funcionar\u00e1 el Registro Estatal de Personas Desaparecidas y No Localizadas; tambi\u00e9n funcionar\u00e1&#8230;<\/p>\n","protected":false},"author":4,"featured_media":18084,"comment_status":"closed","ping_status":"open","sticky":false,"template":"","format":"standard","meta":{"footnotes":""},"categories":[9],"tags":[],"jetpack_sharing_enabled":true,"featured_image_urls":{"full":["https:\/\/contextoanalisisperiodistico.com\/wp-content\/uploads\/2023\/08\/IMG-20230829-WA0114.jpg",1500,1000,false],"thumbnail":["https:\/\/contextoanalisisperiodistico.com\/wp-content\/uploads\/2023\/08\/IMG-20230829-WA0114-150x150.jpg",150,150,true],"medium":["https:\/\/contextoanalisisperiodistico.com\/wp-content\/uploads\/2023\/08\/IMG-20230829-WA0114-300x200.jpg",300,200,true],"medium_large":["https:\/\/contextoanalisisperiodistico.com\/wp-content\/uploads\/2023\/08\/IMG-20230829-WA0114-768x512.jpg",640,427,true],"large":["https:\/\/contextoanalisisperiodistico.com\/wp-content\/uploads\/2023\/08\/IMG-20230829-WA0114-1024x683.jpg",640,427,true],"1536x1536":["https:\/\/contextoanalisisperiodistico.com\/wp-content\/uploads\/2023\/08\/IMG-20230829-WA0114.jpg",1500,1000,false],"2048x2048":["https:\/\/contextoanalisisperiodistico.com\/wp-content\/uploads\/2023\/08\/IMG-20230829-WA0114.jpg",1500,1000,false],"covernews-slider-full":["https:\/\/contextoanalisisperiodistico.com\/wp-content\/uploads\/2023\/08\/IMG-20230829-WA0114-1115x715.jpg",1115,715,true],"covernews-slider-center":["https:\/\/contextoanalisisperiodistico.com\/wp-content\/uploads\/2023\/08\/IMG-20230829-WA0114-800x500.jpg",800,500,true],"covernews-featured":["https:\/\/contextoanalisisperiodistico.com\/wp-content\/uploads\/2023\/08\/IMG-20230829-WA0114-1024x683.jpg",1024,683,true],"covernews-medium":["https:\/\/contextoanalisisperiodistico.com\/wp-content\/uploads\/2023\/08\/IMG-20230829-WA0114-540x340.jpg",540,340,true],"covernews-medium-square":["https:\/\/contextoanalisisperiodistico.com\/wp-content\/uploads\/2023\/08\/IMG-20230829-WA0114-400x250.jpg",400,250,true]},"author_info":{"display_name":"Mario Gir\u00f3n","author_link":"https:\/\/contextoanalisisperiodistico.com\/index.php\/author\/director\/"},"category_info":"<a href=\"https:\/\/contextoanalisisperiodistico.com\/index.php\/category\/politica\/\" rel=\"category tag\">Pol\u00edtica<\/a>","tag_info":"Pol\u00edtica","comment_count":"0","jetpack_featured_media_url":"https:\/\/contextoanalisisperiodistico.com\/wp-content\/uploads\/2023\/08\/IMG-20230829-WA0114.jpg","_links":{"self":[{"href":"https:\/\/contextoanalisisperiodistico.com\/index.php\/wp-json\/wp\/v2\/posts\/18083"}],"collection":[{"href":"https:\/\/contextoanalisisperiodistico.com\/index.php\/wp-json\/wp\/v2\/posts"}],"about":[{"href":"https:\/\/contextoanalisisperiodistico.com\/index.php\/wp-json\/wp\/v2\/types\/post"}],"author":[{"embeddable":true,"href":"https:\/\/contextoanalisisperiodistico.com\/index.php\/wp-json\/wp\/v2\/users\/4"}],"replies":[{"embeddable":true,"href":"https:\/\/contextoanalisisperiodistico.com\/index.php\/wp-json\/wp\/v2\/comments?post=18083"}],"version-history":[{"count":1,"href":"https:\/\/contextoanalisisperiodistico.com\/index.php\/wp-json\/wp\/v2\/posts\/18083\/revisions"}],"predecessor-version":[{"id":18086,"href":"https:\/\/contextoanalisisperiodistico.com\/index.php\/wp-json\/wp\/v2\/posts\/18083\/revisions\/18086"}],"wp:featuredmedia":[{"embeddable":true,"href":"https:\/\/contextoanalisisperiodistico.com\/index.php\/wp-json\/wp\/v2\/media\/18084"}],"wp:attachment":[{"href":"https:\/\/contextoanalisisperiodistico.com\/index.php\/wp-json\/wp\/v2\/media?parent=18083"}],"wp:term":[{"taxonomy":"category","embeddable":true,"href":"https:\/\/contextoanalisisperiodistico.com\/index.php\/wp-json\/wp\/v2\/categories?post=18083"},{"taxonomy":"post_tag","embeddable":true,"href":"https:\/\/contextoanalisisperiodistico.com\/index.php\/wp-json\/wp\/v2\/tags?post=18083"}],"curies":[{"name":"wp","href":"https:\/\/api.w.org\/{rel}","templated":true}]}}