{"id":18082,"date":"2023-08-29T18:50:40","date_gmt":"2023-08-30T00:50:40","guid":{"rendered":"https:\/\/contextoanalisisperiodistico.com\/index.php\/2023\/08\/29\/primer-informe-de-trabajo-rinde-dirigencia-estatal-de-morena\/"},"modified":"2023-08-29T18:50:40","modified_gmt":"2023-08-30T00:50:40","slug":"primer-informe-de-trabajo-rinde-dirigencia-estatal-de-morena","status":"publish","type":"post","link":"https:\/\/contextoanalisisperiodistico.com\/index.php\/2023\/08\/29\/primer-informe-de-trabajo-rinde-dirigencia-estatal-de-morena\/","title":{"rendered":"Primer informe de trabajo rinde Dirigencia Estatal de Morena"},"content":{"rendered":"<div id=\"fb-root\"><\/div>\n\n<p>\u00a0<em>\u201cHecho sin precedentes\u201d, reconoci\u00f3 el l\u00edder estatal de Morena, Benjam\u00edn Viveros <\/em>Montalvo<\/p>\n\n\n\n<figure class=\"wp-block-image size-large\"><img fetchpriority=\"high\" decoding=\"async\" width=\"1024\" height=\"684\" src=\"https:\/\/contextoanalisisperiodistico.com\/wp-content\/uploads\/2023\/08\/informeceemorena8312018959648740837-1024x684.jpg\" alt=\"\" class=\"wp-image-18081\" srcset=\"https:\/\/contextoanalisisperiodistico.com\/wp-content\/uploads\/2023\/08\/informeceemorena8312018959648740837-1024x684.jpg 1024w, https:\/\/contextoanalisisperiodistico.com\/wp-content\/uploads\/2023\/08\/informeceemorena8312018959648740837-300x200.jpg 300w, https:\/\/contextoanalisisperiodistico.com\/wp-content\/uploads\/2023\/08\/informeceemorena8312018959648740837-768x513.jpg 768w, https:\/\/contextoanalisisperiodistico.com\/wp-content\/uploads\/2023\/08\/informeceemorena8312018959648740837-1536x1027.jpg 1536w, https:\/\/contextoanalisisperiodistico.com\/wp-content\/uploads\/2023\/08\/informeceemorena8312018959648740837.jpg 1616w\" sizes=\"(max-width: 1024px) 100vw, 1024px\" \/><\/figure>\n\n\n\n<p>Oaxaca de Ju\u00e1rez, Oaxaca a 29 de agosto del 2023. En sesi\u00f3n extraordinaria del Consejo Estatal de Morena en Oaxaca celebrada el 27 de agosto, las y los integrantes del Comit\u00e9 Ejecutivo Estatal rindieron su informe de actividades como parte de un ejercicio de transparencia y rendici\u00f3n de cuentas a la militancia y simpatizantes de este partido movimiento.<\/p>\n\n\n\n<p>Ah\u00ed, el l\u00edder estatal de Morena en Oaxaca, Benjam\u00edn Viveros Montalvo destac\u00f3 el compromiso de la estructura partidista, as\u00ed como de las y los coordinadores y enlaces territoriales, consejeros, l\u00edderes y referentes de este movimiento.<\/p>\n\n\n\n<p>\u201cHace un a\u00f1o asumimos el compromiso de encabezar la dirigencia del partido m\u00e1s grande Oaxaca y de nuestro pa\u00eds, actualmente el Movimiento de Regeneraci\u00f3n Nacional es el m\u00e1s grande de Latinoam\u00e9rica; contamos con m\u00e1s del 62% de aceptaci\u00f3n del pueblo mexicano\u201d, enfatiz\u00f3 Viveros Montalvo.<\/p>\n\n\n\n<p>El l\u00edder morenista destac\u00f3 la construcci\u00f3n del Proyecto de Naci\u00f3n 2024, la presencia del partido en territorio, la cercan\u00eda y el respaldo con el pueblo, \u201cnos mueve el amor al pr\u00f3jimo, y a eso se debe la entrega de mujeres y hombres libres y conscientes que luchan todos los d\u00edas por la justicia y por la democracia\u201d.<\/p>\n\n\n\n<p>Agreg\u00f3 que, hoy MORENA se ha convertido en la principal fuerza del movimiento de transformaci\u00f3n nacional, y es la vanguardia en la lucha por la democratizaci\u00f3n de M\u00e9xico.<\/p>\n\n\n\n<p>Cabe destacar que actualmente Morena cuenta con m\u00e1s de 2 mil Comit\u00e9s de Defensa de la Cuarta Transformaci\u00f3n en Oaxaca y la participaci\u00f3n de m\u00e1s de 400 coordinadores operativos territoriales; lo que representa la estructura partidista estatal m\u00e1s grande de M\u00e9xico.<\/p>\n\n\n\n<p>A este evento asistieron en su car\u00e1cter de militantes y en pleno uso de sus derechos pol\u00edticos, el Gobernador del Estado, Salom\u00f3n Jara Cruz, Diputados Locales, presidentes Municipales y l\u00edderes afines al movimiento.<\/p>\n","protected":false},"excerpt":{"rendered":"<p>\u00a0\u201cHecho sin precedentes\u201d, reconoci\u00f3 el l\u00edder estatal de Morena, Benjam\u00edn Viveros Montalvo Oaxaca de Ju\u00e1rez,&#8230;<\/p>\n","protected":false},"author":4,"featured_media":18080,"comment_status":"","ping_status":"open","sticky":false,"template":"","format":"standard","meta":{"footnotes":""},"categories":[9],"tags":[],"jetpack_sharing_enabled":true,"featured_image_urls":{"full":["https:\/\/contextoanalisisperiodistico.com\/wp-content\/uploads\/2023\/08\/BENJAMC38DNVIVEROS.jpg",1616,1080,false],"thumbnail":["https:\/\/contextoanalisisperiodistico.com\/wp-content\/uploads\/2023\/08\/BENJAMC38DNVIVEROS-150x150.jpg",150,150,true],"medium":["https:\/\/contextoanalisisperiodistico.com\/wp-content\/uploads\/2023\/08\/BENJAMC38DNVIVEROS-300x200.jpg",300,200,true],"medium_large":["https:\/\/contextoanalisisperiodistico.com\/wp-content\/uploads\/2023\/08\/BENJAMC38DNVIVEROS-768x513.jpg",640,428,true],"large":["https:\/\/contextoanalisisperiodistico.com\/wp-content\/uploads\/2023\/08\/BENJAMC38DNVIVEROS-1024x684.jpg",640,428,true],"1536x1536":["https:\/\/contextoanalisisperiodistico.com\/wp-content\/uploads\/2023\/08\/BENJAMC38DNVIVEROS-1536x1027.jpg",1536,1027,true],"2048x2048":["https:\/\/contextoanalisisperiodistico.com\/wp-content\/uploads\/2023\/08\/BENJAMC38DNVIVEROS.jpg",1616,1080,false],"covernews-slider-full":["https:\/\/contextoanalisisperiodistico.com\/wp-content\/uploads\/2023\/08\/BENJAMC38DNVIVEROS-1115x715.jpg",1115,715,true],"covernews-slider-center":["https:\/\/contextoanalisisperiodistico.com\/wp-content\/uploads\/2023\/08\/BENJAMC38DNVIVEROS-800x500.jpg",800,500,true],"covernews-featured":["https:\/\/contextoanalisisperiodistico.com\/wp-content\/uploads\/2023\/08\/BENJAMC38DNVIVEROS-1024x684.jpg",1024,684,true],"covernews-medium":["https:\/\/contextoanalisisperiodistico.com\/wp-content\/uploads\/2023\/08\/BENJAMC38DNVIVEROS-540x340.jpg",540,340,true],"covernews-medium-square":["https:\/\/contextoanalisisperiodistico.com\/wp-content\/uploads\/2023\/08\/BENJAMC38DNVIVEROS-400x250.jpg",400,250,true]},"author_info":{"display_name":"Mario Gir\u00f3n","author_link":"https:\/\/contextoanalisisperiodistico.com\/index.php\/author\/director\/"},"category_info":"<a href=\"https:\/\/contextoanalisisperiodistico.com\/index.php\/category\/politica\/\" rel=\"category tag\">Pol\u00edtica<\/a>","tag_info":"Pol\u00edtica","comment_count":"0","jetpack_featured_media_url":"https:\/\/contextoanalisisperiodistico.com\/wp-content\/uploads\/2023\/08\/BENJAMC38DNVIVEROS.jpg","_links":{"self":[{"href":"https:\/\/contextoanalisisperiodistico.com\/index.php\/wp-json\/wp\/v2\/posts\/18082"}],"collection":[{"href":"https:\/\/contextoanalisisperiodistico.com\/index.php\/wp-json\/wp\/v2\/posts"}],"about":[{"href":"https:\/\/contextoanalisisperiodistico.com\/index.php\/wp-json\/wp\/v2\/types\/post"}],"author":[{"embeddable":true,"href":"https:\/\/contextoanalisisperiodistico.com\/index.php\/wp-json\/wp\/v2\/users\/4"}],"replies":[{"embeddable":true,"href":"https:\/\/contextoanalisisperiodistico.com\/index.php\/wp-json\/wp\/v2\/comments?post=18082"}],"version-history":[{"count":0,"href":"https:\/\/contextoanalisisperiodistico.com\/index.php\/wp-json\/wp\/v2\/posts\/18082\/revisions"}],"wp:featuredmedia":[{"embeddable":true,"href":"https:\/\/contextoanalisisperiodistico.com\/index.php\/wp-json\/wp\/v2\/media\/18080"}],"wp:attachment":[{"href":"https:\/\/contextoanalisisperiodistico.com\/index.php\/wp-json\/wp\/v2\/media?parent=18082"}],"wp:term":[{"taxonomy":"category","embeddable":true,"href":"https:\/\/contextoanalisisperiodistico.com\/index.php\/wp-json\/wp\/v2\/categories?post=18082"},{"taxonomy":"post_tag","embeddable":true,"href":"https:\/\/contextoanalisisperiodistico.com\/index.php\/wp-json\/wp\/v2\/tags?post=18082"}],"curies":[{"name":"wp","href":"https:\/\/api.w.org\/{rel}","templated":true}]}}