{"id":18077,"date":"2023-08-29T18:09:13","date_gmt":"2023-08-30T00:09:13","guid":{"rendered":"https:\/\/contextoanalisisperiodistico.com\/?p=18077"},"modified":"2023-08-29T18:09:37","modified_gmt":"2023-08-30T00:09:37","slug":"el-pan-recurre-al-ine-en-contra-del-gobernador-salomon-jara-por-violacion-a-la-ley-electoral","status":"publish","type":"post","link":"https:\/\/contextoanalisisperiodistico.com\/index.php\/2023\/08\/29\/el-pan-recurre-al-ine-en-contra-del-gobernador-salomon-jara-por-violacion-a-la-ley-electoral\/","title":{"rendered":"El PAN recurre al INE en contra del \u00a0gobernador Salom\u00f3n Jara por violaci\u00f3n a la ley Electoral"},"content":{"rendered":"<div id=\"fb-root\"><\/div>\n\n<p>*Tambi\u00e9n presenta queja contra el Mandatario por desacato en la distribuci\u00f3n de libros de texto lleno de errores<\/p>\n\n\n\n<p>Comunicado de Prensa: <\/p>\n\n\n\n<p>&nbsp;<\/p>\n\n\n\n<p>La dirigencia del Partido Acci\u00f3n Nacional en Oaxaca, present\u00f3 dos quejas ante las acciones ilegales del gobierno estatal que encabeza Salom\u00f3n Jara, inform\u00f3 la presidenta estatal del PAN, Perla Woolrich Fern\u00e1ndez:<\/p>\n\n\n\n<p>\u201cLa primera en materia electoral y la segunda por desacato a un amparo definitivo que impide la distribuci\u00f3n de los libros de texto gratuito ante los graves errores de su contenido y el incumplimiento que exige la ley para su elaboraci\u00f3n, publicaci\u00f3n y distribuci\u00f3n\u201d, explic\u00f3.<\/p>\n\n\n\n<p>&nbsp;<\/p>\n\n\n\n<p>Acompa\u00f1ada del director jur\u00eddico del CDE, Edgar Jim\u00e9nez Garc\u00eda y de &nbsp;la secretaria de Vinculaci\u00f3n con la Sociedad, Adriana Soledad L\u00f3pez Jim\u00e9nez, la presidenta del PAN en Oaxaca, lament\u00f3 que en vez de preocuparse por la ni\u00f1ez y buscar alternativas para mejorar el proceso de ense\u00f1anza-aprendizaje, el gobernador morenista pretende \u201cminimizar\u201d el acto de abuso de poder y el desacato en el que incurri\u00f3 a sabiendas que hay errores que desinforman, que mienten y que no son fiables como herramientas de consulta en las aulas del estado\u201d.<\/p>\n\n\n\n<p>En representaci\u00f3n del PAN estatal, la abogada y secretaria de Vinculaci\u00f3n y de Derechos Humanos y Grupos Vulnerables, Adriana Soledad L\u00f3pez Jim\u00e9nez expuso que la queja fue interpuesta ante la Defensor\u00eda de los Derechos Humanos del Pueblo de Oaxaca (DDHPO), como parte del seguimiento a un desacato cometido por el mandatario estatal, luego de que la Uni\u00f3n Nacional de Padres de Familia obtuvo el amparo definitivo 782\/2023 otorgado por la jueza Tercera de Distrito en Materia Administrativa, Yadira Medina que orden\u00f3 detener la distribuci\u00f3n de los libros de texto gratuito.<\/p>\n\n\n\n<p>&nbsp;<\/p>\n\n\n\n<p>La abogada expuso que adem\u00e1s de los m\u00faltiples errores en sus contenidos detectados por especialistas destac\u00f3 el hecho que el gobierno federal no cumpli\u00f3 con todos los requisitos y procesos que exige el marco legal, como es la elaboraci\u00f3n de planes de estudio previos, as\u00ed como la consulta y participaci\u00f3n de especialistas, del magisterio y de los padres de familia.<\/p>\n\n\n\n<p>&nbsp;<\/p>\n\n\n\n<p>Durante la conferencia semanal \u201cLa hora del PAN y el caf\u00e9 con Perla Woolrich\u201d, la dirigente del partido albiazul inform\u00f3 tambi\u00e9n de la queja interpuesta ante las instancias electorales, presentada por el representante panista ante el INE y el IEEPCO, Alejandro Facio, por el uso indebido y exacerbado de recursos p\u00fablicos y el aparato de Estado, para denostar a la oposici\u00f3n, espec\u00edficamente a la senadora X\u00f3chitl G\u00e1lvez y contra el Frente Amplio por M\u00e9xico.<\/p>\n\n\n\n<p>Hizo un en\u00e9rgico llamado a las autoridades electorales a realizar su trabajo y sancionar al gobernador por incurrir en violaciones a la norma electoral, y a la vez castigar la pinta de bardas y espectaculares de las llamadas \u201ccorcholatas\u201d de morena para promocionarse de forma anticipada e ilegal y que siguen llenando calles y plazas p\u00fablicas en la entidad.<\/p>\n\n\n\n<p>&nbsp;<\/p>\n\n\n\n<p>Por otro lado, denunci\u00f3 que estos actos anticipados y la sarta de actos ilegales como fue la presunta infiltraci\u00f3n de morenistas en el proceso interno del Frente Amplio por M\u00e9xico para intentar influir en las pr\u00f3ximas votaciones inflando los padrones, refleja la real preocupaci\u00f3n del presidente y de sus gobernadores morenistas, convertidos en jefes de campa\u00f1a de morena y la baja preferencia hacia sus corcholatas.<\/p>\n\n\n\n<p>&nbsp;<\/p>\n\n\n\n<p>&nbsp;<\/p>\n\n\n\n<p>&nbsp;<\/p>\n\n\n\n<p>&nbsp;<\/p>\n\n\n\n<p>&nbsp;<\/p>\n\n\n\n<p>&nbsp;<\/p>\n\n\n\n<p>&nbsp;<\/p>\n\n\n\n<p>&nbsp;<\/p>\n\n\n\n<p>&nbsp;<\/p>\n","protected":false},"excerpt":{"rendered":"<p>*Tambi\u00e9n presenta queja contra el Mandatario por desacato en la distribuci\u00f3n de libros de texto&#8230;<\/p>\n","protected":false},"author":4,"featured_media":18078,"comment_status":"closed","ping_status":"open","sticky":false,"template":"","format":"standard","meta":{"footnotes":""},"categories":[9],"tags":[],"jetpack_sharing_enabled":true,"featured_image_urls":{"full":["https:\/\/contextoanalisisperiodistico.com\/wp-content\/uploads\/2023\/08\/IMG-20230829-WA0090.jpg",1024,768,false],"thumbnail":["https:\/\/contextoanalisisperiodistico.com\/wp-content\/uploads\/2023\/08\/IMG-20230829-WA0090-150x150.jpg",150,150,true],"medium":["https:\/\/contextoanalisisperiodistico.com\/wp-content\/uploads\/2023\/08\/IMG-20230829-WA0090-300x225.jpg",300,225,true],"medium_large":["https:\/\/contextoanalisisperiodistico.com\/wp-content\/uploads\/2023\/08\/IMG-20230829-WA0090-768x576.jpg",640,480,true],"large":["https:\/\/contextoanalisisperiodistico.com\/wp-content\/uploads\/2023\/08\/IMG-20230829-WA0090.jpg",640,480,false],"1536x1536":["https:\/\/contextoanalisisperiodistico.com\/wp-content\/uploads\/2023\/08\/IMG-20230829-WA0090.jpg",1024,768,false],"2048x2048":["https:\/\/contextoanalisisperiodistico.com\/wp-content\/uploads\/2023\/08\/IMG-20230829-WA0090.jpg",1024,768,false],"covernews-slider-full":["https:\/\/contextoanalisisperiodistico.com\/wp-content\/uploads\/2023\/08\/IMG-20230829-WA0090-1024x715.jpg",1024,715,true],"covernews-slider-center":["https:\/\/contextoanalisisperiodistico.com\/wp-content\/uploads\/2023\/08\/IMG-20230829-WA0090-800x500.jpg",800,500,true],"covernews-featured":["https:\/\/contextoanalisisperiodistico.com\/wp-content\/uploads\/2023\/08\/IMG-20230829-WA0090.jpg",1024,768,false],"covernews-medium":["https:\/\/contextoanalisisperiodistico.com\/wp-content\/uploads\/2023\/08\/IMG-20230829-WA0090-540x340.jpg",540,340,true],"covernews-medium-square":["https:\/\/contextoanalisisperiodistico.com\/wp-content\/uploads\/2023\/08\/IMG-20230829-WA0090-400x250.jpg",400,250,true]},"author_info":{"display_name":"Mario Gir\u00f3n","author_link":"https:\/\/contextoanalisisperiodistico.com\/index.php\/author\/director\/"},"category_info":"<a href=\"https:\/\/contextoanalisisperiodistico.com\/index.php\/category\/politica\/\" rel=\"category tag\">Pol\u00edtica<\/a>","tag_info":"Pol\u00edtica","comment_count":"0","jetpack_featured_media_url":"https:\/\/contextoanalisisperiodistico.com\/wp-content\/uploads\/2023\/08\/IMG-20230829-WA0090.jpg","_links":{"self":[{"href":"https:\/\/contextoanalisisperiodistico.com\/index.php\/wp-json\/wp\/v2\/posts\/18077"}],"collection":[{"href":"https:\/\/contextoanalisisperiodistico.com\/index.php\/wp-json\/wp\/v2\/posts"}],"about":[{"href":"https:\/\/contextoanalisisperiodistico.com\/index.php\/wp-json\/wp\/v2\/types\/post"}],"author":[{"embeddable":true,"href":"https:\/\/contextoanalisisperiodistico.com\/index.php\/wp-json\/wp\/v2\/users\/4"}],"replies":[{"embeddable":true,"href":"https:\/\/contextoanalisisperiodistico.com\/index.php\/wp-json\/wp\/v2\/comments?post=18077"}],"version-history":[{"count":1,"href":"https:\/\/contextoanalisisperiodistico.com\/index.php\/wp-json\/wp\/v2\/posts\/18077\/revisions"}],"predecessor-version":[{"id":18079,"href":"https:\/\/contextoanalisisperiodistico.com\/index.php\/wp-json\/wp\/v2\/posts\/18077\/revisions\/18079"}],"wp:featuredmedia":[{"embeddable":true,"href":"https:\/\/contextoanalisisperiodistico.com\/index.php\/wp-json\/wp\/v2\/media\/18078"}],"wp:attachment":[{"href":"https:\/\/contextoanalisisperiodistico.com\/index.php\/wp-json\/wp\/v2\/media?parent=18077"}],"wp:term":[{"taxonomy":"category","embeddable":true,"href":"https:\/\/contextoanalisisperiodistico.com\/index.php\/wp-json\/wp\/v2\/categories?post=18077"},{"taxonomy":"post_tag","embeddable":true,"href":"https:\/\/contextoanalisisperiodistico.com\/index.php\/wp-json\/wp\/v2\/tags?post=18077"}],"curies":[{"name":"wp","href":"https:\/\/api.w.org\/{rel}","templated":true}]}}