{"id":18072,"date":"2023-08-29T17:49:53","date_gmt":"2023-08-29T23:49:53","guid":{"rendered":"https:\/\/contextoanalisisperiodistico.com\/?p=18072"},"modified":"2023-08-29T17:50:26","modified_gmt":"2023-08-29T23:50:26","slug":"presenta-nino-morales-nuevo-sistema-de-inventarios-integral-de-oaxaca-siio","status":"publish","type":"post","link":"https:\/\/contextoanalisisperiodistico.com\/index.php\/2023\/08\/29\/presenta-nino-morales-nuevo-sistema-de-inventarios-integral-de-oaxaca-siio\/","title":{"rendered":"<em>Presenta Nino Morales, nuevo Sistema de Inventarios Integral de Oaxaca, (SIIO)<\/em>"},"content":{"rendered":"<div id=\"fb-root\"><\/div>\n\n<p>*Desde la Secretari\u0301a de Administracio\u0301n se ejecutan sistemas innovadores, eficientes, transparentes y accesibles, que benefician a todo el gobierno estatal, asegur\u00f3 <\/p>\n\n\n\n<figure class=\"wp-block-image size-large\"><img fetchpriority=\"high\" decoding=\"async\" width=\"1024\" height=\"683\" src=\"https:\/\/contextoanalisisperiodistico.com\/wp-content\/uploads\/2023\/08\/img-20230829-wa00924743941436936796742-1024x683.jpg\" alt=\"\" class=\"wp-image-18075\" srcset=\"https:\/\/contextoanalisisperiodistico.com\/wp-content\/uploads\/2023\/08\/img-20230829-wa00924743941436936796742-1024x683.jpg 1024w, https:\/\/contextoanalisisperiodistico.com\/wp-content\/uploads\/2023\/08\/img-20230829-wa00924743941436936796742-300x200.jpg 300w, https:\/\/contextoanalisisperiodistico.com\/wp-content\/uploads\/2023\/08\/img-20230829-wa00924743941436936796742-768x512.jpg 768w, https:\/\/contextoanalisisperiodistico.com\/wp-content\/uploads\/2023\/08\/img-20230829-wa00924743941436936796742.jpg 1079w\" sizes=\"(max-width: 1024px) 100vw, 1024px\" \/><\/figure>\n\n\n\n<figure class=\"wp-block-image\"><img decoding=\"async\" width=\"1024\" height=\"683\" src=\"https:\/\/contextoanalisisperiodistico.com\/wp-content\/uploads\/2023\/08\/img-20230829-wa00936478259143529468141-1024x683.jpg\" alt=\"\" class=\"wp-image-18074\" srcset=\"https:\/\/contextoanalisisperiodistico.com\/wp-content\/uploads\/2023\/08\/img-20230829-wa00936478259143529468141-1024x683.jpg 1024w, https:\/\/contextoanalisisperiodistico.com\/wp-content\/uploads\/2023\/08\/img-20230829-wa00936478259143529468141-300x200.jpg 300w, https:\/\/contextoanalisisperiodistico.com\/wp-content\/uploads\/2023\/08\/img-20230829-wa00936478259143529468141-768x512.jpg 768w, https:\/\/contextoanalisisperiodistico.com\/wp-content\/uploads\/2023\/08\/img-20230829-wa00936478259143529468141.jpg 1079w\" sizes=\"(max-width: 1024px) 100vw, 1024px\" \/><\/figure>\n\n\n\n<p><em>Tlalixtac de Cabrera 29 de Agosto de 2023.-<\/em> El secretario de Administraci\u00f3n Antonino Morales Toledo, present\u00f3 el nuevo Sistema de Inventarios Integral de Oaxaca,(SIIO), el cual permitir\u00e1 que las dependencias y entidades puedan registrar en tiempo r\u00e9cord los bienes muebles e inmuebles y tener un correcto control del patrimonio de la administraci\u00f3n p\u00fablica estatal.<\/p>\n\n\n\n<p>Acompa\u00f1ado del Subsecretario de Patrimonio, Recursos Materiales y Servicios de la dependencia Noel Hern\u00e1ndez Rito, del director de Patrimonio Melquiades Antonio Ruiz Vicente, y del director de Tecnolog\u00edas de la Secretar\u00eda de Finanzas Mois\u00e9s Ju\u00e1rez Rodr\u00edguez, el responsable de la pol\u00edtica administrativa estatal, se\u00f1al\u00f3 que en atenci\u00f3n a la instrucci\u00f3n girada por el gobernador Salom\u00f3n Jara Cruz, desde la dependencia a su cargo, se ejecutan sistemas y programas innovadores, eficientes, transparentes y accesibles, que benefician de manera directa al gobierno estatal.<\/p>\n\n\n\n<p>Morales Toledo, indic\u00f3 que a trav\u00e9s del SIIO y despu\u00e9s de un proceso de capacitaci\u00f3n integral del personal, ahora se realizar\u00e1 un registro y actualizaci\u00f3n de inventarios optimizando el tiempo de realizaci\u00f3n.<\/p>\n\n\n\n<p>Y es que tambi\u00e9n resalt\u00f3 que el nuevo Sistema de Inventarios Integral de Oaxaca, permitir\u00e1 contar con informaci\u00f3n en tiempo real y la digitalizaci\u00f3n de los expedientes contratos y facturas del patrimonio del estado, esto de manera f\u00e1cil y r\u00e1pida.<\/p>\n\n\n\n<p>Luego de hacer entrega de constancias de reconocimiento al personal que particip\u00f3 en los cursos de capacitaci\u00f3n sobre el SIIO, el secretario de Administraci\u00f3n, invit\u00f3 a las dependencias y entidades a mantener sus registros inventariales al d\u00eda y con apego a la ley, para avanzar administrativamente en la transformaci\u00f3n del estado.<\/p>\n","protected":false},"excerpt":{"rendered":"<p>*Desde la Secretari\u0301a de Administracio\u0301n se ejecutan sistemas innovadores, eficientes, transparentes y accesibles, que benefician&#8230;<\/p>\n","protected":false},"author":4,"featured_media":18073,"comment_status":"closed","ping_status":"open","sticky":false,"template":"","format":"standard","meta":{"footnotes":""},"categories":[9],"tags":[],"jetpack_sharing_enabled":true,"featured_image_urls":{"full":["https:\/\/contextoanalisisperiodistico.com\/wp-content\/uploads\/2023\/08\/IMG-20230829-WA0091.jpg",1079,720,false],"thumbnail":["https:\/\/contextoanalisisperiodistico.com\/wp-content\/uploads\/2023\/08\/IMG-20230829-WA0091-150x150.jpg",150,150,true],"medium":["https:\/\/contextoanalisisperiodistico.com\/wp-content\/uploads\/2023\/08\/IMG-20230829-WA0091-300x200.jpg",300,200,true],"medium_large":["https:\/\/contextoanalisisperiodistico.com\/wp-content\/uploads\/2023\/08\/IMG-20230829-WA0091-768x512.jpg",640,427,true],"large":["https:\/\/contextoanalisisperiodistico.com\/wp-content\/uploads\/2023\/08\/IMG-20230829-WA0091-1024x683.jpg",640,427,true],"1536x1536":["https:\/\/contextoanalisisperiodistico.com\/wp-content\/uploads\/2023\/08\/IMG-20230829-WA0091.jpg",1079,720,false],"2048x2048":["https:\/\/contextoanalisisperiodistico.com\/wp-content\/uploads\/2023\/08\/IMG-20230829-WA0091.jpg",1079,720,false],"covernews-slider-full":["https:\/\/contextoanalisisperiodistico.com\/wp-content\/uploads\/2023\/08\/IMG-20230829-WA0091-1079x715.jpg",1079,715,true],"covernews-slider-center":["https:\/\/contextoanalisisperiodistico.com\/wp-content\/uploads\/2023\/08\/IMG-20230829-WA0091-800x500.jpg",800,500,true],"covernews-featured":["https:\/\/contextoanalisisperiodistico.com\/wp-content\/uploads\/2023\/08\/IMG-20230829-WA0091-1024x683.jpg",1024,683,true],"covernews-medium":["https:\/\/contextoanalisisperiodistico.com\/wp-content\/uploads\/2023\/08\/IMG-20230829-WA0091-540x340.jpg",540,340,true],"covernews-medium-square":["https:\/\/contextoanalisisperiodistico.com\/wp-content\/uploads\/2023\/08\/IMG-20230829-WA0091-400x250.jpg",400,250,true]},"author_info":{"display_name":"Mario Gir\u00f3n","author_link":"https:\/\/contextoanalisisperiodistico.com\/index.php\/author\/director\/"},"category_info":"<a href=\"https:\/\/contextoanalisisperiodistico.com\/index.php\/category\/politica\/\" rel=\"category tag\">Pol\u00edtica<\/a>","tag_info":"Pol\u00edtica","comment_count":"0","jetpack_featured_media_url":"https:\/\/contextoanalisisperiodistico.com\/wp-content\/uploads\/2023\/08\/IMG-20230829-WA0091.jpg","_links":{"self":[{"href":"https:\/\/contextoanalisisperiodistico.com\/index.php\/wp-json\/wp\/v2\/posts\/18072"}],"collection":[{"href":"https:\/\/contextoanalisisperiodistico.com\/index.php\/wp-json\/wp\/v2\/posts"}],"about":[{"href":"https:\/\/contextoanalisisperiodistico.com\/index.php\/wp-json\/wp\/v2\/types\/post"}],"author":[{"embeddable":true,"href":"https:\/\/contextoanalisisperiodistico.com\/index.php\/wp-json\/wp\/v2\/users\/4"}],"replies":[{"embeddable":true,"href":"https:\/\/contextoanalisisperiodistico.com\/index.php\/wp-json\/wp\/v2\/comments?post=18072"}],"version-history":[{"count":1,"href":"https:\/\/contextoanalisisperiodistico.com\/index.php\/wp-json\/wp\/v2\/posts\/18072\/revisions"}],"predecessor-version":[{"id":18076,"href":"https:\/\/contextoanalisisperiodistico.com\/index.php\/wp-json\/wp\/v2\/posts\/18072\/revisions\/18076"}],"wp:featuredmedia":[{"embeddable":true,"href":"https:\/\/contextoanalisisperiodistico.com\/index.php\/wp-json\/wp\/v2\/media\/18073"}],"wp:attachment":[{"href":"https:\/\/contextoanalisisperiodistico.com\/index.php\/wp-json\/wp\/v2\/media?parent=18072"}],"wp:term":[{"taxonomy":"category","embeddable":true,"href":"https:\/\/contextoanalisisperiodistico.com\/index.php\/wp-json\/wp\/v2\/categories?post=18072"},{"taxonomy":"post_tag","embeddable":true,"href":"https:\/\/contextoanalisisperiodistico.com\/index.php\/wp-json\/wp\/v2\/tags?post=18072"}],"curies":[{"name":"wp","href":"https:\/\/api.w.org\/{rel}","templated":true}]}}