{"id":18059,"date":"2023-08-29T14:33:33","date_gmt":"2023-08-29T20:33:33","guid":{"rendered":"https:\/\/contextoanalisisperiodistico.com\/?p=18059"},"modified":"2023-08-29T14:34:06","modified_gmt":"2023-08-29T20:34:06","slug":"octava-jornada-de-paz-y-justicia-supera-5-mil-atenciones-en-la-costa","status":"publish","type":"post","link":"https:\/\/contextoanalisisperiodistico.com\/index.php\/2023\/08\/29\/octava-jornada-de-paz-y-justicia-supera-5-mil-atenciones-en-la-costa\/","title":{"rendered":"Octava Jornada de Paz y Justicia supera 5 mil atenciones en la Costa"},"content":{"rendered":"<div id=\"fb-root\"><\/div>\n\n<p>\u2022 Durante cuatro d\u00edas instituciones gubernamentales brindaron m\u00e1s de 90 servicios a la poblaci\u00f3n de San Juan Cacahuatepec, Santiago Llano Grande, Santiago Pinotepa Nacional y Santiago Jamiltepec<\/p>\n\n\n\n<figure class=\"wp-block-image size-large\"><img fetchpriority=\"high\" decoding=\"async\" width=\"1024\" height=\"682\" src=\"https:\/\/contextoanalisisperiodistico.com\/wp-content\/uploads\/2023\/08\/img-20230829-wa00572037172132798364193-1024x682.jpg\" alt=\"\" class=\"wp-image-18063\" srcset=\"https:\/\/contextoanalisisperiodistico.com\/wp-content\/uploads\/2023\/08\/img-20230829-wa00572037172132798364193-1024x682.jpg 1024w, https:\/\/contextoanalisisperiodistico.com\/wp-content\/uploads\/2023\/08\/img-20230829-wa00572037172132798364193-300x200.jpg 300w, https:\/\/contextoanalisisperiodistico.com\/wp-content\/uploads\/2023\/08\/img-20230829-wa00572037172132798364193-768x512.jpg 768w, https:\/\/contextoanalisisperiodistico.com\/wp-content\/uploads\/2023\/08\/img-20230829-wa00572037172132798364193-1536x1023.jpg 1536w, https:\/\/contextoanalisisperiodistico.com\/wp-content\/uploads\/2023\/08\/img-20230829-wa00572037172132798364193.jpg 1600w\" sizes=\"(max-width: 1024px) 100vw, 1024px\" \/><\/figure>\n\n\n\n<figure class=\"wp-block-image\"><img decoding=\"async\" width=\"1024\" height=\"682\" src=\"https:\/\/contextoanalisisperiodistico.com\/wp-content\/uploads\/2023\/08\/img-20230829-wa00616115875506400390091-1024x682.jpg\" alt=\"\" class=\"wp-image-18062\" srcset=\"https:\/\/contextoanalisisperiodistico.com\/wp-content\/uploads\/2023\/08\/img-20230829-wa00616115875506400390091-1024x682.jpg 1024w, https:\/\/contextoanalisisperiodistico.com\/wp-content\/uploads\/2023\/08\/img-20230829-wa00616115875506400390091-300x200.jpg 300w, https:\/\/contextoanalisisperiodistico.com\/wp-content\/uploads\/2023\/08\/img-20230829-wa00616115875506400390091-768x512.jpg 768w, https:\/\/contextoanalisisperiodistico.com\/wp-content\/uploads\/2023\/08\/img-20230829-wa00616115875506400390091-1536x1023.jpg 1536w, https:\/\/contextoanalisisperiodistico.com\/wp-content\/uploads\/2023\/08\/img-20230829-wa00616115875506400390091.jpg 1600w\" sizes=\"(max-width: 1024px) 100vw, 1024px\" \/><\/figure>\n\n\n\n<figure class=\"wp-block-image\"><img decoding=\"async\" width=\"1024\" height=\"682\" src=\"https:\/\/contextoanalisisperiodistico.com\/wp-content\/uploads\/2023\/08\/img-20230829-wa00605661822514070875338-1024x682.jpg\" alt=\"\" class=\"wp-image-18061\" srcset=\"https:\/\/contextoanalisisperiodistico.com\/wp-content\/uploads\/2023\/08\/img-20230829-wa00605661822514070875338-1024x682.jpg 1024w, https:\/\/contextoanalisisperiodistico.com\/wp-content\/uploads\/2023\/08\/img-20230829-wa00605661822514070875338-300x200.jpg 300w, https:\/\/contextoanalisisperiodistico.com\/wp-content\/uploads\/2023\/08\/img-20230829-wa00605661822514070875338-768x512.jpg 768w, https:\/\/contextoanalisisperiodistico.com\/wp-content\/uploads\/2023\/08\/img-20230829-wa00605661822514070875338-1536x1023.jpg 1536w, https:\/\/contextoanalisisperiodistico.com\/wp-content\/uploads\/2023\/08\/img-20230829-wa00605661822514070875338.jpg 1600w\" sizes=\"(max-width: 1024px) 100vw, 1024px\" \/><\/figure>\n\n\n\n<figure class=\"wp-block-image\"><img loading=\"lazy\" decoding=\"async\" width=\"1024\" height=\"682\" src=\"https:\/\/contextoanalisisperiodistico.com\/wp-content\/uploads\/2023\/08\/img-20230829-wa00594543062268301916452-1024x682.jpg\" alt=\"\" class=\"wp-image-18064\" srcset=\"https:\/\/contextoanalisisperiodistico.com\/wp-content\/uploads\/2023\/08\/img-20230829-wa00594543062268301916452-1024x682.jpg 1024w, https:\/\/contextoanalisisperiodistico.com\/wp-content\/uploads\/2023\/08\/img-20230829-wa00594543062268301916452-300x200.jpg 300w, https:\/\/contextoanalisisperiodistico.com\/wp-content\/uploads\/2023\/08\/img-20230829-wa00594543062268301916452-768x512.jpg 768w, https:\/\/contextoanalisisperiodistico.com\/wp-content\/uploads\/2023\/08\/img-20230829-wa00594543062268301916452-1536x1023.jpg 1536w, https:\/\/contextoanalisisperiodistico.com\/wp-content\/uploads\/2023\/08\/img-20230829-wa00594543062268301916452.jpg 1600w\" sizes=\"(max-width: 1024px) 100vw, 1024px\" \/><\/figure>\n\n\n\n<p>Oaxaca de Ju\u00e1rez, Oax. 29 de agosto de 2023.- La Octava Jornada de Paz y Justicia para Mujeres, Adolescentes y Ni\u00f1as brind\u00f3 cinco mil 717 atenciones durante cuatro d\u00edas en los municipios de San Juan Cacahuatepec, Santiago Llano Grande, Santiago Pinotepa Nacional y Santiago Jamiltepec.<\/p>\n\n\n\n<p>Bajo la coordinaci\u00f3n del Secretariado Ejecutivo del Sistema Estatal de Seguridad P\u00fablica (SESESP), la Jornada de Paz acerc\u00f3 servicios de m\u00e1s de 25 instituciones gubernamentales a la regi\u00f3n de la Costa.<\/p>\n\n\n\n<p>A trav\u00e9s de m\u00e1s de 90 servicios como asesor\u00edas psicol\u00f3gicas, jur\u00eddicas, oferta laboral, tr\u00e1mites registrales, programas y charlas de prevenci\u00f3n de la violencia, actividades l\u00fadicas, entre otros, la poblaci\u00f3n interesada se sum\u00f3 a las acciones para construir un estado de paz.<\/p>\n\n\n\n<p>Asimismo, se conformaron ocho redes de Mujeres Constructoras de Paz (Mucpaz) con 229 participantes que realizar\u00e1n acciones para la reconstrucci\u00f3n del tejido social y la igualdad sustantiva de g\u00e9nero.<\/p>\n\n\n\n<p>Por su parte, la Secretar\u00eda de Seguridad y Protecci\u00f3n Ciudadana (SSPC) benefici\u00f3 a 468 estudiantes, madres, padres y docentes de 14 instituciones educativas, mediante sesiones informativas sobre prevenci\u00f3n del abuso sexual infantil, adicciones, violencia en el noviazgo, riesgos en internet y el papel de la familia en la prevenci\u00f3n de la violencia y delincuencia.<\/p>\n\n\n\n<p>En tanto, siete artistas pl\u00e1sticos de la regi\u00f3n realizaron un mural sobre la prevenci\u00f3n de la violencia para promover a trav\u00e9s de la cultura y el arte, la participaci\u00f3n ciudadana como motor principal de construcci\u00f3n de paz.<\/p>\n\n\n\n<p>Con estos resultados, las jornadas de Paz y Justicia han brindado un total de 67 mil 851 atenciones en 29 municipios de todo el territorio oaxaque\u00f1o, fortaleciendo la prevenci\u00f3n y atenci\u00f3n de la violencia de g\u00e9nero para garantizar una vida libre de violencia para las mujeres.<\/p>\n\n\n\n<p><\/p>\n","protected":false},"excerpt":{"rendered":"<p>\u2022 Durante cuatro d\u00edas instituciones gubernamentales brindaron m\u00e1s de 90 servicios a la poblaci\u00f3n de&#8230;<\/p>\n","protected":false},"author":4,"featured_media":18060,"comment_status":"closed","ping_status":"open","sticky":false,"template":"","format":"standard","meta":{"footnotes":""},"categories":[9],"tags":[],"jetpack_sharing_enabled":true,"featured_image_urls":{"full":["https:\/\/contextoanalisisperiodistico.com\/wp-content\/uploads\/2023\/08\/IMG-20230829-WA0058.jpg",1600,1066,false],"thumbnail":["https:\/\/contextoanalisisperiodistico.com\/wp-content\/uploads\/2023\/08\/IMG-20230829-WA0058-150x150.jpg",150,150,true],"medium":["https:\/\/contextoanalisisperiodistico.com\/wp-content\/uploads\/2023\/08\/IMG-20230829-WA0058-300x200.jpg",300,200,true],"medium_large":["https:\/\/contextoanalisisperiodistico.com\/wp-content\/uploads\/2023\/08\/IMG-20230829-WA0058-768x512.jpg",640,427,true],"large":["https:\/\/contextoanalisisperiodistico.com\/wp-content\/uploads\/2023\/08\/IMG-20230829-WA0058-1024x682.jpg",640,426,true],"1536x1536":["https:\/\/contextoanalisisperiodistico.com\/wp-content\/uploads\/2023\/08\/IMG-20230829-WA0058-1536x1023.jpg",1536,1023,true],"2048x2048":["https:\/\/contextoanalisisperiodistico.com\/wp-content\/uploads\/2023\/08\/IMG-20230829-WA0058.jpg",1600,1066,false],"covernews-slider-full":["https:\/\/contextoanalisisperiodistico.com\/wp-content\/uploads\/2023\/08\/IMG-20230829-WA0058-1115x715.jpg",1115,715,true],"covernews-slider-center":["https:\/\/contextoanalisisperiodistico.com\/wp-content\/uploads\/2023\/08\/IMG-20230829-WA0058-800x500.jpg",800,500,true],"covernews-featured":["https:\/\/contextoanalisisperiodistico.com\/wp-content\/uploads\/2023\/08\/IMG-20230829-WA0058-1024x682.jpg",1024,682,true],"covernews-medium":["https:\/\/contextoanalisisperiodistico.com\/wp-content\/uploads\/2023\/08\/IMG-20230829-WA0058-540x340.jpg",540,340,true],"covernews-medium-square":["https:\/\/contextoanalisisperiodistico.com\/wp-content\/uploads\/2023\/08\/IMG-20230829-WA0058-400x250.jpg",400,250,true]},"author_info":{"display_name":"Mario Gir\u00f3n","author_link":"https:\/\/contextoanalisisperiodistico.com\/index.php\/author\/director\/"},"category_info":"<a href=\"https:\/\/contextoanalisisperiodistico.com\/index.php\/category\/politica\/\" rel=\"category tag\">Pol\u00edtica<\/a>","tag_info":"Pol\u00edtica","comment_count":"0","jetpack_featured_media_url":"https:\/\/contextoanalisisperiodistico.com\/wp-content\/uploads\/2023\/08\/IMG-20230829-WA0058.jpg","_links":{"self":[{"href":"https:\/\/contextoanalisisperiodistico.com\/index.php\/wp-json\/wp\/v2\/posts\/18059"}],"collection":[{"href":"https:\/\/contextoanalisisperiodistico.com\/index.php\/wp-json\/wp\/v2\/posts"}],"about":[{"href":"https:\/\/contextoanalisisperiodistico.com\/index.php\/wp-json\/wp\/v2\/types\/post"}],"author":[{"embeddable":true,"href":"https:\/\/contextoanalisisperiodistico.com\/index.php\/wp-json\/wp\/v2\/users\/4"}],"replies":[{"embeddable":true,"href":"https:\/\/contextoanalisisperiodistico.com\/index.php\/wp-json\/wp\/v2\/comments?post=18059"}],"version-history":[{"count":1,"href":"https:\/\/contextoanalisisperiodistico.com\/index.php\/wp-json\/wp\/v2\/posts\/18059\/revisions"}],"predecessor-version":[{"id":18065,"href":"https:\/\/contextoanalisisperiodistico.com\/index.php\/wp-json\/wp\/v2\/posts\/18059\/revisions\/18065"}],"wp:featuredmedia":[{"embeddable":true,"href":"https:\/\/contextoanalisisperiodistico.com\/index.php\/wp-json\/wp\/v2\/media\/18060"}],"wp:attachment":[{"href":"https:\/\/contextoanalisisperiodistico.com\/index.php\/wp-json\/wp\/v2\/media?parent=18059"}],"wp:term":[{"taxonomy":"category","embeddable":true,"href":"https:\/\/contextoanalisisperiodistico.com\/index.php\/wp-json\/wp\/v2\/categories?post=18059"},{"taxonomy":"post_tag","embeddable":true,"href":"https:\/\/contextoanalisisperiodistico.com\/index.php\/wp-json\/wp\/v2\/tags?post=18059"}],"curies":[{"name":"wp","href":"https:\/\/api.w.org\/{rel}","templated":true}]}}