{"id":18033,"date":"2023-08-29T11:53:36","date_gmt":"2023-08-29T17:53:36","guid":{"rendered":"https:\/\/contextoanalisisperiodistico.com\/?p=18033"},"modified":"2023-08-29T11:54:14","modified_gmt":"2023-08-29T17:54:14","slug":"se-beneficiaran-en-oaxaca-20-mil-estudiantes-con-lentes-del-programa-ver-bien-para-aprender-mejor","status":"publish","type":"post","link":"https:\/\/contextoanalisisperiodistico.com\/index.php\/2023\/08\/29\/se-beneficiaran-en-oaxaca-20-mil-estudiantes-con-lentes-del-programa-ver-bien-para-aprender-mejor\/","title":{"rendered":"Se beneficiar\u00e1n en Oaxaca 20 mil estudiantes con lentes del programa Ver Bien para Aprender Mejor"},"content":{"rendered":"<div id=\"fb-root\"><\/div>\n\n<p>\u2022 El Director General del IEEPO entreg\u00f3 en Santa Mar\u00eda Atzompa anteojos gratuitos a 533 estudiantes de primaria y secundaria<\/p>\n\n\n\n<figure class=\"wp-block-image size-large\"><img fetchpriority=\"high\" decoding=\"async\" width=\"1024\" height=\"770\" src=\"https:\/\/contextoanalisisperiodistico.com\/wp-content\/uploads\/2023\/08\/img-20230829-wa00384634448307702033382-1024x770.jpg\" alt=\"\" class=\"wp-image-18036\" srcset=\"https:\/\/contextoanalisisperiodistico.com\/wp-content\/uploads\/2023\/08\/img-20230829-wa00384634448307702033382-1024x770.jpg 1024w, https:\/\/contextoanalisisperiodistico.com\/wp-content\/uploads\/2023\/08\/img-20230829-wa00384634448307702033382-300x225.jpg 300w, https:\/\/contextoanalisisperiodistico.com\/wp-content\/uploads\/2023\/08\/img-20230829-wa00384634448307702033382-768x577.jpg 768w, https:\/\/contextoanalisisperiodistico.com\/wp-content\/uploads\/2023\/08\/img-20230829-wa00384634448307702033382.jpg 1280w\" sizes=\"(max-width: 1024px) 100vw, 1024px\" \/><\/figure>\n\n\n\n<figure class=\"wp-block-image\"><img decoding=\"async\" width=\"1024\" height=\"683\" src=\"https:\/\/contextoanalisisperiodistico.com\/wp-content\/uploads\/2023\/08\/img-20230829-wa00378542769957471827428-1024x683.jpg\" alt=\"\" class=\"wp-image-18035\" srcset=\"https:\/\/contextoanalisisperiodistico.com\/wp-content\/uploads\/2023\/08\/img-20230829-wa00378542769957471827428-1024x683.jpg 1024w, https:\/\/contextoanalisisperiodistico.com\/wp-content\/uploads\/2023\/08\/img-20230829-wa00378542769957471827428-300x200.jpg 300w, https:\/\/contextoanalisisperiodistico.com\/wp-content\/uploads\/2023\/08\/img-20230829-wa00378542769957471827428-768x512.jpg 768w, https:\/\/contextoanalisisperiodistico.com\/wp-content\/uploads\/2023\/08\/img-20230829-wa00378542769957471827428.jpg 1280w\" sizes=\"(max-width: 1024px) 100vw, 1024px\" \/><\/figure>\n\n\n\n<figure class=\"wp-block-image\"><img decoding=\"async\" width=\"1024\" height=\"559\" src=\"https:\/\/contextoanalisisperiodistico.com\/wp-content\/uploads\/2023\/08\/img-20230829-wa00413758277366493774599-1024x559.jpg\" alt=\"\" class=\"wp-image-18037\" srcset=\"https:\/\/contextoanalisisperiodistico.com\/wp-content\/uploads\/2023\/08\/img-20230829-wa00413758277366493774599-1024x559.jpg 1024w, https:\/\/contextoanalisisperiodistico.com\/wp-content\/uploads\/2023\/08\/img-20230829-wa00413758277366493774599-300x164.jpg 300w, https:\/\/contextoanalisisperiodistico.com\/wp-content\/uploads\/2023\/08\/img-20230829-wa00413758277366493774599-768x420.jpg 768w, https:\/\/contextoanalisisperiodistico.com\/wp-content\/uploads\/2023\/08\/img-20230829-wa00413758277366493774599-1536x839.jpg 1536w, https:\/\/contextoanalisisperiodistico.com\/wp-content\/uploads\/2023\/08\/img-20230829-wa00413758277366493774599.jpg 1600w\" sizes=\"(max-width: 1024px) 100vw, 1024px\" \/><\/figure>\n\n\n\n<p>Santa Mar\u00eda Atzompa, Oax. 29 de agosto de 2023.- En este 2023, como parte del programa Ver Bien para Aprender Mejor, 20 mil estudiantes de las ocho regiones de Oaxaca que tienen problemas visuales se beneficiar\u00e1n con lentes gratuitos, lo que contribuir\u00e1 a mejorar su calidad de vida, aprovechamiento acad\u00e9mico y aprendizaje.<\/p>\n\n\n\n<p>En Santa Mar\u00eda Atzompa, en representaci\u00f3n del Gobernador Salom\u00f3n Jara Cruz, el director general del Instituto Estatal de Educaci\u00f3n P\u00fablica de Oaxaca (IEEPO) Emilio Montero P\u00e9rez, realiz\u00f3 la entrega de 533 lentes gratuitos a estudiantes de 12 escuelas p\u00fablicas de primaria y secundaria, acompa\u00f1ado del presidente municipal, Juan Justino L\u00f3pez Torres; de la presidenta del DIF Municipal, Isidora Torres Reyes y representantes de diferentes \u00e1reas del instituto educativo.<\/p>\n\n\n\n<p>Las personas beneficiadas son parte de un total de mil 694 estudiantes de esta zona de los Valles Centrales, quienes previamente fueron diagnosticados y evaluados por especialistas en salud visual para brindarles el apoyo que requieren para atender problemas como miop\u00eda, hipermetrop\u00eda y astigmatismo de manera espec\u00edfica, y con ello apoyar en la econom\u00eda de las familias que afrontan carencias.<\/p>\n\n\n\n<p>En su intervenci\u00f3n, el director general del IEEPO inform\u00f3 que en el programa de este a\u00f1o se ejercer\u00e1 una inversi\u00f3n de 5 millones 82 mil 319 pesos y se operar\u00e1 en dos fases: la primera abarcar\u00e1 de septiembre a diciembre con la realizaci\u00f3n de 39 mil 735 estudios de detecci\u00f3n gruesa con el objetivo de entregar anteojos a 10 mil estudiantes, y la segunda fase se realizar\u00e1 de enero a mayo del pr\u00f3ximo a\u00f1o con el mismo n\u00famero de estudios y personas beneficiadas.<\/p>\n\n\n\n<p>\u201cEn la Primavera Oaxaque\u00f1a tenemos como firme prop\u00f3sito trabajar para el engrandecimiento de las ocho regiones del estado y firmemente por una educaci\u00f3n de calidad comprometida con el desarrollo econ\u00f3mico y social de las comunidades. En esa tarea las ni\u00f1as, ni\u00f1os y j\u00f3venes son nuestro primordial centro de atenci\u00f3n\u201d, puntualiz\u00f3.<\/p>\n\n\n\n<p>Montero P\u00e9rez mencion\u00f3 que en 24 a\u00f1os de trabajo en Oaxaca, el programa Ver Bien para Aprender Mejor, el cual funciona a trav\u00e9s de un acuerdo entre la Secretar\u00eda de Educaci\u00f3n P\u00fablica (SEP), el Gobierno Estatal y el Fideicomiso del Programa Nacional, ha atendido a cerca de 800 mil educandos, de los cuales cerca de 300 mil han recibido lentes gratuitos.<\/p>\n\n\n\n<p>Asistieron a la ceremonia protocolaria las directoras de Desarrollo Educativo, Karina Santiago Santiago; de la Mejora para la Convivencia Escolar, Xadani Narcedalia Huantes Bola\u00f1os; el oficial mayor Abel Jes\u00fas Leyva Gandarillas y el director de Servicios Regionales, Jaime Rub\u00e9n Gonz\u00e1lez M\u00e1rquez, as\u00ed como titulares de los niveles educativos, entre otras personas servidoras p\u00fablicas.<\/p>\n\n\n\n<p><\/p>\n","protected":false},"excerpt":{"rendered":"<p>\u2022 El Director General del IEEPO entreg\u00f3 en Santa Mar\u00eda Atzompa anteojos gratuitos a 533&#8230;<\/p>\n","protected":false},"author":4,"featured_media":18034,"comment_status":"closed","ping_status":"open","sticky":false,"template":"","format":"standard","meta":{"footnotes":""},"categories":[9],"tags":[],"jetpack_sharing_enabled":true,"featured_image_urls":{"full":["https:\/\/contextoanalisisperiodistico.com\/wp-content\/uploads\/2023\/08\/IMG-20230829-WA0039.jpg",1600,1007,false],"thumbnail":["https:\/\/contextoanalisisperiodistico.com\/wp-content\/uploads\/2023\/08\/IMG-20230829-WA0039-150x150.jpg",150,150,true],"medium":["https:\/\/contextoanalisisperiodistico.com\/wp-content\/uploads\/2023\/08\/IMG-20230829-WA0039-300x189.jpg",300,189,true],"medium_large":["https:\/\/contextoanalisisperiodistico.com\/wp-content\/uploads\/2023\/08\/IMG-20230829-WA0039-768x483.jpg",640,403,true],"large":["https:\/\/contextoanalisisperiodistico.com\/wp-content\/uploads\/2023\/08\/IMG-20230829-WA0039-1024x644.jpg",640,403,true],"1536x1536":["https:\/\/contextoanalisisperiodistico.com\/wp-content\/uploads\/2023\/08\/IMG-20230829-WA0039-1536x967.jpg",1536,967,true],"2048x2048":["https:\/\/contextoanalisisperiodistico.com\/wp-content\/uploads\/2023\/08\/IMG-20230829-WA0039.jpg",1600,1007,false],"covernews-slider-full":["https:\/\/contextoanalisisperiodistico.com\/wp-content\/uploads\/2023\/08\/IMG-20230829-WA0039-1115x715.jpg",1115,715,true],"covernews-slider-center":["https:\/\/contextoanalisisperiodistico.com\/wp-content\/uploads\/2023\/08\/IMG-20230829-WA0039-800x500.jpg",800,500,true],"covernews-featured":["https:\/\/contextoanalisisperiodistico.com\/wp-content\/uploads\/2023\/08\/IMG-20230829-WA0039-1024x644.jpg",1024,644,true],"covernews-medium":["https:\/\/contextoanalisisperiodistico.com\/wp-content\/uploads\/2023\/08\/IMG-20230829-WA0039-540x340.jpg",540,340,true],"covernews-medium-square":["https:\/\/contextoanalisisperiodistico.com\/wp-content\/uploads\/2023\/08\/IMG-20230829-WA0039-400x250.jpg",400,250,true]},"author_info":{"display_name":"Mario Gir\u00f3n","author_link":"https:\/\/contextoanalisisperiodistico.com\/index.php\/author\/director\/"},"category_info":"<a href=\"https:\/\/contextoanalisisperiodistico.com\/index.php\/category\/politica\/\" rel=\"category tag\">Pol\u00edtica<\/a>","tag_info":"Pol\u00edtica","comment_count":"0","jetpack_featured_media_url":"https:\/\/contextoanalisisperiodistico.com\/wp-content\/uploads\/2023\/08\/IMG-20230829-WA0039.jpg","_links":{"self":[{"href":"https:\/\/contextoanalisisperiodistico.com\/index.php\/wp-json\/wp\/v2\/posts\/18033"}],"collection":[{"href":"https:\/\/contextoanalisisperiodistico.com\/index.php\/wp-json\/wp\/v2\/posts"}],"about":[{"href":"https:\/\/contextoanalisisperiodistico.com\/index.php\/wp-json\/wp\/v2\/types\/post"}],"author":[{"embeddable":true,"href":"https:\/\/contextoanalisisperiodistico.com\/index.php\/wp-json\/wp\/v2\/users\/4"}],"replies":[{"embeddable":true,"href":"https:\/\/contextoanalisisperiodistico.com\/index.php\/wp-json\/wp\/v2\/comments?post=18033"}],"version-history":[{"count":1,"href":"https:\/\/contextoanalisisperiodistico.com\/index.php\/wp-json\/wp\/v2\/posts\/18033\/revisions"}],"predecessor-version":[{"id":18038,"href":"https:\/\/contextoanalisisperiodistico.com\/index.php\/wp-json\/wp\/v2\/posts\/18033\/revisions\/18038"}],"wp:featuredmedia":[{"embeddable":true,"href":"https:\/\/contextoanalisisperiodistico.com\/index.php\/wp-json\/wp\/v2\/media\/18034"}],"wp:attachment":[{"href":"https:\/\/contextoanalisisperiodistico.com\/index.php\/wp-json\/wp\/v2\/media?parent=18033"}],"wp:term":[{"taxonomy":"category","embeddable":true,"href":"https:\/\/contextoanalisisperiodistico.com\/index.php\/wp-json\/wp\/v2\/categories?post=18033"},{"taxonomy":"post_tag","embeddable":true,"href":"https:\/\/contextoanalisisperiodistico.com\/index.php\/wp-json\/wp\/v2\/tags?post=18033"}],"curies":[{"name":"wp","href":"https:\/\/api.w.org\/{rel}","templated":true}]}}