{"id":18023,"date":"2023-08-29T10:00:28","date_gmt":"2023-08-29T16:00:28","guid":{"rendered":"https:\/\/contextoanalisisperiodistico.com\/?p=18023"},"modified":"2023-08-29T10:02:16","modified_gmt":"2023-08-29T16:02:16","slug":"inaugura-cseiio-ciclo-escolar-2023-2024-en-coatecas-altas","status":"publish","type":"post","link":"https:\/\/contextoanalisisperiodistico.com\/index.php\/2023\/08\/29\/inaugura-cseiio-ciclo-escolar-2023-2024-en-coatecas-altas\/","title":{"rendered":"Inaugura CSEIIO Ciclo Escolar 2023-2024 en Coatecas Altas"},"content":{"rendered":"<div id=\"fb-root\"><\/div>\n\n<p>\u2022 En la administraci\u00f3n de Salom\u00f3n Jara Cruz se fortalece la pol\u00edtica educativa para dejar atr\u00e1s rezagos en la materia<\/p>\n\n\n\n<p>Coatecas Altas, Oax. 29 de agosto de 2023.- Para privilegiar el acceso y el derecho a la educaci\u00f3n p\u00fablica de calidad como inter\u00e9s superior de la juventud de los pueblos y comunidades, se inaugur\u00f3 el ciclo escolar 2023-2024 del Colegio Superior para la Educaci\u00f3n Integral Intercultural de Oaxaca (CSEIIO) en todo el estado.<\/p>\n\n\n\n<p>En las instalaciones del Bachillerato Integral Comunitario (BIC) 46, ubicado en este municipio de la regi\u00f3n de Valles Centrales, el director general del CSEIIO, Ren\u00e9 V\u00e1squez Castillejos asegur\u00f3 que por instrucciones del Gobernador Salom\u00f3n Jara Cruz, se fortalecen las directrices del rubro educativo en el estado, con el prop\u00f3sito de dejar atr\u00e1s los rezagos que de manera hist\u00f3rica se tiene con las comunidades y sus habitantes.<\/p>\n\n\n\n<p>\u201cLa educaci\u00f3n es el camino m\u00e1s seguro para acceder a mejores condiciones de vida y al bienestar de nuestras familias, con educaci\u00f3n vamos a construir la transformaci\u00f3n de Oaxaca, a superar la exclusi\u00f3n, la desigualdad social y econ\u00f3mica y la discriminaci\u00f3n\u201d, manifest\u00f3 V\u00e1squez Castillejos.<\/p>\n\n\n\n<p>Luego de dirigir su mensaje, y acompa\u00f1ado del alumnado, personal docente y directivo, as\u00ed como autoridades municipales, el titular del Colegio particip\u00f3 en un programa c\u00edvico &#8211; social en el que despu\u00e9s de dar por iniciado el ciclo escolar, el estudiantado present\u00f3 una poes\u00eda y dos bailables.<\/p>\n\n\n\n<p>A este evento acudieron tambi\u00e9n en representaci\u00f3n de la secretaria de Educaci\u00f3n P\u00fablica de Oaxaca, Delfina Guzm\u00e1n D\u00edaz, la jefa del Departamento de Funciones Acad\u00e9micas, Jessica Soledad Ortiz Guzm\u00e1n y el secretario general del Sindicato \u00danico de Trabajadores al Servicio del CSEIIO, Elvis Garc\u00eda Jim\u00e9nez.<\/p>\n\n\n\n<p><\/p>\n\n\n\n<figure class=\"wp-block-image size-large\"><img fetchpriority=\"high\" decoding=\"async\" width=\"1024\" height=\"576\" src=\"https:\/\/contextoanalisisperiodistico.com\/wp-content\/uploads\/2023\/08\/img-20230829-wa00243940978822658150314-1024x576.jpg\" alt=\"\" class=\"wp-image-18025\" srcset=\"https:\/\/contextoanalisisperiodistico.com\/wp-content\/uploads\/2023\/08\/img-20230829-wa00243940978822658150314-1024x576.jpg 1024w, https:\/\/contextoanalisisperiodistico.com\/wp-content\/uploads\/2023\/08\/img-20230829-wa00243940978822658150314-300x169.jpg 300w, https:\/\/contextoanalisisperiodistico.com\/wp-content\/uploads\/2023\/08\/img-20230829-wa00243940978822658150314-768x432.jpg 768w, https:\/\/contextoanalisisperiodistico.com\/wp-content\/uploads\/2023\/08\/img-20230829-wa00243940978822658150314-1536x864.jpg 1536w, https:\/\/contextoanalisisperiodistico.com\/wp-content\/uploads\/2023\/08\/img-20230829-wa00243940978822658150314.jpg 1600w\" sizes=\"(max-width: 1024px) 100vw, 1024px\" \/><\/figure>\n\n\n\n<figure class=\"wp-block-image\"><img decoding=\"async\" width=\"1024\" height=\"460\" src=\"https:\/\/contextoanalisisperiodistico.com\/wp-content\/uploads\/2023\/08\/img-20230829-wa00274864959546464268681-1024x460.jpg\" alt=\"\" class=\"wp-image-18026\" srcset=\"https:\/\/contextoanalisisperiodistico.com\/wp-content\/uploads\/2023\/08\/img-20230829-wa00274864959546464268681-1024x460.jpg 1024w, https:\/\/contextoanalisisperiodistico.com\/wp-content\/uploads\/2023\/08\/img-20230829-wa00274864959546464268681-300x135.jpg 300w, https:\/\/contextoanalisisperiodistico.com\/wp-content\/uploads\/2023\/08\/img-20230829-wa00274864959546464268681-768x345.jpg 768w, https:\/\/contextoanalisisperiodistico.com\/wp-content\/uploads\/2023\/08\/img-20230829-wa00274864959546464268681-1536x689.jpg 1536w, https:\/\/contextoanalisisperiodistico.com\/wp-content\/uploads\/2023\/08\/img-20230829-wa00274864959546464268681.jpg 1600w\" sizes=\"(max-width: 1024px) 100vw, 1024px\" \/><\/figure>\n","protected":false},"excerpt":{"rendered":"<p>\u2022 En la administraci\u00f3n de Salom\u00f3n Jara Cruz se fortalece la pol\u00edtica educativa para dejar&#8230;<\/p>\n","protected":false},"author":4,"featured_media":18024,"comment_status":"closed","ping_status":"open","sticky":false,"template":"","format":"standard","meta":{"footnotes":""},"categories":[9],"tags":[],"jetpack_sharing_enabled":true,"featured_image_urls":{"full":["https:\/\/contextoanalisisperiodistico.com\/wp-content\/uploads\/2023\/08\/IMG-20230829-WA0026.jpg",1600,1200,false],"thumbnail":["https:\/\/contextoanalisisperiodistico.com\/wp-content\/uploads\/2023\/08\/IMG-20230829-WA0026-150x150.jpg",150,150,true],"medium":["https:\/\/contextoanalisisperiodistico.com\/wp-content\/uploads\/2023\/08\/IMG-20230829-WA0026-300x225.jpg",300,225,true],"medium_large":["https:\/\/contextoanalisisperiodistico.com\/wp-content\/uploads\/2023\/08\/IMG-20230829-WA0026-768x576.jpg",640,480,true],"large":["https:\/\/contextoanalisisperiodistico.com\/wp-content\/uploads\/2023\/08\/IMG-20230829-WA0026-1024x768.jpg",640,480,true],"1536x1536":["https:\/\/contextoanalisisperiodistico.com\/wp-content\/uploads\/2023\/08\/IMG-20230829-WA0026-1536x1152.jpg",1536,1152,true],"2048x2048":["https:\/\/contextoanalisisperiodistico.com\/wp-content\/uploads\/2023\/08\/IMG-20230829-WA0026.jpg",1600,1200,false],"covernews-slider-full":["https:\/\/contextoanalisisperiodistico.com\/wp-content\/uploads\/2023\/08\/IMG-20230829-WA0026-1115x715.jpg",1115,715,true],"covernews-slider-center":["https:\/\/contextoanalisisperiodistico.com\/wp-content\/uploads\/2023\/08\/IMG-20230829-WA0026-800x500.jpg",800,500,true],"covernews-featured":["https:\/\/contextoanalisisperiodistico.com\/wp-content\/uploads\/2023\/08\/IMG-20230829-WA0026-1024x768.jpg",1024,768,true],"covernews-medium":["https:\/\/contextoanalisisperiodistico.com\/wp-content\/uploads\/2023\/08\/IMG-20230829-WA0026-540x340.jpg",540,340,true],"covernews-medium-square":["https:\/\/contextoanalisisperiodistico.com\/wp-content\/uploads\/2023\/08\/IMG-20230829-WA0026-400x250.jpg",400,250,true]},"author_info":{"display_name":"Mario Gir\u00f3n","author_link":"https:\/\/contextoanalisisperiodistico.com\/index.php\/author\/director\/"},"category_info":"<a href=\"https:\/\/contextoanalisisperiodistico.com\/index.php\/category\/politica\/\" rel=\"category tag\">Pol\u00edtica<\/a>","tag_info":"Pol\u00edtica","comment_count":"0","jetpack_featured_media_url":"https:\/\/contextoanalisisperiodistico.com\/wp-content\/uploads\/2023\/08\/IMG-20230829-WA0026.jpg","_links":{"self":[{"href":"https:\/\/contextoanalisisperiodistico.com\/index.php\/wp-json\/wp\/v2\/posts\/18023"}],"collection":[{"href":"https:\/\/contextoanalisisperiodistico.com\/index.php\/wp-json\/wp\/v2\/posts"}],"about":[{"href":"https:\/\/contextoanalisisperiodistico.com\/index.php\/wp-json\/wp\/v2\/types\/post"}],"author":[{"embeddable":true,"href":"https:\/\/contextoanalisisperiodistico.com\/index.php\/wp-json\/wp\/v2\/users\/4"}],"replies":[{"embeddable":true,"href":"https:\/\/contextoanalisisperiodistico.com\/index.php\/wp-json\/wp\/v2\/comments?post=18023"}],"version-history":[{"count":1,"href":"https:\/\/contextoanalisisperiodistico.com\/index.php\/wp-json\/wp\/v2\/posts\/18023\/revisions"}],"predecessor-version":[{"id":18027,"href":"https:\/\/contextoanalisisperiodistico.com\/index.php\/wp-json\/wp\/v2\/posts\/18023\/revisions\/18027"}],"wp:featuredmedia":[{"embeddable":true,"href":"https:\/\/contextoanalisisperiodistico.com\/index.php\/wp-json\/wp\/v2\/media\/18024"}],"wp:attachment":[{"href":"https:\/\/contextoanalisisperiodistico.com\/index.php\/wp-json\/wp\/v2\/media?parent=18023"}],"wp:term":[{"taxonomy":"category","embeddable":true,"href":"https:\/\/contextoanalisisperiodistico.com\/index.php\/wp-json\/wp\/v2\/categories?post=18023"},{"taxonomy":"post_tag","embeddable":true,"href":"https:\/\/contextoanalisisperiodistico.com\/index.php\/wp-json\/wp\/v2\/tags?post=18023"}],"curies":[{"name":"wp","href":"https:\/\/api.w.org\/{rel}","templated":true}]}}