{"id":17974,"date":"2023-08-27T17:26:24","date_gmt":"2023-08-27T23:26:24","guid":{"rendered":"https:\/\/contextoanalisisperiodistico.com\/?p=17974"},"modified":"2023-08-27T17:26:53","modified_gmt":"2023-08-27T23:26:53","slug":"continua-gobierno-de-oaxaca-en-defensa-del-territorio-chimalapa-en-un-marco-de-paz-civilidad-y-respeto-sego-2","status":"publish","type":"post","link":"https:\/\/contextoanalisisperiodistico.com\/index.php\/2023\/08\/27\/continua-gobierno-de-oaxaca-en-defensa-del-territorio-chimalapa-en-un-marco-de-paz-civilidad-y-respeto-sego-2\/","title":{"rendered":"Contin\u00faa Gobierno de Oaxaca en defensa del territorio Chimalapa en un marco de paz, civilidad y respeto: Sego"},"content":{"rendered":"<div id=\"fb-root\"><\/div>\n\n<p>\u2022 El secretario de Gobierno Jes\u00fas Romero L\u00f3pez, acompa\u00f1ado del Consejero Jur\u00eddico del Estado Geovany V\u00e1squez Sagrego, participaron en una asamblea informativa en Santa Mar\u00eda Chimalapa<\/p>\n\n\n\n<figure class=\"wp-block-image size-large\"><img fetchpriority=\"high\" decoding=\"async\" width=\"1024\" height=\"682\" src=\"https:\/\/contextoanalisisperiodistico.com\/wp-content\/uploads\/2023\/08\/img-20230827-wa00685302909165001832980.jpg\" alt=\"\" class=\"wp-image-17976\" srcset=\"https:\/\/contextoanalisisperiodistico.com\/wp-content\/uploads\/2023\/08\/img-20230827-wa00685302909165001832980.jpg 1024w, https:\/\/contextoanalisisperiodistico.com\/wp-content\/uploads\/2023\/08\/img-20230827-wa00685302909165001832980-300x200.jpg 300w, https:\/\/contextoanalisisperiodistico.com\/wp-content\/uploads\/2023\/08\/img-20230827-wa00685302909165001832980-768x512.jpg 768w\" sizes=\"(max-width: 1024px) 100vw, 1024px\" \/><\/figure>\n\n\n\n<figure class=\"wp-block-image\"><img decoding=\"async\" width=\"300\" height=\"200\" src=\"https:\/\/contextoanalisisperiodistico.com\/wp-content\/uploads\/2023\/08\/img-20230827-wa00665972148356100097746-300x200.jpg\" alt=\"\" class=\"wp-image-17977\" srcset=\"https:\/\/contextoanalisisperiodistico.com\/wp-content\/uploads\/2023\/08\/img-20230827-wa00665972148356100097746-300x200.jpg 300w, https:\/\/contextoanalisisperiodistico.com\/wp-content\/uploads\/2023\/08\/img-20230827-wa00665972148356100097746-768x512.jpg 768w, https:\/\/contextoanalisisperiodistico.com\/wp-content\/uploads\/2023\/08\/img-20230827-wa00665972148356100097746.jpg 1024w\" sizes=\"(max-width: 300px) 100vw, 300px\" \/><\/figure>\n\n\n\n<p>Santa Mar\u00eda Chimalapa, Oax. 27 de agosto de 2023.- El secretario de Gobierno Jes\u00fas Romero L\u00f3pez se reuni\u00f3 con autoridades municipales y agrarias del municipio de Santa Mar\u00eda Chimalapa a quienes plante\u00f3 la importancia de trazar una ruta conjunta de atenci\u00f3n entre autoridades comunales, municipales y el Gobierno del Estado para continuar con la defensa de los chimalapas.<\/p>\n\n\n\n<p>Lo anterior, a fin de que los procesos jur\u00eddicos por la defensa de este territorio que se mantienen pendientes ante la Suprema Corte de Justicia de la Naci\u00f3n (SCJN) sean atendidos de manera pronta.<\/p>\n\n\n\n<p>Acompa\u00f1ado por el Consejero Jur\u00eddico y Asistente Legal del Estado, Geovany V\u00e1squez Sagrero, el responsable de la pol\u00edtica interna en la entidad explic\u00f3 ante comuneros, autoridades municipales, el consejo de vigilancia y el comisariado, que se debe definir un mecanismo de atenci\u00f3n para ser presentado de manera conjunta ante la Suprema Corte de Justicia de la Naci\u00f3n.<\/p>\n\n\n\n<p>Explic\u00f3 que el mecanismo de atenci\u00f3n surgir\u00e1 a partir de los acuerdos emanados de la asamblea, por lo que propone hacer una solicitud conjunta para que la atenci\u00f3n a este tema sea tratado como un asunto prioritario por la Suprema Corte de Justicia de la Naci\u00f3n, \u201ctenemos que caminar de manera conjunta en esta exigencia\u201d, asever\u00f3.<\/p>\n\n\n\n<p>Jes\u00fas Romero L\u00f3pez reiter\u00f3 el compromiso del Gobernador Salom\u00f3n Jara Cruz de respaldar los acuerdos de la asamblea, siempre que sean constituidos en un marco de paz, civilidad y respeto.<\/p>\n\n\n\n<p>El secretario de Gobierno extern\u00f3 que el Mandatario Estatal est\u00e1 atento a la petici\u00f3n de la asamblea para transmitirla al Presidente Andr\u00e9s Manuel L\u00f3pez Obrador, para quienes el asunto es prioritario, \u201cPong\u00e1monos de acuerdo para que empujemos juntos en la Corte\u201d, concluy\u00f3.<\/p>\n\n\n\n<p>Este encuentro se realiz\u00f3 como parte del Eje Paz Territorial, del Programa Estatal de Paz con Justicia y Bienestar para el Pueblo de Oaxaca, y se acord\u00f3 una pr\u00f3xima reuni\u00f3n en esta semana en la ciudad de Oaxaca de Ju\u00e1rez.<\/p>\n","protected":false},"excerpt":{"rendered":"<p>\u2022 El secretario de Gobierno Jes\u00fas Romero L\u00f3pez, acompa\u00f1ado del Consejero Jur\u00eddico del Estado Geovany&#8230;<\/p>\n","protected":false},"author":4,"featured_media":17975,"comment_status":"closed","ping_status":"open","sticky":false,"template":"","format":"standard","meta":{"footnotes":""},"categories":[9],"tags":[],"jetpack_sharing_enabled":true,"featured_image_urls":{"full":["https:\/\/contextoanalisisperiodistico.com\/wp-content\/uploads\/2023\/08\/IMG-20230827-WA0067-1.jpg",1024,682,false],"thumbnail":["https:\/\/contextoanalisisperiodistico.com\/wp-content\/uploads\/2023\/08\/IMG-20230827-WA0067-1-150x150.jpg",150,150,true],"medium":["https:\/\/contextoanalisisperiodistico.com\/wp-content\/uploads\/2023\/08\/IMG-20230827-WA0067-1-300x200.jpg",300,200,true],"medium_large":["https:\/\/contextoanalisisperiodistico.com\/wp-content\/uploads\/2023\/08\/IMG-20230827-WA0067-1-768x512.jpg",640,427,true],"large":["https:\/\/contextoanalisisperiodistico.com\/wp-content\/uploads\/2023\/08\/IMG-20230827-WA0067-1.jpg",640,426,false],"1536x1536":["https:\/\/contextoanalisisperiodistico.com\/wp-content\/uploads\/2023\/08\/IMG-20230827-WA0067-1.jpg",1024,682,false],"2048x2048":["https:\/\/contextoanalisisperiodistico.com\/wp-content\/uploads\/2023\/08\/IMG-20230827-WA0067-1.jpg",1024,682,false],"covernews-slider-full":["https:\/\/contextoanalisisperiodistico.com\/wp-content\/uploads\/2023\/08\/IMG-20230827-WA0067-1.jpg",1024,682,false],"covernews-slider-center":["https:\/\/contextoanalisisperiodistico.com\/wp-content\/uploads\/2023\/08\/IMG-20230827-WA0067-1-800x500.jpg",800,500,true],"covernews-featured":["https:\/\/contextoanalisisperiodistico.com\/wp-content\/uploads\/2023\/08\/IMG-20230827-WA0067-1.jpg",1024,682,false],"covernews-medium":["https:\/\/contextoanalisisperiodistico.com\/wp-content\/uploads\/2023\/08\/IMG-20230827-WA0067-1-540x340.jpg",540,340,true],"covernews-medium-square":["https:\/\/contextoanalisisperiodistico.com\/wp-content\/uploads\/2023\/08\/IMG-20230827-WA0067-1-400x250.jpg",400,250,true]},"author_info":{"display_name":"Mario Gir\u00f3n","author_link":"https:\/\/contextoanalisisperiodistico.com\/index.php\/author\/director\/"},"category_info":"<a href=\"https:\/\/contextoanalisisperiodistico.com\/index.php\/category\/politica\/\" rel=\"category tag\">Pol\u00edtica<\/a>","tag_info":"Pol\u00edtica","comment_count":"0","jetpack_featured_media_url":"https:\/\/contextoanalisisperiodistico.com\/wp-content\/uploads\/2023\/08\/IMG-20230827-WA0067-1.jpg","_links":{"self":[{"href":"https:\/\/contextoanalisisperiodistico.com\/index.php\/wp-json\/wp\/v2\/posts\/17974"}],"collection":[{"href":"https:\/\/contextoanalisisperiodistico.com\/index.php\/wp-json\/wp\/v2\/posts"}],"about":[{"href":"https:\/\/contextoanalisisperiodistico.com\/index.php\/wp-json\/wp\/v2\/types\/post"}],"author":[{"embeddable":true,"href":"https:\/\/contextoanalisisperiodistico.com\/index.php\/wp-json\/wp\/v2\/users\/4"}],"replies":[{"embeddable":true,"href":"https:\/\/contextoanalisisperiodistico.com\/index.php\/wp-json\/wp\/v2\/comments?post=17974"}],"version-history":[{"count":1,"href":"https:\/\/contextoanalisisperiodistico.com\/index.php\/wp-json\/wp\/v2\/posts\/17974\/revisions"}],"predecessor-version":[{"id":17978,"href":"https:\/\/contextoanalisisperiodistico.com\/index.php\/wp-json\/wp\/v2\/posts\/17974\/revisions\/17978"}],"wp:featuredmedia":[{"embeddable":true,"href":"https:\/\/contextoanalisisperiodistico.com\/index.php\/wp-json\/wp\/v2\/media\/17975"}],"wp:attachment":[{"href":"https:\/\/contextoanalisisperiodistico.com\/index.php\/wp-json\/wp\/v2\/media?parent=17974"}],"wp:term":[{"taxonomy":"category","embeddable":true,"href":"https:\/\/contextoanalisisperiodistico.com\/index.php\/wp-json\/wp\/v2\/categories?post=17974"},{"taxonomy":"post_tag","embeddable":true,"href":"https:\/\/contextoanalisisperiodistico.com\/index.php\/wp-json\/wp\/v2\/tags?post=17974"}],"curies":[{"name":"wp","href":"https:\/\/api.w.org\/{rel}","templated":true}]}}