{"id":17964,"date":"2023-08-27T16:14:22","date_gmt":"2023-08-27T22:14:22","guid":{"rendered":"https:\/\/contextoanalisisperiodistico.com\/?p=17964"},"modified":"2023-08-27T16:14:51","modified_gmt":"2023-08-27T22:14:51","slug":"evaluan-avances-del-plan-de-apoyo-a-personas-afectadas-por-el-huracan-agatha","status":"publish","type":"post","link":"https:\/\/contextoanalisisperiodistico.com\/index.php\/2023\/08\/27\/evaluan-avances-del-plan-de-apoyo-a-personas-afectadas-por-el-huracan-agatha\/","title":{"rendered":"<em>Eval\u00faan avances del Plan de Apoyo a Personas Afectadas por el Hurac\u00e1n Agatha<\/em>"},"content":{"rendered":"<div id=\"fb-root\"><\/div>\n\n<p>\u2022 Durante la visita del Presidente Andr\u00e9s Manuel L\u00f3pez Obrador, el Gobernador Salom\u00f3n Jara se\u00f1al\u00f3 que este modelo comprob\u00f3 que los municipios pueden ser corresponsables y ejercer con responsabilidad, honestidad y eficiencia el dinero del pueblo en beneficio colectivo<\/p>\n\n\n\n<p>Santa Mar\u00eda Huatulco, Oax. 27 de agosto de 2023.- El Gobernador Salom\u00f3n Jara Cruz y el Presidente de la Rep\u00fablica Andr\u00e9s Manuel L\u00f3pez Obrador evaluaron los avances del Plan de Apoyo a Personas Afectadas por el Hurac\u00e1n Agatha.<\/p>\n\n\n\n<p>En el marco de la visita del Presidente a Oaxaca, el Mandatario Estatal agradeci\u00f3 los recursos adicionales que el Presidente de la Rep\u00fablica asign\u00f3 a la entidad para apoyar directamente a los 31 municipios que resultaron afectados por este fen\u00f3meno en 2022.<\/p>\n\n\n\n<p>\u201cLo que hoy se eval\u00faa es el \u00e9xito de un modelo participativo que con escasas excepciones nos ha permitido comprobar que los municipios pueden ser corresponsables y ejercer, con responsabilidad, honestidad y eficiencia, el dinero del pueblo en beneficio colectivo\u201d, afirm\u00f3 en este encuentro al que asistieron las autoridades de los 31 municipios, as\u00ed como la secretaria de Gobernaci\u00f3n Luisa Mar\u00eda Alcalde Luj\u00e1n y funcionarios federales.<\/p>\n\n\n\n<p>Cabe mencionar que estos recursos adicionales corresponden a un monto de mil 100 millones de pesos, de los cuales 500 millones se entregar\u00e1n este a\u00f1o y 600 en el 2024, a fin de atender el grave rezago y las necesidades de los 31 pueblos afectados.<\/p>\n\n\n\n<p>Este recurso se suma a los mil 200 millones de pesos que el Gobierno de M\u00e9xico destin\u00f3 de manera emergente tras el paso de este hurac\u00e1n para hacer frente a los desastres naturales, aplicando con ello un nuevo modelo de intervenci\u00f3n, sin intermediarios, que permiti\u00f3 que los recursos llegaran a quien los necesitaba.<\/p>\n\n\n\n<p>De esta manera, Jara Cruz reiter\u00f3 al Presidente Andr\u00e9s Manuel L\u00f3pez Obrador su agradecimiento por el apoyo constante y por el compromiso de su gobierno con el bienestar de las personas afectadas.<\/p>\n\n\n\n<p>Destac\u00f3 que a inicios del a\u00f1o se realizaron asambleas para constatar en voz de las propias comunidades la utilizaci\u00f3n y destino de los recursos asignados a los 31 municipios afectados, con lo que dijo, \u201cqued\u00f3 demostrado que se puede confiar en la gente y que no hay otra ruta m\u00e1s que gobernar para y con el pueblo\u201d.<\/p>\n\n\n\n<p>En este encuentro estuvieron presentes el secretario de la Defensa Nacional (Sedena), General Luis Cresencio Sandoval Gonz\u00e1lez; el secretario de Marina (Semar), Almirante Jos\u00e9 Rafael Ojeda Dur\u00e1n; la secretaria de Bienestar Ariadna Montiel Reyes; el secretario de Infraestructura, Comunicaciones y Transportes, Jorge Nu\u00f1o Lara, y la secretaria de Educaci\u00f3n P\u00fablica, Leticia Ram\u00edrez Amaya.<\/p>\n\n\n\n<p><\/p>\n\n\n\n<figure class=\"wp-block-image size-large\"><img fetchpriority=\"high\" decoding=\"async\" width=\"1024\" height=\"682\" src=\"https:\/\/contextoanalisisperiodistico.com\/wp-content\/uploads\/2023\/08\/img-20230827-wa00611323826915492126310-1024x682.jpg\" alt=\"\" class=\"wp-image-17966\" srcset=\"https:\/\/contextoanalisisperiodistico.com\/wp-content\/uploads\/2023\/08\/img-20230827-wa00611323826915492126310-1024x682.jpg 1024w, https:\/\/contextoanalisisperiodistico.com\/wp-content\/uploads\/2023\/08\/img-20230827-wa00611323826915492126310-300x200.jpg 300w, https:\/\/contextoanalisisperiodistico.com\/wp-content\/uploads\/2023\/08\/img-20230827-wa00611323826915492126310-768x512.jpg 768w, https:\/\/contextoanalisisperiodistico.com\/wp-content\/uploads\/2023\/08\/img-20230827-wa00611323826915492126310-1536x1023.jpg 1536w, https:\/\/contextoanalisisperiodistico.com\/wp-content\/uploads\/2023\/08\/img-20230827-wa00611323826915492126310.jpg 1600w\" sizes=\"(max-width: 1024px) 100vw, 1024px\" \/><\/figure>\n\n\n\n<figure class=\"wp-block-image\"><img decoding=\"async\" width=\"1024\" height=\"682\" src=\"https:\/\/contextoanalisisperiodistico.com\/wp-content\/uploads\/2023\/08\/img-20230827-wa00603244766251627469563-1024x682.jpg\" alt=\"\" class=\"wp-image-17967\" srcset=\"https:\/\/contextoanalisisperiodistico.com\/wp-content\/uploads\/2023\/08\/img-20230827-wa00603244766251627469563-1024x682.jpg 1024w, https:\/\/contextoanalisisperiodistico.com\/wp-content\/uploads\/2023\/08\/img-20230827-wa00603244766251627469563-300x200.jpg 300w, https:\/\/contextoanalisisperiodistico.com\/wp-content\/uploads\/2023\/08\/img-20230827-wa00603244766251627469563-768x512.jpg 768w, https:\/\/contextoanalisisperiodistico.com\/wp-content\/uploads\/2023\/08\/img-20230827-wa00603244766251627469563-1536x1023.jpg 1536w, https:\/\/contextoanalisisperiodistico.com\/wp-content\/uploads\/2023\/08\/img-20230827-wa00603244766251627469563.jpg 1600w\" sizes=\"(max-width: 1024px) 100vw, 1024px\" \/><\/figure>\n","protected":false},"excerpt":{"rendered":"<p>\u2022 Durante la visita del Presidente Andr\u00e9s Manuel L\u00f3pez Obrador, el Gobernador Salom\u00f3n Jara se\u00f1al\u00f3&#8230;<\/p>\n","protected":false},"author":4,"featured_media":17965,"comment_status":"closed","ping_status":"open","sticky":false,"template":"","format":"standard","meta":{"footnotes":""},"categories":[9],"tags":[],"jetpack_sharing_enabled":true,"featured_image_urls":{"full":["https:\/\/contextoanalisisperiodistico.com\/wp-content\/uploads\/2023\/08\/IMG-20230827-WA0058.jpg",1600,1066,false],"thumbnail":["https:\/\/contextoanalisisperiodistico.com\/wp-content\/uploads\/2023\/08\/IMG-20230827-WA0058-150x150.jpg",150,150,true],"medium":["https:\/\/contextoanalisisperiodistico.com\/wp-content\/uploads\/2023\/08\/IMG-20230827-WA0058-300x200.jpg",300,200,true],"medium_large":["https:\/\/contextoanalisisperiodistico.com\/wp-content\/uploads\/2023\/08\/IMG-20230827-WA0058-768x512.jpg",640,427,true],"large":["https:\/\/contextoanalisisperiodistico.com\/wp-content\/uploads\/2023\/08\/IMG-20230827-WA0058-1024x682.jpg",640,426,true],"1536x1536":["https:\/\/contextoanalisisperiodistico.com\/wp-content\/uploads\/2023\/08\/IMG-20230827-WA0058-1536x1023.jpg",1536,1023,true],"2048x2048":["https:\/\/contextoanalisisperiodistico.com\/wp-content\/uploads\/2023\/08\/IMG-20230827-WA0058.jpg",1600,1066,false],"covernews-slider-full":["https:\/\/contextoanalisisperiodistico.com\/wp-content\/uploads\/2023\/08\/IMG-20230827-WA0058-1115x715.jpg",1115,715,true],"covernews-slider-center":["https:\/\/contextoanalisisperiodistico.com\/wp-content\/uploads\/2023\/08\/IMG-20230827-WA0058-800x500.jpg",800,500,true],"covernews-featured":["https:\/\/contextoanalisisperiodistico.com\/wp-content\/uploads\/2023\/08\/IMG-20230827-WA0058-1024x682.jpg",1024,682,true],"covernews-medium":["https:\/\/contextoanalisisperiodistico.com\/wp-content\/uploads\/2023\/08\/IMG-20230827-WA0058-540x340.jpg",540,340,true],"covernews-medium-square":["https:\/\/contextoanalisisperiodistico.com\/wp-content\/uploads\/2023\/08\/IMG-20230827-WA0058-400x250.jpg",400,250,true]},"author_info":{"display_name":"Mario Gir\u00f3n","author_link":"https:\/\/contextoanalisisperiodistico.com\/index.php\/author\/director\/"},"category_info":"<a href=\"https:\/\/contextoanalisisperiodistico.com\/index.php\/category\/politica\/\" rel=\"category tag\">Pol\u00edtica<\/a>","tag_info":"Pol\u00edtica","comment_count":"0","jetpack_featured_media_url":"https:\/\/contextoanalisisperiodistico.com\/wp-content\/uploads\/2023\/08\/IMG-20230827-WA0058.jpg","_links":{"self":[{"href":"https:\/\/contextoanalisisperiodistico.com\/index.php\/wp-json\/wp\/v2\/posts\/17964"}],"collection":[{"href":"https:\/\/contextoanalisisperiodistico.com\/index.php\/wp-json\/wp\/v2\/posts"}],"about":[{"href":"https:\/\/contextoanalisisperiodistico.com\/index.php\/wp-json\/wp\/v2\/types\/post"}],"author":[{"embeddable":true,"href":"https:\/\/contextoanalisisperiodistico.com\/index.php\/wp-json\/wp\/v2\/users\/4"}],"replies":[{"embeddable":true,"href":"https:\/\/contextoanalisisperiodistico.com\/index.php\/wp-json\/wp\/v2\/comments?post=17964"}],"version-history":[{"count":1,"href":"https:\/\/contextoanalisisperiodistico.com\/index.php\/wp-json\/wp\/v2\/posts\/17964\/revisions"}],"predecessor-version":[{"id":17968,"href":"https:\/\/contextoanalisisperiodistico.com\/index.php\/wp-json\/wp\/v2\/posts\/17964\/revisions\/17968"}],"wp:featuredmedia":[{"embeddable":true,"href":"https:\/\/contextoanalisisperiodistico.com\/index.php\/wp-json\/wp\/v2\/media\/17965"}],"wp:attachment":[{"href":"https:\/\/contextoanalisisperiodistico.com\/index.php\/wp-json\/wp\/v2\/media?parent=17964"}],"wp:term":[{"taxonomy":"category","embeddable":true,"href":"https:\/\/contextoanalisisperiodistico.com\/index.php\/wp-json\/wp\/v2\/categories?post=17964"},{"taxonomy":"post_tag","embeddable":true,"href":"https:\/\/contextoanalisisperiodistico.com\/index.php\/wp-json\/wp\/v2\/tags?post=17964"}],"curies":[{"name":"wp","href":"https:\/\/api.w.org\/{rel}","templated":true}]}}