{"id":17883,"date":"2023-08-25T20:00:01","date_gmt":"2023-08-26T02:00:01","guid":{"rendered":"https:\/\/contextoanalisisperiodistico.com\/?p=17883"},"modified":"2023-08-25T20:01:47","modified_gmt":"2023-08-26T02:01:47","slug":"hagamos-trueque-en-apoyo-a-la-economia-de-madres-de-familia","status":"publish","type":"post","link":"https:\/\/contextoanalisisperiodistico.com\/index.php\/2023\/08\/25\/hagamos-trueque-en-apoyo-a-la-economia-de-madres-de-familia\/","title":{"rendered":"\u00a1Hagamos Trueque! en apoyo a la econom\u00eda de madres de familia"},"content":{"rendered":"<div id=\"fb-root\"><\/div>\n\n<p>\u2022 Se podr\u00e1n intercambiar libretas, libros, colores, l\u00e1pices, pegamento, papel para forrar, mochilas, uniformes, as\u00ed como calzado escolar y deportivo.<\/p>\n\n\n\n<p>Oaxaca de Ju\u00e1rez Oax., 25 de agosto de 2023.- En apoyo a la econom\u00eda familiar, la Secretar\u00eda de las Mujeres de Oaxaca realizar\u00e1 el trueque-bazar denominado \u00a1Hagamos Trueque! por una econom\u00eda sorora.<\/p>\n\n\n\n<p>El objetivo de la actividad donde las mujeres podr\u00e1n intercambiar art\u00edculos escolares y uniformes que tengan un tiempo m\u00e1s de utilidad, desde el nivel preescolar hasta nivel medio superior, es auxiliar a la econom\u00eda de madres de familia e incentivar la solidaridad en comunidad ante el regreso a clases, lo cual representa un incremento en los gastos de las mujeres, sobre todo cuando se tienen varias hijas e hijos en edad escolar.<\/p>\n\n\n\n<p>El trueque-bazar se realizar\u00e1 en coordinaci\u00f3n con autoridades de las agencias municipales de Oaxaca de Ju\u00e1rez como son: San Mart\u00edn Mexicapan y Santa Rosa Panzacola.<\/p>\n\n\n\n<p>La segunda emisi\u00f3n de \u00a1Hagamos Trueque! se llevar\u00e1 a cabo este s\u00e1bado 26 de agosto en un horario de 10:00 a 13:00 horas en la Explanada Municipal de San Mart\u00edn Mexicapan.<\/p>\n\n\n\n<p>En tanto el domingo 27 de agosto, la cancha de la colonia Lomas de Santa Rosa (entre las calles Nudo Mixteco y Cerro del Oro de la Agencia de Santa Rosa Panzacola, ser\u00e1 sede del tercer trueque bazar, en un horario de 10:00 a 13:00 horas.<\/p>\n\n\n\n<p>La Secretar\u00eda de las Mujeres invita a las madres de familia y estudiantes de estas agencias municipales para que lleven art\u00edculos que deseen intercambiar.<\/p>\n\n\n\n<p>El requisito para participar es que los productos est\u00e9n en buen estado, los cuales pueden ser libretas, libros, colores, l\u00e1pices, pegamento, papel para forrar, mochilas, calzado escolar y deportivo, uniformes, entre otros.<\/p>\n\n\n\n<p>Cabe destacar que la Secretar\u00eda de las Mujeres a trav\u00e9s de la subsecretar\u00eda de Prevenci\u00f3n de la Violencia de G\u00e9nero en coordinaci\u00f3n con las Agencias Municipales de San Mart\u00edn Mexicapan y de Santa Rosa Panzacola, respectivamente, brindar\u00e1n el espacio y mobiliario para realizar la actividad.<\/p>\n","protected":false},"excerpt":{"rendered":"<p>\u2022 Se podr\u00e1n intercambiar libretas, libros, colores, l\u00e1pices, pegamento, papel para forrar, mochilas, uniformes, as\u00ed&#8230;<\/p>\n","protected":false},"author":4,"featured_media":17884,"comment_status":"closed","ping_status":"open","sticky":false,"template":"","format":"standard","meta":{"footnotes":""},"categories":[9],"tags":[],"jetpack_sharing_enabled":true,"featured_image_urls":{"full":["https:\/\/contextoanalisisperiodistico.com\/wp-content\/uploads\/2023\/08\/IMG-20230825-WA0162.jpg",1600,1600,false],"thumbnail":["https:\/\/contextoanalisisperiodistico.com\/wp-content\/uploads\/2023\/08\/IMG-20230825-WA0162-150x150.jpg",150,150,true],"medium":["https:\/\/contextoanalisisperiodistico.com\/wp-content\/uploads\/2023\/08\/IMG-20230825-WA0162-300x300.jpg",300,300,true],"medium_large":["https:\/\/contextoanalisisperiodistico.com\/wp-content\/uploads\/2023\/08\/IMG-20230825-WA0162-768x768.jpg",640,640,true],"large":["https:\/\/contextoanalisisperiodistico.com\/wp-content\/uploads\/2023\/08\/IMG-20230825-WA0162-1024x1024.jpg",640,640,true],"1536x1536":["https:\/\/contextoanalisisperiodistico.com\/wp-content\/uploads\/2023\/08\/IMG-20230825-WA0162-1536x1536.jpg",1536,1536,true],"2048x2048":["https:\/\/contextoanalisisperiodistico.com\/wp-content\/uploads\/2023\/08\/IMG-20230825-WA0162.jpg",1600,1600,false],"covernews-slider-full":["https:\/\/contextoanalisisperiodistico.com\/wp-content\/uploads\/2023\/08\/IMG-20230825-WA0162-1115x715.jpg",1115,715,true],"covernews-slider-center":["https:\/\/contextoanalisisperiodistico.com\/wp-content\/uploads\/2023\/08\/IMG-20230825-WA0162-800x500.jpg",800,500,true],"covernews-featured":["https:\/\/contextoanalisisperiodistico.com\/wp-content\/uploads\/2023\/08\/IMG-20230825-WA0162-1024x1024.jpg",1024,1024,true],"covernews-medium":["https:\/\/contextoanalisisperiodistico.com\/wp-content\/uploads\/2023\/08\/IMG-20230825-WA0162-540x340.jpg",540,340,true],"covernews-medium-square":["https:\/\/contextoanalisisperiodistico.com\/wp-content\/uploads\/2023\/08\/IMG-20230825-WA0162-400x250.jpg",400,250,true]},"author_info":{"display_name":"Mario Gir\u00f3n","author_link":"https:\/\/contextoanalisisperiodistico.com\/index.php\/author\/director\/"},"category_info":"<a href=\"https:\/\/contextoanalisisperiodistico.com\/index.php\/category\/politica\/\" rel=\"category tag\">Pol\u00edtica<\/a>","tag_info":"Pol\u00edtica","comment_count":"0","jetpack_featured_media_url":"https:\/\/contextoanalisisperiodistico.com\/wp-content\/uploads\/2023\/08\/IMG-20230825-WA0162.jpg","_links":{"self":[{"href":"https:\/\/contextoanalisisperiodistico.com\/index.php\/wp-json\/wp\/v2\/posts\/17883"}],"collection":[{"href":"https:\/\/contextoanalisisperiodistico.com\/index.php\/wp-json\/wp\/v2\/posts"}],"about":[{"href":"https:\/\/contextoanalisisperiodistico.com\/index.php\/wp-json\/wp\/v2\/types\/post"}],"author":[{"embeddable":true,"href":"https:\/\/contextoanalisisperiodistico.com\/index.php\/wp-json\/wp\/v2\/users\/4"}],"replies":[{"embeddable":true,"href":"https:\/\/contextoanalisisperiodistico.com\/index.php\/wp-json\/wp\/v2\/comments?post=17883"}],"version-history":[{"count":1,"href":"https:\/\/contextoanalisisperiodistico.com\/index.php\/wp-json\/wp\/v2\/posts\/17883\/revisions"}],"predecessor-version":[{"id":17885,"href":"https:\/\/contextoanalisisperiodistico.com\/index.php\/wp-json\/wp\/v2\/posts\/17883\/revisions\/17885"}],"wp:featuredmedia":[{"embeddable":true,"href":"https:\/\/contextoanalisisperiodistico.com\/index.php\/wp-json\/wp\/v2\/media\/17884"}],"wp:attachment":[{"href":"https:\/\/contextoanalisisperiodistico.com\/index.php\/wp-json\/wp\/v2\/media?parent=17883"}],"wp:term":[{"taxonomy":"category","embeddable":true,"href":"https:\/\/contextoanalisisperiodistico.com\/index.php\/wp-json\/wp\/v2\/categories?post=17883"},{"taxonomy":"post_tag","embeddable":true,"href":"https:\/\/contextoanalisisperiodistico.com\/index.php\/wp-json\/wp\/v2\/tags?post=17883"}],"curies":[{"name":"wp","href":"https:\/\/api.w.org\/{rel}","templated":true}]}}