{"id":17831,"date":"2023-08-25T06:47:43","date_gmt":"2023-08-25T12:47:43","guid":{"rendered":"https:\/\/contextoanalisisperiodistico.com\/?p=17831"},"modified":"2023-08-25T06:52:18","modified_gmt":"2023-08-25T12:52:18","slug":"rendimos-homenaje-a-macedonio-alcala-con-el-corazon-martinez-neri","status":"publish","type":"post","link":"https:\/\/contextoanalisisperiodistico.com\/index.php\/2023\/08\/25\/rendimos-homenaje-a-macedonio-alcala-con-el-corazon-martinez-neri\/","title":{"rendered":"Con el Coraz\u00f3n, rendimos homenaje a Macedonio Alcal\u00e1: Mart\u00ednez Neri"},"content":{"rendered":"<div id=\"fb-root\"><\/div>\n\n<p>\u25cf Con Sesi\u00f3n Solemne el municipio capitalino conmemora el aniversario luctuoso del compositor del himno de las y los oaxaque\u00f1os el \u00abDios Nunca Muere\u00bb, Macedonio Alcal\u00e1<\/p>\n\n\n\n<figure class=\"wp-block-image size-large\"><img fetchpriority=\"high\" decoding=\"async\" width=\"1024\" height=\"684\" src=\"https:\/\/contextoanalisisperiodistico.com\/wp-content\/uploads\/2023\/08\/img-20230825-wa00131586845088526046537-1024x684.jpg\" alt=\"\" class=\"wp-image-17835\" srcset=\"https:\/\/contextoanalisisperiodistico.com\/wp-content\/uploads\/2023\/08\/img-20230825-wa00131586845088526046537-1024x684.jpg 1024w, https:\/\/contextoanalisisperiodistico.com\/wp-content\/uploads\/2023\/08\/img-20230825-wa00131586845088526046537-300x200.jpg 300w, https:\/\/contextoanalisisperiodistico.com\/wp-content\/uploads\/2023\/08\/img-20230825-wa00131586845088526046537-768x513.jpg 768w, https:\/\/contextoanalisisperiodistico.com\/wp-content\/uploads\/2023\/08\/img-20230825-wa00131586845088526046537.jpg 1280w\" sizes=\"(max-width: 1024px) 100vw, 1024px\" \/><\/figure>\n\n\n\n<figure class=\"wp-block-image\"><img decoding=\"async\" width=\"1024\" height=\"684\" src=\"https:\/\/contextoanalisisperiodistico.com\/wp-content\/uploads\/2023\/08\/img-20230825-wa00101763589987655497951-1024x684.jpg\" alt=\"\" class=\"wp-image-17834\" srcset=\"https:\/\/contextoanalisisperiodistico.com\/wp-content\/uploads\/2023\/08\/img-20230825-wa00101763589987655497951-1024x684.jpg 1024w, https:\/\/contextoanalisisperiodistico.com\/wp-content\/uploads\/2023\/08\/img-20230825-wa00101763589987655497951-300x200.jpg 300w, https:\/\/contextoanalisisperiodistico.com\/wp-content\/uploads\/2023\/08\/img-20230825-wa00101763589987655497951-768x513.jpg 768w, https:\/\/contextoanalisisperiodistico.com\/wp-content\/uploads\/2023\/08\/img-20230825-wa00101763589987655497951.jpg 1280w\" sizes=\"(max-width: 1024px) 100vw, 1024px\" \/><\/figure>\n\n\n\n<figure class=\"wp-block-image\"><img decoding=\"async\" width=\"1024\" height=\"684\" src=\"https:\/\/contextoanalisisperiodistico.com\/wp-content\/uploads\/2023\/08\/img-20230825-wa00113868018537458396344-1024x684.jpg\" alt=\"\" class=\"wp-image-17833\" srcset=\"https:\/\/contextoanalisisperiodistico.com\/wp-content\/uploads\/2023\/08\/img-20230825-wa00113868018537458396344-1024x684.jpg 1024w, https:\/\/contextoanalisisperiodistico.com\/wp-content\/uploads\/2023\/08\/img-20230825-wa00113868018537458396344-300x200.jpg 300w, https:\/\/contextoanalisisperiodistico.com\/wp-content\/uploads\/2023\/08\/img-20230825-wa00113868018537458396344-768x513.jpg 768w, https:\/\/contextoanalisisperiodistico.com\/wp-content\/uploads\/2023\/08\/img-20230825-wa00113868018537458396344.jpg 1280w\" sizes=\"(max-width: 1024px) 100vw, 1024px\" \/><\/figure>\n\n\n\n<p>Oaxaca de Ju\u00e1rez, 24 de agosto de 2023.- El municipio de Oaxaca de Ju\u00e1rez conmemor\u00f3 de manera solemne el 154 aniversario luctuoso del insigne compositor y m\u00fasico oaxaque\u00f1o, Macedonio Alcal\u00e1 Prieto. La emotiva sesi\u00f3n cont\u00f3 con la destacada presencia de las y los integrantes del honorable Cabildo e invitados de honor, quienes se reunieron en el majestuoso teatro \u201cMacedonio Alcal\u00e1\u201d, para recordar la vida y obra de este ilustre artista.<\/p>\n\n\n\n<p>Entre los distinguidos asistentes se cont\u00f3 con la presencia de la presidenta de la mesa directiva de la 65 legislatura del Honorable Congreso del Estado, Miriam de los \u00c1ngeles V\u00e1squez Ruiz, el coronel de Artiller\u00eda, Diplomado de Estado Mayor, Francisco Javier Reynoso Rodr\u00edguez, y el coronel de la Fuerza A\u00e9rea, Juan Manuel Espinoza Zamora.<\/p>\n\n\n\n<p>Durante su intervenci\u00f3n, la regidora de Hacienda Municipal y de Transparencia de Gobierno Abierto, Judith Carre\u00f1o Hern\u00e1ndez, resalt\u00f3 la extraordinaria vida y legado de Macedonio Alcal\u00e1 Prieto, un m\u00fasico nacido en Putla de Guerrero, el 12 de septiembre de 1831 y fallecido el 24 de agosto de 1869. A pesar de su corta vida, Alcal\u00e1 Prieto compuso diversas obras musicales, abarcando valses, marchas, danzas, mazurcas, pasodobles y mucho m\u00e1s.<\/p>\n\n\n\n<p>Por su parte, el primer concejal, Francisco Mart\u00ednez Neri, destac\u00f3 el talento singular de Alcal\u00e1, cuya pasi\u00f3n por la m\u00fasica se manifest\u00f3 dominando magistralmente varios instrumentos de cuerda y pronto se convirti\u00f3 en un referente nacional gracias a su capacidad para componer e interpretar valses. En este contexto, compuso su obra m\u00e1s ic\u00f3nica, el vals \u00abDios Nunca Muere\u00bb.<\/p>\n\n\n\n<p>Macedonio Alcal\u00e1 Prieto se suma a la lista de ilustres compositores oaxaque\u00f1os como Jos\u00e9 L\u00f3pez Alav\u00e9s, Jes\u00fas Irigoyen Rasgado (Chuy Rasgado) y \u00c1lvaro Carrillo, quienes enriquecieron el patrimonio cultural de la regi\u00f3n con su m\u00fasica.<\/p>\n\n\n\n<p>\u00abHoy rendimos homenaje a Macedonio Alcal\u00e1 con el coraz\u00f3n. Una larga ovaci\u00f3n para aquel que nos leg\u00f3 el himno que es orgullo local y nacional\u201d, finaliz\u00f3, el edil.<\/p>\n\n\n\n<p>De esta forma la memoria de este gran artista continuar\u00e1 viva en los corazones de los oaxaque\u00f1os y oaxaque\u00f1as, preservando su valioso legado cultural por generaciones venideras.<\/p>\n","protected":false},"excerpt":{"rendered":"<p>\u25cf Con Sesi\u00f3n Solemne el municipio capitalino conmemora el aniversario luctuoso del compositor del himno&#8230;<\/p>\n","protected":false},"author":4,"featured_media":17832,"comment_status":"closed","ping_status":"open","sticky":false,"template":"","format":"standard","meta":{"footnotes":""},"categories":[9],"tags":[],"jetpack_sharing_enabled":true,"featured_image_urls":{"full":["https:\/\/contextoanalisisperiodistico.com\/wp-content\/uploads\/2023\/08\/IMG-20230825-WA0012.jpg",1280,855,false],"thumbnail":["https:\/\/contextoanalisisperiodistico.com\/wp-content\/uploads\/2023\/08\/IMG-20230825-WA0012-150x150.jpg",150,150,true],"medium":["https:\/\/contextoanalisisperiodistico.com\/wp-content\/uploads\/2023\/08\/IMG-20230825-WA0012-300x200.jpg",300,200,true],"medium_large":["https:\/\/contextoanalisisperiodistico.com\/wp-content\/uploads\/2023\/08\/IMG-20230825-WA0012-768x513.jpg",640,428,true],"large":["https:\/\/contextoanalisisperiodistico.com\/wp-content\/uploads\/2023\/08\/IMG-20230825-WA0012-1024x684.jpg",640,428,true],"1536x1536":["https:\/\/contextoanalisisperiodistico.com\/wp-content\/uploads\/2023\/08\/IMG-20230825-WA0012.jpg",1280,855,false],"2048x2048":["https:\/\/contextoanalisisperiodistico.com\/wp-content\/uploads\/2023\/08\/IMG-20230825-WA0012.jpg",1280,855,false],"covernews-slider-full":["https:\/\/contextoanalisisperiodistico.com\/wp-content\/uploads\/2023\/08\/IMG-20230825-WA0012-1115x715.jpg",1115,715,true],"covernews-slider-center":["https:\/\/contextoanalisisperiodistico.com\/wp-content\/uploads\/2023\/08\/IMG-20230825-WA0012-800x500.jpg",800,500,true],"covernews-featured":["https:\/\/contextoanalisisperiodistico.com\/wp-content\/uploads\/2023\/08\/IMG-20230825-WA0012-1024x684.jpg",1024,684,true],"covernews-medium":["https:\/\/contextoanalisisperiodistico.com\/wp-content\/uploads\/2023\/08\/IMG-20230825-WA0012-540x340.jpg",540,340,true],"covernews-medium-square":["https:\/\/contextoanalisisperiodistico.com\/wp-content\/uploads\/2023\/08\/IMG-20230825-WA0012-400x250.jpg",400,250,true]},"author_info":{"display_name":"Mario Gir\u00f3n","author_link":"https:\/\/contextoanalisisperiodistico.com\/index.php\/author\/director\/"},"category_info":"<a href=\"https:\/\/contextoanalisisperiodistico.com\/index.php\/category\/politica\/\" rel=\"category tag\">Pol\u00edtica<\/a>","tag_info":"Pol\u00edtica","comment_count":"0","jetpack_featured_media_url":"https:\/\/contextoanalisisperiodistico.com\/wp-content\/uploads\/2023\/08\/IMG-20230825-WA0012.jpg","_links":{"self":[{"href":"https:\/\/contextoanalisisperiodistico.com\/index.php\/wp-json\/wp\/v2\/posts\/17831"}],"collection":[{"href":"https:\/\/contextoanalisisperiodistico.com\/index.php\/wp-json\/wp\/v2\/posts"}],"about":[{"href":"https:\/\/contextoanalisisperiodistico.com\/index.php\/wp-json\/wp\/v2\/types\/post"}],"author":[{"embeddable":true,"href":"https:\/\/contextoanalisisperiodistico.com\/index.php\/wp-json\/wp\/v2\/users\/4"}],"replies":[{"embeddable":true,"href":"https:\/\/contextoanalisisperiodistico.com\/index.php\/wp-json\/wp\/v2\/comments?post=17831"}],"version-history":[{"count":2,"href":"https:\/\/contextoanalisisperiodistico.com\/index.php\/wp-json\/wp\/v2\/posts\/17831\/revisions"}],"predecessor-version":[{"id":17837,"href":"https:\/\/contextoanalisisperiodistico.com\/index.php\/wp-json\/wp\/v2\/posts\/17831\/revisions\/17837"}],"wp:featuredmedia":[{"embeddable":true,"href":"https:\/\/contextoanalisisperiodistico.com\/index.php\/wp-json\/wp\/v2\/media\/17832"}],"wp:attachment":[{"href":"https:\/\/contextoanalisisperiodistico.com\/index.php\/wp-json\/wp\/v2\/media?parent=17831"}],"wp:term":[{"taxonomy":"category","embeddable":true,"href":"https:\/\/contextoanalisisperiodistico.com\/index.php\/wp-json\/wp\/v2\/categories?post=17831"},{"taxonomy":"post_tag","embeddable":true,"href":"https:\/\/contextoanalisisperiodistico.com\/index.php\/wp-json\/wp\/v2\/tags?post=17831"}],"curies":[{"name":"wp","href":"https:\/\/api.w.org\/{rel}","templated":true}]}}