{"id":17752,"date":"2023-08-23T18:08:01","date_gmt":"2023-08-24T00:08:01","guid":{"rendered":"https:\/\/contextoanalisisperiodistico.com\/?p=17752"},"modified":"2023-08-23T18:08:14","modified_gmt":"2023-08-24T00:08:14","slug":"mantiene-secretaria-de-las-culturas-y-artes-interlocucion-abierta-con-docentes-del-taller-rufino-tamayo","status":"publish","type":"post","link":"https:\/\/contextoanalisisperiodistico.com\/index.php\/2023\/08\/23\/mantiene-secretaria-de-las-culturas-y-artes-interlocucion-abierta-con-docentes-del-taller-rufino-tamayo\/","title":{"rendered":"Mantiene Secretar\u00eda de las Culturas y Artes interlocuci\u00f3n abierta con docentes del Taller Rufino Tamayo"},"content":{"rendered":"<div id=\"fb-root\"><\/div>\n\n<p>\u25cf El titular de la Secretar\u00eda de las Culturas y Artes, V\u00edctor Cata dio a conocer que existen acuerdos de trabajo en conjunto con las y los maestros del Taller Rufino Tamayo<\/p>\n\n\n\n<p><br>\u25cf El secretario manifest\u00f3 que las protestas de dos docentes del taller son apoyadas por grupos ajenos que pretenden desestabilizar a la instituci\u00f3n cultural<\/p>\n\n\n\n<p>Oaxaca de Ju\u00e1rez, Oax. 23 de agosto de 2023.- La Secretar\u00eda de las Culturas y Artes de Oaxaca reiter\u00f3 que a trav\u00e9s de mesas de di\u00e1logo se mantiene una interlocuci\u00f3n abierta, respetuosa y transparente con maestras y maestros que realizan sus labores en el Taller de Artes Pl\u00e1sticas Rufino Tamayo.<\/p>\n\n\n\n<p><br>En conferencia de prensa, el titular de la Secretar\u00eda de las Culturas y Artes, V\u00edctor Cata, inform\u00f3 a las y los representantes de los medios de comunicaci\u00f3n que para dar atenci\u00f3n a planteamientos evocados por docentes del instituto cultural, se han llevado a cabo tres reuniones durante el mes de agosto.<\/p>\n\n\n\n<p><br>El funcionario estatal record\u00f3 que el pasado lunes 21 de agosto se llev\u00f3 a cabo una mesa de trabajo con 24 de los 26 maestros del taller en menci\u00f3n, en la que se distingui\u00f3 la voluntad y disposici\u00f3n del profesorado para contribuir al desarrollo de la instituci\u00f3n creada hace 50 a\u00f1os.<\/p>\n\n\n\n<p><br>Desmienten conflictos por despidos injustificados<br>En tanto, al hablar sobre el conflicto que atraviesa el Taller Rufino Tamayo, V\u00edctor Cata dej\u00f3 en claro que este asunto no se trata de despidos injustificados, sino, dijo, son protestas apoyadas por grupos ajenos que pretenden desestabilizar a la instituci\u00f3n cultural.<\/p>\n\n\n\n<p><br>\u00abEs inaceptable que se\u00f1alen que buscamos privatizar el taller, cuando hace una semana abrimos los museos Prehisp\u00e1nico Rufino Tamayo y Ervin Frissell para el disfrute de los oaxaque\u00f1os y oaxaque\u00f1as. Est\u00e1n desinformando a la sociedad con el apoyo de grupos e intereses ajenos al taller\u00bb, expuso V\u00edctor Cata.<\/p>\n\n\n\n<p><br>Acompa\u00f1ado del director de Atenci\u00f3n Cultural Comunitaria, Feliciano Mar\u00edn; el director del Taller Rufino Tamayo, Enrique Gij\u00f3n; maestras y maestros, el funcionario estatal reconoci\u00f3 que hay deficiencias salariales y laborales en esta y otras instituciones que se est\u00e1n atendiendo, y que hab\u00edan sido ignoradas en administraciones pasadas.<\/p>\n\n\n\n<p><br>Los acuerdos alcanzados en el mejoramiento de la relaci\u00f3n laboral y salarial, en la atenci\u00f3n a los talleres para su adecuado funcionamiento y plasmados en la minuta de acuerdos del 21 de agosto de 2023, expresan la nueva relaci\u00f3n, respetuosa y de trabajo existente entre la instituci\u00f3n cultural y los docentes.<\/p>\n\n\n\n<p><br>De su lado, dijo, los a\u00fan maestros del taller, Oswaldo Ram\u00edrez Guzm\u00e1n y F\u00e9lix Abraham Torres Rodr\u00edguez, desde el principio de la actual administraci\u00f3n mostraron negativa para sumarse a los nuevos proyectos.<\/p>\n\n\n\n<p><br>Dichas acciones, expres\u00f3 V\u00edctor Cata, se realizan sin el respaldo de las y los maestros del Taller Rufino Tamayo, quienes han expresado su desacuerdo y rechazo a la postura de los docentes antes mencionados.<\/p>\n\n\n\n<p><br>Ante esta situaci\u00f3n, la Secretar\u00eda de las Culturas y Artes reitera nuevamente su pol\u00edtica de apertura al di\u00e1logo y tolerancia, con el fin de mejorar el funcionamiento de los talleres y mantener el compromiso de impulsar la cultura en todo el estado de Oaxaca.<\/p>\n\n\n\n<figure class=\"wp-block-image size-large\"><img fetchpriority=\"high\" decoding=\"async\" width=\"1024\" height=\"651\" src=\"https:\/\/contextoanalisisperiodistico.com\/wp-content\/uploads\/2023\/08\/img-20230823-wa01064627686729840480903-1024x651.jpg\" alt=\"\" class=\"wp-image-17754\" srcset=\"https:\/\/contextoanalisisperiodistico.com\/wp-content\/uploads\/2023\/08\/img-20230823-wa01064627686729840480903-1024x651.jpg 1024w, https:\/\/contextoanalisisperiodistico.com\/wp-content\/uploads\/2023\/08\/img-20230823-wa01064627686729840480903-300x191.jpg 300w, https:\/\/contextoanalisisperiodistico.com\/wp-content\/uploads\/2023\/08\/img-20230823-wa01064627686729840480903-768x488.jpg 768w, https:\/\/contextoanalisisperiodistico.com\/wp-content\/uploads\/2023\/08\/img-20230823-wa01064627686729840480903-1536x976.jpg 1536w, https:\/\/contextoanalisisperiodistico.com\/wp-content\/uploads\/2023\/08\/img-20230823-wa01064627686729840480903.jpg 1600w\" sizes=\"(max-width: 1024px) 100vw, 1024px\" \/><\/figure>\n\n\n\n<figure class=\"wp-block-image\"><img decoding=\"async\" width=\"1024\" height=\"649\" src=\"https:\/\/contextoanalisisperiodistico.com\/wp-content\/uploads\/2023\/08\/img-20230823-wa01076537280068932210462-1024x649.jpg\" alt=\"\" class=\"wp-image-17755\" srcset=\"https:\/\/contextoanalisisperiodistico.com\/wp-content\/uploads\/2023\/08\/img-20230823-wa01076537280068932210462-1024x649.jpg 1024w, https:\/\/contextoanalisisperiodistico.com\/wp-content\/uploads\/2023\/08\/img-20230823-wa01076537280068932210462-300x190.jpg 300w, https:\/\/contextoanalisisperiodistico.com\/wp-content\/uploads\/2023\/08\/img-20230823-wa01076537280068932210462-768x487.jpg 768w, https:\/\/contextoanalisisperiodistico.com\/wp-content\/uploads\/2023\/08\/img-20230823-wa01076537280068932210462-1536x973.jpg 1536w, https:\/\/contextoanalisisperiodistico.com\/wp-content\/uploads\/2023\/08\/img-20230823-wa01076537280068932210462.jpg 1600w\" sizes=\"(max-width: 1024px) 100vw, 1024px\" \/><\/figure>\n","protected":false},"excerpt":{"rendered":"<p>\u25cf El titular de la Secretar\u00eda de las Culturas y Artes, V\u00edctor Cata dio a&#8230;<\/p>\n","protected":false},"author":4,"featured_media":17753,"comment_status":"closed","ping_status":"open","sticky":false,"template":"","format":"standard","meta":{"footnotes":""},"categories":[9],"tags":[],"jetpack_sharing_enabled":true,"featured_image_urls":{"full":["https:\/\/contextoanalisisperiodistico.com\/wp-content\/uploads\/2023\/08\/IMG-20230823-WA0105.jpg",1600,975,false],"thumbnail":["https:\/\/contextoanalisisperiodistico.com\/wp-content\/uploads\/2023\/08\/IMG-20230823-WA0105-150x150.jpg",150,150,true],"medium":["https:\/\/contextoanalisisperiodistico.com\/wp-content\/uploads\/2023\/08\/IMG-20230823-WA0105-300x183.jpg",300,183,true],"medium_large":["https:\/\/contextoanalisisperiodistico.com\/wp-content\/uploads\/2023\/08\/IMG-20230823-WA0105-768x468.jpg",640,390,true],"large":["https:\/\/contextoanalisisperiodistico.com\/wp-content\/uploads\/2023\/08\/IMG-20230823-WA0105-1024x624.jpg",640,390,true],"1536x1536":["https:\/\/contextoanalisisperiodistico.com\/wp-content\/uploads\/2023\/08\/IMG-20230823-WA0105-1536x936.jpg",1536,936,true],"2048x2048":["https:\/\/contextoanalisisperiodistico.com\/wp-content\/uploads\/2023\/08\/IMG-20230823-WA0105.jpg",1600,975,false],"covernews-slider-full":["https:\/\/contextoanalisisperiodistico.com\/wp-content\/uploads\/2023\/08\/IMG-20230823-WA0105-1115x715.jpg",1115,715,true],"covernews-slider-center":["https:\/\/contextoanalisisperiodistico.com\/wp-content\/uploads\/2023\/08\/IMG-20230823-WA0105-800x500.jpg",800,500,true],"covernews-featured":["https:\/\/contextoanalisisperiodistico.com\/wp-content\/uploads\/2023\/08\/IMG-20230823-WA0105-1024x624.jpg",1024,624,true],"covernews-medium":["https:\/\/contextoanalisisperiodistico.com\/wp-content\/uploads\/2023\/08\/IMG-20230823-WA0105-540x340.jpg",540,340,true],"covernews-medium-square":["https:\/\/contextoanalisisperiodistico.com\/wp-content\/uploads\/2023\/08\/IMG-20230823-WA0105-400x250.jpg",400,250,true]},"author_info":{"display_name":"Mario Gir\u00f3n","author_link":"https:\/\/contextoanalisisperiodistico.com\/index.php\/author\/director\/"},"category_info":"<a href=\"https:\/\/contextoanalisisperiodistico.com\/index.php\/category\/politica\/\" rel=\"category tag\">Pol\u00edtica<\/a>","tag_info":"Pol\u00edtica","comment_count":"0","jetpack_featured_media_url":"https:\/\/contextoanalisisperiodistico.com\/wp-content\/uploads\/2023\/08\/IMG-20230823-WA0105.jpg","_links":{"self":[{"href":"https:\/\/contextoanalisisperiodistico.com\/index.php\/wp-json\/wp\/v2\/posts\/17752"}],"collection":[{"href":"https:\/\/contextoanalisisperiodistico.com\/index.php\/wp-json\/wp\/v2\/posts"}],"about":[{"href":"https:\/\/contextoanalisisperiodistico.com\/index.php\/wp-json\/wp\/v2\/types\/post"}],"author":[{"embeddable":true,"href":"https:\/\/contextoanalisisperiodistico.com\/index.php\/wp-json\/wp\/v2\/users\/4"}],"replies":[{"embeddable":true,"href":"https:\/\/contextoanalisisperiodistico.com\/index.php\/wp-json\/wp\/v2\/comments?post=17752"}],"version-history":[{"count":1,"href":"https:\/\/contextoanalisisperiodistico.com\/index.php\/wp-json\/wp\/v2\/posts\/17752\/revisions"}],"predecessor-version":[{"id":17756,"href":"https:\/\/contextoanalisisperiodistico.com\/index.php\/wp-json\/wp\/v2\/posts\/17752\/revisions\/17756"}],"wp:featuredmedia":[{"embeddable":true,"href":"https:\/\/contextoanalisisperiodistico.com\/index.php\/wp-json\/wp\/v2\/media\/17753"}],"wp:attachment":[{"href":"https:\/\/contextoanalisisperiodistico.com\/index.php\/wp-json\/wp\/v2\/media?parent=17752"}],"wp:term":[{"taxonomy":"category","embeddable":true,"href":"https:\/\/contextoanalisisperiodistico.com\/index.php\/wp-json\/wp\/v2\/categories?post=17752"},{"taxonomy":"post_tag","embeddable":true,"href":"https:\/\/contextoanalisisperiodistico.com\/index.php\/wp-json\/wp\/v2\/tags?post=17752"}],"curies":[{"name":"wp","href":"https:\/\/api.w.org\/{rel}","templated":true}]}}