{"id":17741,"date":"2023-08-23T15:39:03","date_gmt":"2023-08-23T21:39:03","guid":{"rendered":"https:\/\/contextoanalisisperiodistico.com\/?p=17741"},"modified":"2023-08-23T15:39:12","modified_gmt":"2023-08-23T21:39:12","slug":"propone-xochitl-galvez-sistemas-educativo-y-de-salud-sin-limites","status":"publish","type":"post","link":"https:\/\/contextoanalisisperiodistico.com\/index.php\/2023\/08\/23\/propone-xochitl-galvez-sistemas-educativo-y-de-salud-sin-limites\/","title":{"rendered":"Propone X\u00f3chitl G\u00e1lvez sistemas educativo y de salud sin l\u00edmites"},"content":{"rendered":"<div id=\"fb-root\"><\/div>\n\n<p>\u25cfSue\u00f1a con un M\u00e9xico que tenga maestros y m\u00e9dicos bien pagados<\/p>\n\n\n\n<p><br>La aspirante a responsable de la construcci\u00f3n del Frente Amplio por M\u00e9xico, X\u00f3chitl G\u00e1lvez, comparti\u00f3 su anhelo por un M\u00e9xico donde tengamos educaci\u00f3n y salud sin l\u00edmites: con maestros bien pagados y preparados y donde todos, sin importar su condici\u00f3n o lugar de nacimiento, tengan atenci\u00f3n m\u00e9dica de calidad.<\/p>\n\n\n\n<p>Al participar en el tercer foro regional \u201cLa reconstrucci\u00f3n institucional: gastar el dinero en lo que se necesita\u201d, que se realiz\u00f3 hoy en Le\u00f3n, Guanajuato, explic\u00f3 que para construir un sistema educativo de calidad y un sistema de salud eficiente se necesita dignificar el salario de maestros y m\u00e9dicos que son los verdaderos h\u00e9roes de este pa\u00eds.<\/p>\n\n\n\n<p><br>\u201cTenemos que darles a todos los m\u00e9dicos la posibilidad de tener un mejor salario porque muchos tienen que duplicar o hasta triplicar turnos. Entonces, yo creo que es muy importante el salario\u201d, expuso.<\/p>\n\n\n\n<p><br>Asegur\u00f3 que una manera de reconocer el trabajo de los m\u00e9dicos es, primero, dejar de contratar m\u00e9dicos cubanos pues en el pa\u00eds tenemos suficientes m\u00e9dicos mexicanos y, si hacen falta especialistas, lo que tenemos que hacer es ampliar el n\u00famero de becas para los m\u00e9dicos residentes.<\/p>\n\n\n\n<p><br>\u201cPropondr\u00eda que les paguemos la misma beca de J\u00f3venes Construyendo el Futuro a los m\u00e9dicos residentes porque ganan una miseria\u201d, dijo la senadora.<\/p>\n\n\n\n<p><br>En el tema educativo, G\u00e1lvez Ruiz coment\u00f3 que M\u00e9xico se merece una inversi\u00f3n significativa, donde exista igualdad salarial entre los maestros que trabajan en las diferentes regiones del pa\u00eds.<\/p>\n\n\n\n<p>\u201cNo es posible que los maestros que cobran a nivel federal tengan un salario y los maestros que cobran a nivel estatal tengan otro salario. Necesitamos tener infraestructura de calidad\u201d, mencion\u00f3.<\/p>\n\n\n\n<p><br>Agreg\u00f3 que se necesita mejorar la infraestructura de las escuelas para que tengan agua, ba\u00f1os, energ\u00eda el\u00e9ctrica, mobiliario confortable, computadoras e internet para que los ni\u00f1os y j\u00f3venes complementen sus estudios<br>La legisladora se comprometi\u00f3 a recuperar las Escuelas de Tiempo Completo que quit\u00f3 el Gobierno federal actual y adem\u00e1s plante\u00f3 crear una escuela adicional para j\u00f3venes de secundaria y preparatoria que est\u00e1n en condiciones de riesgo, donde aprendan actividades art\u00edsticas, deportivas y capacitaci\u00f3n en habilidades digitales.<\/p>\n\n\n\n<p><br>En su mensaje final, G\u00e1lvez critic\u00f3 que en el pa\u00eds nos tardamos mucho en subir el salario m\u00ednimo, aunque el Partido de la Revoluci\u00f3n Democr\u00e1tica (PRD) insist\u00eda en un incremento, pero pese a que lo logramos eso no es suficiente para terminar con la pobreza de 50 millones de personas.<\/p>\n\n\n\n<figure class=\"wp-block-image size-large\"><img fetchpriority=\"high\" decoding=\"async\" width=\"1024\" height=\"682\" src=\"https:\/\/contextoanalisisperiodistico.com\/wp-content\/uploads\/2023\/08\/img-20230823-wa00726667475988234361360-1024x682.jpg\" alt=\"\" class=\"wp-image-17743\" srcset=\"https:\/\/contextoanalisisperiodistico.com\/wp-content\/uploads\/2023\/08\/img-20230823-wa00726667475988234361360-1024x682.jpg 1024w, https:\/\/contextoanalisisperiodistico.com\/wp-content\/uploads\/2023\/08\/img-20230823-wa00726667475988234361360-300x200.jpg 300w, https:\/\/contextoanalisisperiodistico.com\/wp-content\/uploads\/2023\/08\/img-20230823-wa00726667475988234361360-768x512.jpg 768w, https:\/\/contextoanalisisperiodistico.com\/wp-content\/uploads\/2023\/08\/img-20230823-wa00726667475988234361360.jpg 1280w\" sizes=\"(max-width: 1024px) 100vw, 1024px\" \/><\/figure>\n\n\n\n<figure class=\"wp-block-image\"><img decoding=\"async\" width=\"1024\" height=\"736\" src=\"https:\/\/contextoanalisisperiodistico.com\/wp-content\/uploads\/2023\/08\/img-20230823-wa00704834200347350294331-1024x736.jpg\" alt=\"\" class=\"wp-image-17744\" srcset=\"https:\/\/contextoanalisisperiodistico.com\/wp-content\/uploads\/2023\/08\/img-20230823-wa00704834200347350294331-1024x736.jpg 1024w, https:\/\/contextoanalisisperiodistico.com\/wp-content\/uploads\/2023\/08\/img-20230823-wa00704834200347350294331-300x216.jpg 300w, https:\/\/contextoanalisisperiodistico.com\/wp-content\/uploads\/2023\/08\/img-20230823-wa00704834200347350294331-768x552.jpg 768w, https:\/\/contextoanalisisperiodistico.com\/wp-content\/uploads\/2023\/08\/img-20230823-wa00704834200347350294331.jpg 1186w\" sizes=\"(max-width: 1024px) 100vw, 1024px\" \/><\/figure>\n\n\n\n<figure class=\"wp-block-image\"><img decoding=\"async\" width=\"1024\" height=\"824\" src=\"https:\/\/contextoanalisisperiodistico.com\/wp-content\/uploads\/2023\/08\/img-20230823-wa00732334254646734753285-1024x824.jpg\" alt=\"\" class=\"wp-image-17745\" srcset=\"https:\/\/contextoanalisisperiodistico.com\/wp-content\/uploads\/2023\/08\/img-20230823-wa00732334254646734753285-1024x824.jpg 1024w, https:\/\/contextoanalisisperiodistico.com\/wp-content\/uploads\/2023\/08\/img-20230823-wa00732334254646734753285-300x242.jpg 300w, https:\/\/contextoanalisisperiodistico.com\/wp-content\/uploads\/2023\/08\/img-20230823-wa00732334254646734753285-768x618.jpg 768w, https:\/\/contextoanalisisperiodistico.com\/wp-content\/uploads\/2023\/08\/img-20230823-wa00732334254646734753285-1536x1236.jpg 1536w, https:\/\/contextoanalisisperiodistico.com\/wp-content\/uploads\/2023\/08\/img-20230823-wa00732334254646734753285.jpg 1600w\" sizes=\"(max-width: 1024px) 100vw, 1024px\" \/><\/figure>\n","protected":false},"excerpt":{"rendered":"<p>\u25cfSue\u00f1a con un M\u00e9xico que tenga maestros y m\u00e9dicos bien pagados La aspirante a responsable&#8230;<\/p>\n","protected":false},"author":4,"featured_media":17742,"comment_status":"closed","ping_status":"open","sticky":false,"template":"","format":"standard","meta":{"footnotes":""},"categories":[9],"tags":[],"jetpack_sharing_enabled":true,"featured_image_urls":{"full":["https:\/\/contextoanalisisperiodistico.com\/wp-content\/uploads\/2023\/08\/IMG-20230823-WA0069.jpg",1368,912,false],"thumbnail":["https:\/\/contextoanalisisperiodistico.com\/wp-content\/uploads\/2023\/08\/IMG-20230823-WA0069-150x150.jpg",150,150,true],"medium":["https:\/\/contextoanalisisperiodistico.com\/wp-content\/uploads\/2023\/08\/IMG-20230823-WA0069-300x200.jpg",300,200,true],"medium_large":["https:\/\/contextoanalisisperiodistico.com\/wp-content\/uploads\/2023\/08\/IMG-20230823-WA0069-768x512.jpg",640,427,true],"large":["https:\/\/contextoanalisisperiodistico.com\/wp-content\/uploads\/2023\/08\/IMG-20230823-WA0069-1024x683.jpg",640,427,true],"1536x1536":["https:\/\/contextoanalisisperiodistico.com\/wp-content\/uploads\/2023\/08\/IMG-20230823-WA0069.jpg",1368,912,false],"2048x2048":["https:\/\/contextoanalisisperiodistico.com\/wp-content\/uploads\/2023\/08\/IMG-20230823-WA0069.jpg",1368,912,false],"covernews-slider-full":["https:\/\/contextoanalisisperiodistico.com\/wp-content\/uploads\/2023\/08\/IMG-20230823-WA0069-1115x715.jpg",1115,715,true],"covernews-slider-center":["https:\/\/contextoanalisisperiodistico.com\/wp-content\/uploads\/2023\/08\/IMG-20230823-WA0069-800x500.jpg",800,500,true],"covernews-featured":["https:\/\/contextoanalisisperiodistico.com\/wp-content\/uploads\/2023\/08\/IMG-20230823-WA0069-1024x683.jpg",1024,683,true],"covernews-medium":["https:\/\/contextoanalisisperiodistico.com\/wp-content\/uploads\/2023\/08\/IMG-20230823-WA0069-540x340.jpg",540,340,true],"covernews-medium-square":["https:\/\/contextoanalisisperiodistico.com\/wp-content\/uploads\/2023\/08\/IMG-20230823-WA0069-400x250.jpg",400,250,true]},"author_info":{"display_name":"Mario Gir\u00f3n","author_link":"https:\/\/contextoanalisisperiodistico.com\/index.php\/author\/director\/"},"category_info":"<a href=\"https:\/\/contextoanalisisperiodistico.com\/index.php\/category\/politica\/\" rel=\"category tag\">Pol\u00edtica<\/a>","tag_info":"Pol\u00edtica","comment_count":"0","jetpack_featured_media_url":"https:\/\/contextoanalisisperiodistico.com\/wp-content\/uploads\/2023\/08\/IMG-20230823-WA0069.jpg","_links":{"self":[{"href":"https:\/\/contextoanalisisperiodistico.com\/index.php\/wp-json\/wp\/v2\/posts\/17741"}],"collection":[{"href":"https:\/\/contextoanalisisperiodistico.com\/index.php\/wp-json\/wp\/v2\/posts"}],"about":[{"href":"https:\/\/contextoanalisisperiodistico.com\/index.php\/wp-json\/wp\/v2\/types\/post"}],"author":[{"embeddable":true,"href":"https:\/\/contextoanalisisperiodistico.com\/index.php\/wp-json\/wp\/v2\/users\/4"}],"replies":[{"embeddable":true,"href":"https:\/\/contextoanalisisperiodistico.com\/index.php\/wp-json\/wp\/v2\/comments?post=17741"}],"version-history":[{"count":1,"href":"https:\/\/contextoanalisisperiodistico.com\/index.php\/wp-json\/wp\/v2\/posts\/17741\/revisions"}],"predecessor-version":[{"id":17746,"href":"https:\/\/contextoanalisisperiodistico.com\/index.php\/wp-json\/wp\/v2\/posts\/17741\/revisions\/17746"}],"wp:featuredmedia":[{"embeddable":true,"href":"https:\/\/contextoanalisisperiodistico.com\/index.php\/wp-json\/wp\/v2\/media\/17742"}],"wp:attachment":[{"href":"https:\/\/contextoanalisisperiodistico.com\/index.php\/wp-json\/wp\/v2\/media?parent=17741"}],"wp:term":[{"taxonomy":"category","embeddable":true,"href":"https:\/\/contextoanalisisperiodistico.com\/index.php\/wp-json\/wp\/v2\/categories?post=17741"},{"taxonomy":"post_tag","embeddable":true,"href":"https:\/\/contextoanalisisperiodistico.com\/index.php\/wp-json\/wp\/v2\/tags?post=17741"}],"curies":[{"name":"wp","href":"https:\/\/api.w.org\/{rel}","templated":true}]}}