{"id":17689,"date":"2023-08-21T17:45:38","date_gmt":"2023-08-21T23:45:38","guid":{"rendered":"https:\/\/contextoanalisisperiodistico.com\/index.php\/2023\/08\/21\/exige-pan-dejar-de-usar-erario-publico-contra-frente-amplio-por-mexico-y-senadora-galvez\/"},"modified":"2023-08-21T17:45:38","modified_gmt":"2023-08-21T23:45:38","slug":"exige-pan-dejar-de-usar-erario-publico-contra-frente-amplio-por-mexico-y-senadora-galvez","status":"publish","type":"post","link":"https:\/\/contextoanalisisperiodistico.com\/index.php\/2023\/08\/21\/exige-pan-dejar-de-usar-erario-publico-contra-frente-amplio-por-mexico-y-senadora-galvez\/","title":{"rendered":"Exige PAN dejar de usar erario p\u00fablico contra Frente Amplio por M\u00e9xico y Senadora G\u00e1lvez"},"content":{"rendered":"<div id=\"fb-root\"><\/div>\n\n<p>\u00a0<\/p>\n\n\n\n<p>Desde el Comit\u00e9 Directivo Estatal del Partido Acci\u00f3n Nacional exigimos al Gobierno de Oaxaca deje de ocupar los recursos p\u00fablicos del pueblo estatal para denostar al Frente Amplio por M\u00e9xico y particularmente a la senadora X\u00f3chitl G\u00e1lvez, con agresiones y descalificaciones fuera de contexto.<\/p>\n\n\n\n<p>\u00a0La presidenta del PAN en Oaxaca, Perla Woolrich Fern\u00e1ndez consider\u00f3 que es cinismo vergonzoso mentir descaradamente y poner en boca de la senadora palabras ofensivas que no son ciertas contra los pueblos del sur del pa\u00eds.<\/p>\n\n\n\n<p>\u00a0Explic\u00f3: \u00aba la senadora X\u00f3chitl G\u00e1lvez acusaron de calificar de \u201cflojos\u201d a la poblaci\u00f3n del sur del pa\u00eds, totalmente falso, ella ya aclar\u00f3 que sus palabras nunca fueron esas ni el contexto fue el atribuido\u00bb.<\/p>\n\n\n\n<p> Es deplorable que mal informen a la poblaci\u00f3n haciendo uso de la infraestructura y recursos del erario p\u00fablico del Gobierno Estatal, en vez de informar las acciones concretas que hace el mandatario estatal para revertir los graves efectos de la pobreza extrema.<\/p>\n\n\n\n<p>\u00a0Expres\u00f3 que s\u00ed de verdad quiere combatir la corrupci\u00f3n, deber\u00eda rendir cuentas del punto de acuerdo publicado en la Gaceta del Senado de la Rep\u00fablica el 15 de febrero de 2018 (LXIII\/ 3SPO-77-2207\/ 78754), en el que la fracci\u00f3n parlamentaria del PRI, exhort\u00f3 al gobierno de Oaxaca a ampliar las investigaciones y auditor\u00edas a los recursos ejercidos por la Secretar\u00eda de Desarrollo Agropecuario, Pesca y Acuicultura, por el desv\u00edo de\u00a0 mil 200 millones de pesos por parte del entonces Coordinador Estatal de Morena en Oaxaca.<\/p>\n\n\n\n<p><\/p>\n\n\n\n<p>&nbsp;<\/p>\n\n\n\n<p>&nbsp;<\/p>\n\n\n\n<p>&nbsp;<\/p>\n\n\n\n<p>&nbsp;<\/p>\n\n\n\n<p>&nbsp;<\/p>\n\n\n\n<p>&nbsp;<\/p>\n\n\n\n<p>&nbsp;<\/p>\n\n\n\n<p>&nbsp;<\/p>\n\n\n\n<p>&nbsp;<\/p>\n\n\n\n<p>&nbsp;<\/p>\n\n\n\n<p>&nbsp;<\/p>\n\n\n\n<p>&nbsp;<\/p>\n\n\n\n<p>&nbsp;<\/p>\n","protected":false},"excerpt":{"rendered":"<p>\u00a0 Desde el Comit\u00e9 Directivo Estatal del Partido Acci\u00f3n Nacional exigimos al Gobierno de Oaxaca&#8230;<\/p>\n","protected":false},"author":4,"featured_media":17688,"comment_status":"","ping_status":"open","sticky":false,"template":"","format":"standard","meta":{"footnotes":""},"categories":[3],"tags":[],"jetpack_sharing_enabled":true,"featured_image_urls":{"full":["https:\/\/contextoanalisisperiodistico.com\/wp-content\/uploads\/2023\/08\/IMG-20230821-WA0075.jpg",1024,875,false],"thumbnail":["https:\/\/contextoanalisisperiodistico.com\/wp-content\/uploads\/2023\/08\/IMG-20230821-WA0075-150x150.jpg",150,150,true],"medium":["https:\/\/contextoanalisisperiodistico.com\/wp-content\/uploads\/2023\/08\/IMG-20230821-WA0075-300x256.jpg",300,256,true],"medium_large":["https:\/\/contextoanalisisperiodistico.com\/wp-content\/uploads\/2023\/08\/IMG-20230821-WA0075-768x656.jpg",640,547,true],"large":["https:\/\/contextoanalisisperiodistico.com\/wp-content\/uploads\/2023\/08\/IMG-20230821-WA0075.jpg",640,547,false],"1536x1536":["https:\/\/contextoanalisisperiodistico.com\/wp-content\/uploads\/2023\/08\/IMG-20230821-WA0075.jpg",1024,875,false],"2048x2048":["https:\/\/contextoanalisisperiodistico.com\/wp-content\/uploads\/2023\/08\/IMG-20230821-WA0075.jpg",1024,875,false],"covernews-slider-full":["https:\/\/contextoanalisisperiodistico.com\/wp-content\/uploads\/2023\/08\/IMG-20230821-WA0075-1024x715.jpg",1024,715,true],"covernews-slider-center":["https:\/\/contextoanalisisperiodistico.com\/wp-content\/uploads\/2023\/08\/IMG-20230821-WA0075-800x500.jpg",800,500,true],"covernews-featured":["https:\/\/contextoanalisisperiodistico.com\/wp-content\/uploads\/2023\/08\/IMG-20230821-WA0075.jpg",1024,875,false],"covernews-medium":["https:\/\/contextoanalisisperiodistico.com\/wp-content\/uploads\/2023\/08\/IMG-20230821-WA0075-540x340.jpg",540,340,true],"covernews-medium-square":["https:\/\/contextoanalisisperiodistico.com\/wp-content\/uploads\/2023\/08\/IMG-20230821-WA0075-400x250.jpg",400,250,true]},"author_info":{"display_name":"Mario Gir\u00f3n","author_link":"https:\/\/contextoanalisisperiodistico.com\/index.php\/author\/director\/"},"category_info":"<a href=\"https:\/\/contextoanalisisperiodistico.com\/index.php\/category\/ciudad\/\" rel=\"category tag\">Ciudad<\/a>","tag_info":"Ciudad","comment_count":"0","jetpack_featured_media_url":"https:\/\/contextoanalisisperiodistico.com\/wp-content\/uploads\/2023\/08\/IMG-20230821-WA0075.jpg","_links":{"self":[{"href":"https:\/\/contextoanalisisperiodistico.com\/index.php\/wp-json\/wp\/v2\/posts\/17689"}],"collection":[{"href":"https:\/\/contextoanalisisperiodistico.com\/index.php\/wp-json\/wp\/v2\/posts"}],"about":[{"href":"https:\/\/contextoanalisisperiodistico.com\/index.php\/wp-json\/wp\/v2\/types\/post"}],"author":[{"embeddable":true,"href":"https:\/\/contextoanalisisperiodistico.com\/index.php\/wp-json\/wp\/v2\/users\/4"}],"replies":[{"embeddable":true,"href":"https:\/\/contextoanalisisperiodistico.com\/index.php\/wp-json\/wp\/v2\/comments?post=17689"}],"version-history":[{"count":0,"href":"https:\/\/contextoanalisisperiodistico.com\/index.php\/wp-json\/wp\/v2\/posts\/17689\/revisions"}],"wp:featuredmedia":[{"embeddable":true,"href":"https:\/\/contextoanalisisperiodistico.com\/index.php\/wp-json\/wp\/v2\/media\/17688"}],"wp:attachment":[{"href":"https:\/\/contextoanalisisperiodistico.com\/index.php\/wp-json\/wp\/v2\/media?parent=17689"}],"wp:term":[{"taxonomy":"category","embeddable":true,"href":"https:\/\/contextoanalisisperiodistico.com\/index.php\/wp-json\/wp\/v2\/categories?post=17689"},{"taxonomy":"post_tag","embeddable":true,"href":"https:\/\/contextoanalisisperiodistico.com\/index.php\/wp-json\/wp\/v2\/tags?post=17689"}],"curies":[{"name":"wp","href":"https:\/\/api.w.org\/{rel}","templated":true}]}}