{"id":17625,"date":"2023-08-19T20:37:01","date_gmt":"2023-08-20T02:37:01","guid":{"rendered":"https:\/\/contextoanalisisperiodistico.com\/?p=17625"},"modified":"2023-08-19T20:37:12","modified_gmt":"2023-08-20T02:37:12","slug":"apoya-sectur-realizacion-del-xx-rally-sierra-juarez-2023","status":"publish","type":"post","link":"https:\/\/contextoanalisisperiodistico.com\/index.php\/2023\/08\/19\/apoya-sectur-realizacion-del-xx-rally-sierra-juarez-2023\/","title":{"rendered":"Apoya Sectur realizaci\u00f3n del XX Rally Sierra Ju\u00e1rez 2023"},"content":{"rendered":"<div id=\"fb-root\"><\/div>\n\n<p>\u2022 La competencia cumple 20 a\u00f1os realiz\u00e1ndose de manera ininterrumpida y es puntuable para el Campeonato Mexicano de Rallies de Velocidad; se llevar\u00e1 a cabo los d\u00edas 24, 25 y 26 de agosto<\/p>\n\n\n\n<figure class=\"wp-block-image size-large\"><img fetchpriority=\"high\" decoding=\"async\" width=\"792\" height=\"612\" src=\"https:\/\/contextoanalisisperiodistico.com\/wp-content\/uploads\/2023\/08\/img-20230819-wa01038483487994067094917.jpg\" alt=\"\" class=\"wp-image-17627\" srcset=\"https:\/\/contextoanalisisperiodistico.com\/wp-content\/uploads\/2023\/08\/img-20230819-wa01038483487994067094917.jpg 792w, https:\/\/contextoanalisisperiodistico.com\/wp-content\/uploads\/2023\/08\/img-20230819-wa01038483487994067094917-300x232.jpg 300w, https:\/\/contextoanalisisperiodistico.com\/wp-content\/uploads\/2023\/08\/img-20230819-wa01038483487994067094917-768x593.jpg 768w\" sizes=\"(max-width: 792px) 100vw, 792px\" \/><\/figure>\n\n\n\n<figure class=\"wp-block-image\"><img decoding=\"async\" width=\"1024\" height=\"682\" src=\"https:\/\/contextoanalisisperiodistico.com\/wp-content\/uploads\/2023\/08\/img-20230819-wa01008076287522319306274-1024x682.jpg\" alt=\"\" class=\"wp-image-17629\" srcset=\"https:\/\/contextoanalisisperiodistico.com\/wp-content\/uploads\/2023\/08\/img-20230819-wa01008076287522319306274-1024x682.jpg 1024w, https:\/\/contextoanalisisperiodistico.com\/wp-content\/uploads\/2023\/08\/img-20230819-wa01008076287522319306274-300x200.jpg 300w, https:\/\/contextoanalisisperiodistico.com\/wp-content\/uploads\/2023\/08\/img-20230819-wa01008076287522319306274-768x512.jpg 768w, https:\/\/contextoanalisisperiodistico.com\/wp-content\/uploads\/2023\/08\/img-20230819-wa01008076287522319306274-1536x1023.jpg 1536w, https:\/\/contextoanalisisperiodistico.com\/wp-content\/uploads\/2023\/08\/img-20230819-wa01008076287522319306274.jpg 1600w\" sizes=\"(max-width: 1024px) 100vw, 1024px\" \/><\/figure>\n\n\n\n<figure class=\"wp-block-image\"><img decoding=\"async\" width=\"1024\" height=\"682\" src=\"https:\/\/contextoanalisisperiodistico.com\/wp-content\/uploads\/2023\/08\/img-20230819-wa00982037904302367777598-1024x682.jpg\" alt=\"\" class=\"wp-image-17628\" srcset=\"https:\/\/contextoanalisisperiodistico.com\/wp-content\/uploads\/2023\/08\/img-20230819-wa00982037904302367777598-1024x682.jpg 1024w, https:\/\/contextoanalisisperiodistico.com\/wp-content\/uploads\/2023\/08\/img-20230819-wa00982037904302367777598-300x200.jpg 300w, https:\/\/contextoanalisisperiodistico.com\/wp-content\/uploads\/2023\/08\/img-20230819-wa00982037904302367777598-768x512.jpg 768w, https:\/\/contextoanalisisperiodistico.com\/wp-content\/uploads\/2023\/08\/img-20230819-wa00982037904302367777598-1536x1023.jpg 1536w, https:\/\/contextoanalisisperiodistico.com\/wp-content\/uploads\/2023\/08\/img-20230819-wa00982037904302367777598.jpg 1600w\" sizes=\"(max-width: 1024px) 100vw, 1024px\" \/><\/figure>\n\n\n\n<p>Oaxaca de Ju\u00e1rez, Oax. 19 de agosto de 2023.- La Secretar\u00eda de Turismo del Estado de Oaxaca (Sectur) extern\u00f3 a trav\u00e9s de una conferencia de prensa su apoyo al XX Rally Sierra Ju\u00e1rez 2023 que se realizar\u00e1 los d\u00edas 24, 25 y 26 de agosto, en el marco de la quinta fecha del Campeonato Mexicano de Rallies de Velocidad 2023 y del NACAM Rally Championship, en los que participar\u00e1n pilotos de varios estados del pa\u00eds con m\u00e1s de 25 tripulaciones.<\/p>\n\n\n\n<p>Esta competencia representar\u00e1 una importante ventana de promoci\u00f3n para el estado, ya que atraer\u00e1 segmentos de turismo deportivo y automovil\u00edstico, lo cual generar\u00e1 beneficios a las comunidades y municipios en los que se desarrollar\u00e1 la carrera.<\/p>\n\n\n\n<p>Durante el evento, la Sectur, los dirigentes del Oaxaca Autom\u00f3vil Club, Francisco Javier Franco Ziga, Jorge Reyes Barrera, Orlando Oda Woorlich y los pilotos oaxaque\u00f1os Daniel Hern\u00e1ndez, Juan Carlos Undiano y Jes\u00fas Garc\u00eda, revelaron el poster oficial de la XX edici\u00f3n. Asimismo, informaron que el rally iniciar\u00e1 su primera etapa de velocidad en el kil\u00f3metro 4 + 400 en la Carretera Federal 179 que abarca San Pablo Villa de Mitla, San Pedro y San Pablo Ayutla.<\/p>\n\n\n\n<p>Jacinto Ortiz agradeci\u00f3 a Franco Ziga la invitaci\u00f3n a la Sectur para participar en la realizaci\u00f3n del rally y destac\u00f3 por instrucci\u00f3n de la titular de la dependencia Saymi Pineda Velasco, coordinar con las dependencias de seguridad y auxilio un operativo para garantizar la ejecuci\u00f3n de la competencia en las mejores condiciones.<\/p>\n\n\n\n<p>La prueba deportiva de velocidad y resistencia para veh\u00edculos de competencia se llevar\u00e1 a cabo en los Valles Centrales, al partir en la Villa de Mitla con arribo a la Laguna y al pasar por San Lorenzo Albarradas y Santa Mar\u00eda Albarradas.<\/p>\n\n\n\n<p>El Rally Sierra Ju\u00e1rez ha logrado reconocimiento por la Federaci\u00f3n Internacional de Automovilismo, la Comisi\u00f3n Nacional de Rallies de M\u00e9xico y la Federaci\u00f3n Mexicana de Automovilismo Deportivo, por lo que representa un atractivo tur\u00edstico para el p\u00fablico del deporte automotor.<\/p>\n\n\n\n<p>Adem\u00e1s, recorre kil\u00f3metros divididos en varios tramos, cronometrados y en carretera cerrada al tr\u00e1fico vehicular de la poblaci\u00f3n, por lo cual la tripulaci\u00f3n que recorra los tramos en el menor tiempo posible ser\u00e1 la ganadora.<\/p>\n\n\n\n<p>El d\u00eda 24 de agosto por la noche se realizar\u00e1 el programa de inicio simb\u00f3lico en la calle de Macedonio Alcal\u00e1, donde se montar\u00e1 una rampa y el arco de salida, en cuyo acto se presentar\u00e1n las tripulaciones participantes con sus unidades de motor.<\/p>\n\n\n\n<p>Este evento tendr\u00e1 una afluencia aproximada de 225 a 270 personas entre tripulaciones, personal de apoyo y mec\u00e1nicos, por lo que se espera una importante derrama econ\u00f3mica para el estado y las diversas comunidades cercanas, en el ramo hotelero, restaurantero y artesanal.<\/p>\n\n\n\n<p>La carrera comprender\u00e1 ocho etapas cronometradas con 235.83 kil\u00f3metros e iniciar\u00e1 actividades el jueves 24 de agosto con los reconocimientos controlados a partir de las 8:30 horas. Mientras que el viernes 25 a las 20:00 horas se realizar\u00e1 la firma de aut\u00f3grafos y sesiones fotogr\u00e1ficas, seguido del acto ceremonial de inicio en la calle de Macedonio Alcal\u00e1 frente a la iglesia de Santo Domingo de Guzm\u00e1n.<\/p>\n\n\n\n<p>Finalmente, el domingo 26 de agosto empezar\u00e1n las actividades en el parque cerrado del z\u00f3calo de la Villa de Mitla, con la salida del primer auto a las 9:00 horas y se estima que a las 16:15 horas se realice la celebraci\u00f3n del p\u00f3dium en el arco de meta.<\/p>\n\n\n\n<p><\/p>\n","protected":false},"excerpt":{"rendered":"<p>\u2022 La competencia cumple 20 a\u00f1os realiz\u00e1ndose de manera ininterrumpida y es puntuable para el&#8230;<\/p>\n","protected":false},"author":4,"featured_media":17626,"comment_status":"closed","ping_status":"open","sticky":false,"template":"","format":"standard","meta":{"footnotes":""},"categories":[9],"tags":[],"jetpack_sharing_enabled":true,"featured_image_urls":{"full":["https:\/\/contextoanalisisperiodistico.com\/wp-content\/uploads\/2023\/08\/IMG-20230819-WA0099.jpg",1600,1066,false],"thumbnail":["https:\/\/contextoanalisisperiodistico.com\/wp-content\/uploads\/2023\/08\/IMG-20230819-WA0099-150x150.jpg",150,150,true],"medium":["https:\/\/contextoanalisisperiodistico.com\/wp-content\/uploads\/2023\/08\/IMG-20230819-WA0099-300x200.jpg",300,200,true],"medium_large":["https:\/\/contextoanalisisperiodistico.com\/wp-content\/uploads\/2023\/08\/IMG-20230819-WA0099-768x512.jpg",640,427,true],"large":["https:\/\/contextoanalisisperiodistico.com\/wp-content\/uploads\/2023\/08\/IMG-20230819-WA0099-1024x682.jpg",640,426,true],"1536x1536":["https:\/\/contextoanalisisperiodistico.com\/wp-content\/uploads\/2023\/08\/IMG-20230819-WA0099-1536x1023.jpg",1536,1023,true],"2048x2048":["https:\/\/contextoanalisisperiodistico.com\/wp-content\/uploads\/2023\/08\/IMG-20230819-WA0099.jpg",1600,1066,false],"covernews-slider-full":["https:\/\/contextoanalisisperiodistico.com\/wp-content\/uploads\/2023\/08\/IMG-20230819-WA0099-1115x715.jpg",1115,715,true],"covernews-slider-center":["https:\/\/contextoanalisisperiodistico.com\/wp-content\/uploads\/2023\/08\/IMG-20230819-WA0099-800x500.jpg",800,500,true],"covernews-featured":["https:\/\/contextoanalisisperiodistico.com\/wp-content\/uploads\/2023\/08\/IMG-20230819-WA0099-1024x682.jpg",1024,682,true],"covernews-medium":["https:\/\/contextoanalisisperiodistico.com\/wp-content\/uploads\/2023\/08\/IMG-20230819-WA0099-540x340.jpg",540,340,true],"covernews-medium-square":["https:\/\/contextoanalisisperiodistico.com\/wp-content\/uploads\/2023\/08\/IMG-20230819-WA0099-400x250.jpg",400,250,true]},"author_info":{"display_name":"Mario Gir\u00f3n","author_link":"https:\/\/contextoanalisisperiodistico.com\/index.php\/author\/director\/"},"category_info":"<a href=\"https:\/\/contextoanalisisperiodistico.com\/index.php\/category\/politica\/\" rel=\"category tag\">Pol\u00edtica<\/a>","tag_info":"Pol\u00edtica","comment_count":"0","jetpack_featured_media_url":"https:\/\/contextoanalisisperiodistico.com\/wp-content\/uploads\/2023\/08\/IMG-20230819-WA0099.jpg","_links":{"self":[{"href":"https:\/\/contextoanalisisperiodistico.com\/index.php\/wp-json\/wp\/v2\/posts\/17625"}],"collection":[{"href":"https:\/\/contextoanalisisperiodistico.com\/index.php\/wp-json\/wp\/v2\/posts"}],"about":[{"href":"https:\/\/contextoanalisisperiodistico.com\/index.php\/wp-json\/wp\/v2\/types\/post"}],"author":[{"embeddable":true,"href":"https:\/\/contextoanalisisperiodistico.com\/index.php\/wp-json\/wp\/v2\/users\/4"}],"replies":[{"embeddable":true,"href":"https:\/\/contextoanalisisperiodistico.com\/index.php\/wp-json\/wp\/v2\/comments?post=17625"}],"version-history":[{"count":1,"href":"https:\/\/contextoanalisisperiodistico.com\/index.php\/wp-json\/wp\/v2\/posts\/17625\/revisions"}],"predecessor-version":[{"id":17630,"href":"https:\/\/contextoanalisisperiodistico.com\/index.php\/wp-json\/wp\/v2\/posts\/17625\/revisions\/17630"}],"wp:featuredmedia":[{"embeddable":true,"href":"https:\/\/contextoanalisisperiodistico.com\/index.php\/wp-json\/wp\/v2\/media\/17626"}],"wp:attachment":[{"href":"https:\/\/contextoanalisisperiodistico.com\/index.php\/wp-json\/wp\/v2\/media?parent=17625"}],"wp:term":[{"taxonomy":"category","embeddable":true,"href":"https:\/\/contextoanalisisperiodistico.com\/index.php\/wp-json\/wp\/v2\/categories?post=17625"},{"taxonomy":"post_tag","embeddable":true,"href":"https:\/\/contextoanalisisperiodistico.com\/index.php\/wp-json\/wp\/v2\/tags?post=17625"}],"curies":[{"name":"wp","href":"https:\/\/api.w.org\/{rel}","templated":true}]}}