{"id":17622,"date":"2023-08-19T20:30:21","date_gmt":"2023-08-20T02:30:21","guid":{"rendered":"https:\/\/contextoanalisisperiodistico.com\/?p=17622"},"modified":"2023-08-19T20:30:56","modified_gmt":"2023-08-20T02:30:56","slug":"auxilia-proteccion-civil-a-migrantes-ecuatorianos-accidentados-en-magdalena-tequisistlan","status":"publish","type":"post","link":"https:\/\/contextoanalisisperiodistico.com\/index.php\/2023\/08\/19\/auxilia-proteccion-civil-a-migrantes-ecuatorianos-accidentados-en-magdalena-tequisistlan\/","title":{"rendered":"Auxilia Protecci\u00f3n Civil a migrantes ecuatorianos accidentados en Magdalena Tequisistl\u00e1n"},"content":{"rendered":"<div id=\"fb-root\"><\/div>\n\n<p>Oaxaca de Ju\u00e1rez, Oax., 19 de agosto de 2023.- La Coordinaci\u00f3n Estatal de Protecci\u00f3n Civil y Gesti\u00f3n de Riesgos (CEPCyGR), a trav\u00e9s de la Delegaci\u00f3n Regional en el Istmo de Tehuantepec, activ\u00f3 un protocolo de seguridad e intervino ante un accidente carretero ocurrido en el municipio de Magdalena Tequisistl\u00e1n en la regi\u00f3n del Istmo de Tehuantepec.<\/p>\n\n\n\n<p>Los hechos ocurrieron la ma\u00f1ana de este s\u00e1bado a la altura del kil\u00f3metro 194 + 500 de la carretera federal 190, tramo Oaxaca &#8211; Tehuantepec.<\/p>\n\n\n\n<p>De forma inmediata, personal de la Delegaci\u00f3n Regional de la CEPCyGR se traslad\u00f3 al lugar del percance para brindar apoyo a las personas que resultaron lesionadas.<\/p>\n\n\n\n<p>A su arribo, las y los funcionarios observaron que un veh\u00edculo se incendiaba.<\/p>\n\n\n\n<p>El saldo preliminar de este percance es de 17 personas lesionadas, todas ellas de nacionalidad ecuatoriana, por lo que se presume podr\u00eda tratarse de migrantes.<\/p>\n\n\n\n<p>El personal de Protecci\u00f3n Civil colabor\u00f3 con las corporaciones polic\u00edacas municipales, as\u00ed como con personal del Instituto Nacional de Migraci\u00f3n (INM) para auxiliar a las personas.<\/p>\n\n\n\n<p>Las lesionadas y lesionados fueron trasladados a hospitales de la zona para recibir atenci\u00f3n m\u00e9dica.<\/p>\n\n\n\n<p>Por instrucciones del Gobernador Salom\u00f3n Jara Cruz, la CEPCyGR brinda atenci\u00f3n en casos de desastres y accidentes y refrenda su compromiso de estar al servicio de la poblaci\u00f3n.<\/p>\n\n\n\n<p><\/p>\n","protected":false},"excerpt":{"rendered":"<p>Oaxaca de Ju\u00e1rez, Oax., 19 de agosto de 2023.- La Coordinaci\u00f3n Estatal de Protecci\u00f3n Civil&#8230;<\/p>\n","protected":false},"author":4,"featured_media":17623,"comment_status":"closed","ping_status":"open","sticky":false,"template":"","format":"standard","meta":{"footnotes":""},"categories":[9],"tags":[],"jetpack_sharing_enabled":true,"featured_image_urls":{"full":["https:\/\/contextoanalisisperiodistico.com\/wp-content\/uploads\/2023\/08\/IMG-20230819-WA0093.jpg",1218,844,false],"thumbnail":["https:\/\/contextoanalisisperiodistico.com\/wp-content\/uploads\/2023\/08\/IMG-20230819-WA0093-150x150.jpg",150,150,true],"medium":["https:\/\/contextoanalisisperiodistico.com\/wp-content\/uploads\/2023\/08\/IMG-20230819-WA0093-300x208.jpg",300,208,true],"medium_large":["https:\/\/contextoanalisisperiodistico.com\/wp-content\/uploads\/2023\/08\/IMG-20230819-WA0093-768x532.jpg",640,443,true],"large":["https:\/\/contextoanalisisperiodistico.com\/wp-content\/uploads\/2023\/08\/IMG-20230819-WA0093-1024x710.jpg",640,444,true],"1536x1536":["https:\/\/contextoanalisisperiodistico.com\/wp-content\/uploads\/2023\/08\/IMG-20230819-WA0093.jpg",1218,844,false],"2048x2048":["https:\/\/contextoanalisisperiodistico.com\/wp-content\/uploads\/2023\/08\/IMG-20230819-WA0093.jpg",1218,844,false],"covernews-slider-full":["https:\/\/contextoanalisisperiodistico.com\/wp-content\/uploads\/2023\/08\/IMG-20230819-WA0093-1115x715.jpg",1115,715,true],"covernews-slider-center":["https:\/\/contextoanalisisperiodistico.com\/wp-content\/uploads\/2023\/08\/IMG-20230819-WA0093-800x500.jpg",800,500,true],"covernews-featured":["https:\/\/contextoanalisisperiodistico.com\/wp-content\/uploads\/2023\/08\/IMG-20230819-WA0093-1024x710.jpg",1024,710,true],"covernews-medium":["https:\/\/contextoanalisisperiodistico.com\/wp-content\/uploads\/2023\/08\/IMG-20230819-WA0093-540x340.jpg",540,340,true],"covernews-medium-square":["https:\/\/contextoanalisisperiodistico.com\/wp-content\/uploads\/2023\/08\/IMG-20230819-WA0093-400x250.jpg",400,250,true]},"author_info":{"display_name":"Mario Gir\u00f3n","author_link":"https:\/\/contextoanalisisperiodistico.com\/index.php\/author\/director\/"},"category_info":"<a href=\"https:\/\/contextoanalisisperiodistico.com\/index.php\/category\/politica\/\" rel=\"category tag\">Pol\u00edtica<\/a>","tag_info":"Pol\u00edtica","comment_count":"0","jetpack_featured_media_url":"https:\/\/contextoanalisisperiodistico.com\/wp-content\/uploads\/2023\/08\/IMG-20230819-WA0093.jpg","_links":{"self":[{"href":"https:\/\/contextoanalisisperiodistico.com\/index.php\/wp-json\/wp\/v2\/posts\/17622"}],"collection":[{"href":"https:\/\/contextoanalisisperiodistico.com\/index.php\/wp-json\/wp\/v2\/posts"}],"about":[{"href":"https:\/\/contextoanalisisperiodistico.com\/index.php\/wp-json\/wp\/v2\/types\/post"}],"author":[{"embeddable":true,"href":"https:\/\/contextoanalisisperiodistico.com\/index.php\/wp-json\/wp\/v2\/users\/4"}],"replies":[{"embeddable":true,"href":"https:\/\/contextoanalisisperiodistico.com\/index.php\/wp-json\/wp\/v2\/comments?post=17622"}],"version-history":[{"count":1,"href":"https:\/\/contextoanalisisperiodistico.com\/index.php\/wp-json\/wp\/v2\/posts\/17622\/revisions"}],"predecessor-version":[{"id":17624,"href":"https:\/\/contextoanalisisperiodistico.com\/index.php\/wp-json\/wp\/v2\/posts\/17622\/revisions\/17624"}],"wp:featuredmedia":[{"embeddable":true,"href":"https:\/\/contextoanalisisperiodistico.com\/index.php\/wp-json\/wp\/v2\/media\/17623"}],"wp:attachment":[{"href":"https:\/\/contextoanalisisperiodistico.com\/index.php\/wp-json\/wp\/v2\/media?parent=17622"}],"wp:term":[{"taxonomy":"category","embeddable":true,"href":"https:\/\/contextoanalisisperiodistico.com\/index.php\/wp-json\/wp\/v2\/categories?post=17622"},{"taxonomy":"post_tag","embeddable":true,"href":"https:\/\/contextoanalisisperiodistico.com\/index.php\/wp-json\/wp\/v2\/tags?post=17622"}],"curies":[{"name":"wp","href":"https:\/\/api.w.org\/{rel}","templated":true}]}}